{"id":9381,"date":"2019-04-05T15:01:55","date_gmt":"2019-04-05T13:01:55","guid":{"rendered":"https:\/\/www.tunews24.it\/ilcorrieredellaprovincia\/?p=9381"},"modified":"2019-04-05T15:01:55","modified_gmt":"2019-04-05T13:01:55","slug":"dalla-medicina-dattesa-alla-medicina-diniziativa","status":"publish","type":"post","link":"https:\/\/www.tunews24.it\/ilcorrieredellaprovincia\/2019\/04\/05\/dalla-medicina-dattesa-alla-medicina-diniziativa\/","title":{"rendered":"Dalla medicina d&#8217;attesa alla medicina d&#8217;iniziativa"},"content":{"rendered":"<p>Dalla medicina d&#8217;attesa alla medicina d&#8217;iniziativa. Questo il tema del XVI sedicesimo congresso della Scuola di Formazione in medicina di famiglia e del VII congresso regionale Fimmg-Lazio.<strong> L&#8217;appuntamento \u00e8 per il 6 e 7 aprile all&#8217;Hotel Fontana Olente di Ferentino<\/strong>. L&#8217;apertura dei lavori \u00e8 prevista alle ore 8. Numerosi i relatori.<\/p>\n<h2>La finalit\u00e0<\/h2>\n<p>&#8220;Siamo alle porte di un<strong> imponente ricambio generazionale<\/strong> all\u2019interno del sistema sanitario nazioanle &#8211; speigano gli organizzatori &#8211; ed in particolare della medicina di famiglia, che dovr\u00e0 cogliere l\u2019opportunit\u00e0 per una riorganizzazione che, prendendo il buono di quanto fin qui fatto, non potr\u00e0 che proiettarsi in un futuro in continua evoluzione. Compito non facile ma necessario per la salvaguardia del sistema sanitario nazioanle&#8221;.<\/p>\n<h2>L&#8217;analisi<\/h2>\n<p>&#8220;L\u2019invecchiamento della popolazione ed il conseguente aumento delle patologie croniche &#8211; aggiungono &#8211; rendono necessaria una presa in carico da parte del medico di famiglia, cos\u00ec come l<strong>\u2019aumento della fragilit\u00e0 richiede una domiciliarizzazione delle cure,<\/strong> che non pu\u00f2 e non deve prescindere dalla medicina di famiglia, la cui centralit\u00e0, per\u00f2, non pu\u00f2 esaurirsi qui, si corre il rischio di prendersi cura dei nonni, tralasciando i figli ed i nipoti, che, di fatto, costituiscono la maggioranza della popolazione, bench\u00e9 la percezione sia diversa, realizzando una medicina di iniziativa che dovr\u00e0 diventare la mission principale del medico di famiglia&#8221;.<\/p>\n<h2>L&#8217;importanza del medico di famiglia<\/h2>\n<p>&#8220;La conoscenza del contesto familiare, sociale, lavorativo del cittadino &#8211; evidenziano &#8211;\u00a0 rende <strong>il medico di famiglia figura centrale ed unica nell\u2019ambito del servizio sanitario nazionale<\/strong> per la realizzazione di percorsi di prevenzione, indispensabili per una Sanit\u00e0 che sia efficiente, efficace, equa, appropriata e sostenibile.\u00a0 A tal fine le associazioni della medicina generale devono essere potenziate ed avvalersi della collaborazione di collaboratori di studio, di infermieri di studio e di altri operatori sanitari a seconda delle caratteristiche del territorio in cui le associazioni operano, senza mai snaturare il rapporto di fiducia, che rimane la colonna portante della medicina di famiglia&#8221;.<\/p>\n<h2>Le nuove tecnologie<\/h2>\n<p>&#8220;Occorre <strong>una rete informatica<\/strong> che renda possibile lo scambio di informazioni tra i presidi, la telemedicina per erogare prestazioni sanitarie e socio-sanitarie sono strumenti indispensabili per garantire una equit\u00e0 di accesso alle cure, un supporto di gestione alla cronicit\u00e0, la possibilit\u00e0 di accedere all\u2019alta specializzazione, una migliore continuit\u00e0 della cura attraverso un confronto multidisciplinare ed un supporto per i servizi di emergenza- urgenza.\u00a0 Le nuove tecnologie possono dare un valido aiuto, sempre per\u00f2 nella consapevolezza che la componente umana non pu\u00f2 essere alienata dalla tecnologia.<\/p>\n<h2>Sfida da vincere<\/h2>\n<p>&#8220;Le sfide sono ingenti ma non impossibili e sicuramente i medici che si affacciano alla professione sono in grado di affrontarle con il supporto di quelli che li hanno preceduti, con il loro know-how ed il forte desiderio di vedere una medicina di famiglia protagonista in u<strong>n servizio sanitario nazionale assolutamente da preservare<\/strong>&#8220;.<\/p>\n<p><a href=\"https:\/\/www.tunews24.it\/ilcorrieredellaprovincia\/wp-content\/uploads\/sites\/2\/2019\/04\/locandina-fimg.pdf\"><img loading=\"lazy\" decoding=\"async\" class=\"aligncenter wp-image-9385\" src=\"https:\/\/www.tunews24.it\/ilcorrieredellaprovincia\/wp-content\/uploads\/sites\/2\/2019\/04\/congresso-medici.jpg\" alt=\"congresso medici di famiglia ferentino fontana olete terme pompeo il corriere della provincia frosinone ciociaria\" width=\"632\" height=\"903\" srcset=\"https:\/\/www.tunews24.it\/ilcorrieredellaprovincia\/wp-content\/uploads\/sites\/2\/2019\/04\/congresso-medici.jpg 496w, https:\/\/www.tunews24.it\/ilcorrieredellaprovincia\/wp-content\/uploads\/sites\/2\/2019\/04\/congresso-medici-210x300.jpg 210w\" sizes=\"auto, (max-width: 632px) 100vw, 632px\" \/><\/a><\/p>\n","protected":false},"excerpt":{"rendered":"<p>Dalla medicina d&#8217;attesa alla medicina d&#8217;iniziativa. Questo il tema del XVI sedicesimo congresso della Scuola di Formazione in medicina di<\/p>\n","protected":false},"author":18,"featured_media":9383,"comment_status":"open","ping_status":"open","sticky":false,"template":"","format":"standard","meta":{"footnotes":""},"categories":[1,11],"tags":[3430,3429,1504,3431,3432],"class_list":["post-9381","post","type-post","status-publish","format-standard","has-post-thumbnail","hentry","category-news","category-salute","tag-ferentino-fontana-olente","tag-fimmg","tag-medici-di-famiglia","tag-scuola-di-formazione-in-medicina-di-famiglia","tag-vii-congresso-regionale-fimmg-lazio"],"yoast_head":"<!-- This site is optimized with the Yoast SEO plugin v23.9 - https:\/\/yoast.com\/wordpress\/plugins\/seo\/ -->\n<title>Dalla medicina d&#039;attesa alla medicina d&#039;iniziativa - IlCorriereDellaProvincia.it - News h24 e notizie di approfondimento<\/title>\n<meta name=\"description\" content=\"L&#039;appuntamento \u00e8 per il 6 e 7 aprile all&#039;Hotel Fontana Olente di Ferentino. L&#039;apertura dei lavori \u00e8 prevista alle ore 8. Numerosi i relatori.\" \/>\n<meta name=\"robots\" content=\"index, follow, max-snippet:-1, max-image-preview:large, max-video-preview:-1\" \/>\n<link rel=\"canonical\" href=\"https:\/\/www.tunews24.it\/ilcorrieredellaprovincia\/2019\/04\/05\/dalla-medicina-dattesa-alla-medicina-diniziativa\/\" \/>\n<meta property=\"og:locale\" content=\"it_IT\" \/>\n<meta property=\"og:type\" content=\"article\" \/>\n<meta property=\"og:title\" content=\"Dalla medicina d&#039;attesa alla medicina d&#039;iniziativa - IlCorriereDellaProvincia.it - News h24 e notizie di approfondimento\" \/>\n<meta property=\"og:description\" content=\"L&#039;appuntamento \u00e8 per il 6 e 7 aprile all&#039;Hotel Fontana Olente di Ferentino. L&#039;apertura dei lavori \u00e8 prevista alle ore 8. Numerosi i relatori.\" \/>\n<meta property=\"og:url\" content=\"https:\/\/www.tunews24.it\/ilcorrieredellaprovincia\/2019\/04\/05\/dalla-medicina-dattesa-alla-medicina-diniziativa\/\" \/>\n<meta property=\"og:site_name\" content=\"IlCorriereDellaProvincia.it - News h24 e notizie di approfondimento\" \/>\n<meta property=\"article:author\" content=\"www.facebook.com\/tunews24\" \/>\n<meta property=\"article:published_time\" content=\"2019-04-05T13:01:55+00:00\" \/>\n<meta property=\"og:image\" content=\"https:\/\/www.tunews24.it\/ilcorrieredellaprovincia\/wp-content\/uploads\/sites\/2\/2019\/04\/locandina-medici-bis.jpg\" \/>\n\t<meta property=\"og:image:width\" content=\"491\" \/>\n\t<meta property=\"og:image:height\" content=\"201\" \/>\n\t<meta property=\"og:image:type\" content=\"image\/jpeg\" \/>\n<meta name=\"author\" content=\"Redazione\" \/>\n<meta name=\"twitter:card\" content=\"summary_large_image\" \/>\n<meta name=\"twitter:label1\" content=\"Scritto da\" \/>\n\t<meta name=\"twitter:data1\" content=\"Redazione\" \/>\n\t<meta name=\"twitter:label2\" content=\"Tempo di lettura stimato\" \/>\n\t<meta name=\"twitter:data2\" content=\"2 minuti\" \/>\n<script type=\"application\/ld+json\" class=\"yoast-schema-graph\">{\"@context\":\"https:\/\/schema.org\",\"@graph\":[{\"@type\":\"Article\",\"@id\":\"https:\/\/www.tunews24.it\/ilcorrieredellaprovincia\/2019\/04\/05\/dalla-medicina-dattesa-alla-medicina-diniziativa\/#article\",\"isPartOf\":{\"@id\":\"https:\/\/www.tunews24.it\/ilcorrieredellaprovincia\/2019\/04\/05\/dalla-medicina-dattesa-alla-medicina-diniziativa\/\"},\"author\":{\"name\":\"Redazione\",\"@id\":\"https:\/\/www.tunews24.it\/ilcorrieredellaprovincia\/#\/schema\/person\/6d7f0a9120d0c03d0c552e9fdf49ed7d\"},\"headline\":\"Dalla medicina d&#8217;attesa alla medicina d&#8217;iniziativa\",\"datePublished\":\"2019-04-05T13:01:55+00:00\",\"dateModified\":\"2019-04-05T13:01:55+00:00\",\"mainEntityOfPage\":{\"@id\":\"https:\/\/www.tunews24.it\/ilcorrieredellaprovincia\/2019\/04\/05\/dalla-medicina-dattesa-alla-medicina-diniziativa\/\"},\"wordCount\":479,\"commentCount\":0,\"publisher\":{\"@id\":\"https:\/\/www.tunews24.it\/ilcorrieredellaprovincia\/#organization\"},\"image\":{\"@id\":\"https:\/\/www.tunews24.it\/ilcorrieredellaprovincia\/2019\/04\/05\/dalla-medicina-dattesa-alla-medicina-diniziativa\/#primaryimage\"},\"thumbnailUrl\":\"https:\/\/www.tunews24.it\/ilcorrieredellaprovincia\/wp-content\/uploads\/sites\/2\/2019\/04\/locandina-medici-bis.jpg\",\"keywords\":[\"ferentino Fontana olente\",\"fimmg\",\"medici di famiglia\",\"Scuola di Formazione in medicina di famiglia\",\"VII congresso regionale Fimmg-Lazio\"],\"articleSection\":[\"News\",\"Salute e Benessere\"],\"inLanguage\":\"it-IT\",\"potentialAction\":[{\"@type\":\"CommentAction\",\"name\":\"Comment\",\"target\":[\"https:\/\/www.tunews24.it\/ilcorrieredellaprovincia\/2019\/04\/05\/dalla-medicina-dattesa-alla-medicina-diniziativa\/#respond\"]}]},{\"@type\":\"WebPage\",\"@id\":\"https:\/\/www.tunews24.it\/ilcorrieredellaprovincia\/2019\/04\/05\/dalla-medicina-dattesa-alla-medicina-diniziativa\/\",\"url\":\"https:\/\/www.tunews24.it\/ilcorrieredellaprovincia\/2019\/04\/05\/dalla-medicina-dattesa-alla-medicina-diniziativa\/\",\"name\":\"Dalla medicina d'attesa alla medicina d'iniziativa - IlCorriereDellaProvincia.it - News h24 e notizie di approfondimento\",\"isPartOf\":{\"@id\":\"https:\/\/www.tunews24.it\/ilcorrieredellaprovincia\/#website\"},\"primaryImageOfPage\":{\"@id\":\"https:\/\/www.tunews24.it\/ilcorrieredellaprovincia\/2019\/04\/05\/dalla-medicina-dattesa-alla-medicina-diniziativa\/#primaryimage\"},\"image\":{\"@id\":\"https:\/\/www.tunews24.it\/ilcorrieredellaprovincia\/2019\/04\/05\/dalla-medicina-dattesa-alla-medicina-diniziativa\/#primaryimage\"},\"thumbnailUrl\":\"https:\/\/www.tunews24.it\/ilcorrieredellaprovincia\/wp-content\/uploads\/sites\/2\/2019\/04\/locandina-medici-bis.jpg\",\"datePublished\":\"2019-04-05T13:01:55+00:00\",\"dateModified\":\"2019-04-05T13:01:55+00:00\",\"description\":\"L'appuntamento \u00e8 per il 6 e 7 aprile all'Hotel Fontana Olente di Ferentino. L'apertura dei lavori \u00e8 prevista alle ore 8. Numerosi i relatori.\",\"breadcrumb\":{\"@id\":\"https:\/\/www.tunews24.it\/ilcorrieredellaprovincia\/2019\/04\/05\/dalla-medicina-dattesa-alla-medicina-diniziativa\/#breadcrumb\"},\"inLanguage\":\"it-IT\",\"potentialAction\":[{\"@type\":\"ReadAction\",\"target\":[\"https:\/\/www.tunews24.it\/ilcorrieredellaprovincia\/2019\/04\/05\/dalla-medicina-dattesa-alla-medicina-diniziativa\/\"]}]},{\"@type\":\"ImageObject\",\"inLanguage\":\"it-IT\",\"@id\":\"https:\/\/www.tunews24.it\/ilcorrieredellaprovincia\/2019\/04\/05\/dalla-medicina-dattesa-alla-medicina-diniziativa\/#primaryimage\",\"url\":\"https:\/\/www.tunews24.it\/ilcorrieredellaprovincia\/wp-content\/uploads\/sites\/2\/2019\/04\/locandina-medici-bis.jpg\",\"contentUrl\":\"https:\/\/www.tunews24.it\/ilcorrieredellaprovincia\/wp-content\/uploads\/sites\/2\/2019\/04\/locandina-medici-bis.jpg\",\"width\":491,\"height\":201},{\"@type\":\"BreadcrumbList\",\"@id\":\"https:\/\/www.tunews24.it\/ilcorrieredellaprovincia\/2019\/04\/05\/dalla-medicina-dattesa-alla-medicina-diniziativa\/#breadcrumb\",\"itemListElement\":[{\"@type\":\"ListItem\",\"position\":1,\"name\":\"Home\",\"item\":\"https:\/\/www.tunews24.it\/ilcorrieredellaprovincia\/\"},{\"@type\":\"ListItem\",\"position\":2,\"name\":\"Dalla medicina d&#8217;attesa alla medicina d&#8217;iniziativa\"}]},{\"@type\":\"WebSite\",\"@id\":\"https:\/\/www.tunews24.it\/ilcorrieredellaprovincia\/#website\",\"url\":\"https:\/\/www.tunews24.it\/ilcorrieredellaprovincia\/\",\"name\":\"Il Corriere Delle Provincia\",\"description\":\"IlCorriereDellaProvincia.it, quotidiano web di politica, cronaca, inchiesta, lavoro, scuola, turismo, cultura e spettacolo, economia e finanza, salute e benessere. Approfondimenti e notizie aggiornate con foto e video della provincia di Frosinone ma anche news nazionali, dell\u2019Italia e del Mondo.\",\"publisher\":{\"@id\":\"https:\/\/www.tunews24.it\/ilcorrieredellaprovincia\/#organization\"},\"potentialAction\":[{\"@type\":\"SearchAction\",\"target\":{\"@type\":\"EntryPoint\",\"urlTemplate\":\"https:\/\/www.tunews24.it\/ilcorrieredellaprovincia\/?s={search_term_string}\"},\"query-input\":{\"@type\":\"PropertyValueSpecification\",\"valueRequired\":true,\"valueName\":\"search_term_string\"}}],\"inLanguage\":\"it-IT\"},{\"@type\":\"Organization\",\"@id\":\"https:\/\/www.tunews24.it\/ilcorrieredellaprovincia\/#organization\",\"name\":\"Globalpress s.r.l.\",\"url\":\"https:\/\/www.tunews24.it\/ilcorrieredellaprovincia\/\",\"logo\":{\"@type\":\"ImageObject\",\"inLanguage\":\"it-IT\",\"@id\":\"https:\/\/www.tunews24.it\/ilcorrieredellaprovincia\/#\/schema\/logo\/image\/\",\"url\":\"https:\/\/www.tunews24.it\/ilcorrieredellaprovincia\/wp-content\/uploads\/sites\/2\/2022\/11\/cropped-il-corriere-della-provincia-testata-web-scontornata.png\",\"contentUrl\":\"https:\/\/www.tunews24.it\/ilcorrieredellaprovincia\/wp-content\/uploads\/sites\/2\/2022\/11\/cropped-il-corriere-della-provincia-testata-web-scontornata.png\",\"width\":2911,\"height\":717,\"caption\":\"Globalpress s.r.l.\"},\"image\":{\"@id\":\"https:\/\/www.tunews24.it\/ilcorrieredellaprovincia\/#\/schema\/logo\/image\/\"}},{\"@type\":\"Person\",\"@id\":\"https:\/\/www.tunews24.it\/ilcorrieredellaprovincia\/#\/schema\/person\/6d7f0a9120d0c03d0c552e9fdf49ed7d\",\"name\":\"Redazione\",\"image\":{\"@type\":\"ImageObject\",\"inLanguage\":\"it-IT\",\"@id\":\"https:\/\/www.tunews24.it\/ilcorrieredellaprovincia\/#\/schema\/person\/image\/\",\"url\":\"https:\/\/secure.gravatar.com\/avatar\/b20622a119cb3fa611b12e3ef009da26?s=96&d=mm&r=g\",\"contentUrl\":\"https:\/\/secure.gravatar.com\/avatar\/b20622a119cb3fa611b12e3ef009da26?s=96&d=mm&r=g\",\"caption\":\"Redazione\"},\"description\":\"SEGUICI ANCHE SUI SOCIAL Facebook: TuNews24 e TuSport24 Instagram: TuNews24 e TuSport24 Youtube: TuNews24 Telegram: TuNews24 Puoi leggerci anche in formato cartaceo: il settimanale viene pubblicato e distribuito gratuitamente ogni venerd\u00ec in edicole, bar, centri commerciali e svariati esercizi. Ma \u00e8 possibile anche sfogliarlo comodamente online, cliccando su TU NEWS sfogliabile TU NEWS, PASSIONE PER L\u2019INFORMAZIONE\",\"sameAs\":[\"http:\/\/www.tunews24.it\",\"www.facebook.com\/tunews24\"],\"url\":\"https:\/\/www.tunews24.it\/ilcorrieredellaprovincia\/author\/senzafirma\/\"}]}<\/script>\n<!-- \/ Yoast SEO plugin. -->","yoast_head_json":{"title":"Dalla medicina d'attesa alla medicina d'iniziativa - IlCorriereDellaProvincia.it - News h24 e notizie di approfondimento","description":"L'appuntamento \u00e8 per il 6 e 7 aprile all'Hotel Fontana Olente di Ferentino. L'apertura dei lavori \u00e8 prevista alle ore 8. Numerosi i relatori.","robots":{"index":"index","follow":"follow","max-snippet":"max-snippet:-1","max-image-preview":"max-image-preview:large","max-video-preview":"max-video-preview:-1"},"canonical":"https:\/\/www.tunews24.it\/ilcorrieredellaprovincia\/2019\/04\/05\/dalla-medicina-dattesa-alla-medicina-diniziativa\/","og_locale":"it_IT","og_type":"article","og_title":"Dalla medicina d'attesa alla medicina d'iniziativa - IlCorriereDellaProvincia.it - News h24 e notizie di approfondimento","og_description":"L'appuntamento \u00e8 per il 6 e 7 aprile all'Hotel Fontana Olente di Ferentino. L'apertura dei lavori \u00e8 prevista alle ore 8. Numerosi i relatori.","og_url":"https:\/\/www.tunews24.it\/ilcorrieredellaprovincia\/2019\/04\/05\/dalla-medicina-dattesa-alla-medicina-diniziativa\/","og_site_name":"IlCorriereDellaProvincia.it - News h24 e notizie di approfondimento","article_author":"www.facebook.com\/tunews24","article_published_time":"2019-04-05T13:01:55+00:00","og_image":[{"width":491,"height":201,"url":"https:\/\/www.tunews24.it\/ilcorrieredellaprovincia\/wp-content\/uploads\/sites\/2\/2019\/04\/locandina-medici-bis.jpg","type":"image\/jpeg"}],"author":"Redazione","twitter_card":"summary_large_image","twitter_misc":{"Scritto da":"Redazione","Tempo di lettura stimato":"2 minuti"},"schema":{"@context":"https:\/\/schema.org","@graph":[{"@type":"Article","@id":"https:\/\/www.tunews24.it\/ilcorrieredellaprovincia\/2019\/04\/05\/dalla-medicina-dattesa-alla-medicina-diniziativa\/#article","isPartOf":{"@id":"https:\/\/www.tunews24.it\/ilcorrieredellaprovincia\/2019\/04\/05\/dalla-medicina-dattesa-alla-medicina-diniziativa\/"},"author":{"name":"Redazione","@id":"https:\/\/www.tunews24.it\/ilcorrieredellaprovincia\/#\/schema\/person\/6d7f0a9120d0c03d0c552e9fdf49ed7d"},"headline":"Dalla medicina d&#8217;attesa alla medicina d&#8217;iniziativa","datePublished":"2019-04-05T13:01:55+00:00","dateModified":"2019-04-05T13:01:55+00:00","mainEntityOfPage":{"@id":"https:\/\/www.tunews24.it\/ilcorrieredellaprovincia\/2019\/04\/05\/dalla-medicina-dattesa-alla-medicina-diniziativa\/"},"wordCount":479,"commentCount":0,"publisher":{"@id":"https:\/\/www.tunews24.it\/ilcorrieredellaprovincia\/#organization"},"image":{"@id":"https:\/\/www.tunews24.it\/ilcorrieredellaprovincia\/2019\/04\/05\/dalla-medicina-dattesa-alla-medicina-diniziativa\/#primaryimage"},"thumbnailUrl":"https:\/\/www.tunews24.it\/ilcorrieredellaprovincia\/wp-content\/uploads\/sites\/2\/2019\/04\/locandina-medici-bis.jpg","keywords":["ferentino Fontana olente","fimmg","medici di famiglia","Scuola di Formazione in medicina di famiglia","VII congresso regionale Fimmg-Lazio"],"articleSection":["News","Salute e Benessere"],"inLanguage":"it-IT","potentialAction":[{"@type":"CommentAction","name":"Comment","target":["https:\/\/www.tunews24.it\/ilcorrieredellaprovincia\/2019\/04\/05\/dalla-medicina-dattesa-alla-medicina-diniziativa\/#respond"]}]},{"@type":"WebPage","@id":"https:\/\/www.tunews24.it\/ilcorrieredellaprovincia\/2019\/04\/05\/dalla-medicina-dattesa-alla-medicina-diniziativa\/","url":"https:\/\/www.tunews24.it\/ilcorrieredellaprovincia\/2019\/04\/05\/dalla-medicina-dattesa-alla-medicina-diniziativa\/","name":"Dalla medicina d'attesa alla medicina d'iniziativa - IlCorriereDellaProvincia.it - News h24 e notizie di approfondimento","isPartOf":{"@id":"https:\/\/www.tunews24.it\/ilcorrieredellaprovincia\/#website"},"primaryImageOfPage":{"@id":"https:\/\/www.tunews24.it\/ilcorrieredellaprovincia\/2019\/04\/05\/dalla-medicina-dattesa-alla-medicina-diniziativa\/#primaryimage"},"image":{"@id":"https:\/\/www.tunews24.it\/ilcorrieredellaprovincia\/2019\/04\/05\/dalla-medicina-dattesa-alla-medicina-diniziativa\/#primaryimage"},"thumbnailUrl":"https:\/\/www.tunews24.it\/ilcorrieredellaprovincia\/wp-content\/uploads\/sites\/2\/2019\/04\/locandina-medici-bis.jpg","datePublished":"2019-04-05T13:01:55+00:00","dateModified":"2019-04-05T13:01:55+00:00","description":"L'appuntamento \u00e8 per il 6 e 7 aprile all'Hotel Fontana Olente di Ferentino. L'apertura dei lavori \u00e8 prevista alle ore 8. Numerosi i relatori.","breadcrumb":{"@id":"https:\/\/www.tunews24.it\/ilcorrieredellaprovincia\/2019\/04\/05\/dalla-medicina-dattesa-alla-medicina-diniziativa\/#breadcrumb"},"inLanguage":"it-IT","potentialAction":[{"@type":"ReadAction","target":["https:\/\/www.tunews24.it\/ilcorrieredellaprovincia\/2019\/04\/05\/dalla-medicina-dattesa-alla-medicina-diniziativa\/"]}]},{"@type":"ImageObject","inLanguage":"it-IT","@id":"https:\/\/www.tunews24.it\/ilcorrieredellaprovincia\/2019\/04\/05\/dalla-medicina-dattesa-alla-medicina-diniziativa\/#primaryimage","url":"https:\/\/www.tunews24.it\/ilcorrieredellaprovincia\/wp-content\/uploads\/sites\/2\/2019\/04\/locandina-medici-bis.jpg","contentUrl":"https:\/\/www.tunews24.it\/ilcorrieredellaprovincia\/wp-content\/uploads\/sites\/2\/2019\/04\/locandina-medici-bis.jpg","width":491,"height":201},{"@type":"BreadcrumbList","@id":"https:\/\/www.tunews24.it\/ilcorrieredellaprovincia\/2019\/04\/05\/dalla-medicina-dattesa-alla-medicina-diniziativa\/#breadcrumb","itemListElement":[{"@type":"ListItem","position":1,"name":"Home","item":"https:\/\/www.tunews24.it\/ilcorrieredellaprovincia\/"},{"@type":"ListItem","position":2,"name":"Dalla medicina d&#8217;attesa alla medicina d&#8217;iniziativa"}]},{"@type":"WebSite","@id":"https:\/\/www.tunews24.it\/ilcorrieredellaprovincia\/#website","url":"https:\/\/www.tunews24.it\/ilcorrieredellaprovincia\/","name":"Il Corriere Delle Provincia","description":"IlCorriereDellaProvincia.it, quotidiano web di politica, cronaca, inchiesta, lavoro, scuola, turismo, cultura e spettacolo, economia e finanza, salute e benessere. Approfondimenti e notizie aggiornate con foto e video della provincia di Frosinone ma anche news nazionali, dell\u2019Italia e del Mondo.","publisher":{"@id":"https:\/\/www.tunews24.it\/ilcorrieredellaprovincia\/#organization"},"potentialAction":[{"@type":"SearchAction","target":{"@type":"EntryPoint","urlTemplate":"https:\/\/www.tunews24.it\/ilcorrieredellaprovincia\/?s={search_term_string}"},"query-input":{"@type":"PropertyValueSpecification","valueRequired":true,"valueName":"search_term_string"}}],"inLanguage":"it-IT"},{"@type":"Organization","@id":"https:\/\/www.tunews24.it\/ilcorrieredellaprovincia\/#organization","name":"Globalpress s.r.l.","url":"https:\/\/www.tunews24.it\/ilcorrieredellaprovincia\/","logo":{"@type":"ImageObject","inLanguage":"it-IT","@id":"https:\/\/www.tunews24.it\/ilcorrieredellaprovincia\/#\/schema\/logo\/image\/","url":"https:\/\/www.tunews24.it\/ilcorrieredellaprovincia\/wp-content\/uploads\/sites\/2\/2022\/11\/cropped-il-corriere-della-provincia-testata-web-scontornata.png","contentUrl":"https:\/\/www.tunews24.it\/ilcorrieredellaprovincia\/wp-content\/uploads\/sites\/2\/2022\/11\/cropped-il-corriere-della-provincia-testata-web-scontornata.png","width":2911,"height":717,"caption":"Globalpress s.r.l."},"image":{"@id":"https:\/\/www.tunews24.it\/ilcorrieredellaprovincia\/#\/schema\/logo\/image\/"}},{"@type":"Person","@id":"https:\/\/www.tunews24.it\/ilcorrieredellaprovincia\/#\/schema\/person\/6d7f0a9120d0c03d0c552e9fdf49ed7d","name":"Redazione","image":{"@type":"ImageObject","inLanguage":"it-IT","@id":"https:\/\/www.tunews24.it\/ilcorrieredellaprovincia\/#\/schema\/person\/image\/","url":"https:\/\/secure.gravatar.com\/avatar\/b20622a119cb3fa611b12e3ef009da26?s=96&d=mm&r=g","contentUrl":"https:\/\/secure.gravatar.com\/avatar\/b20622a119cb3fa611b12e3ef009da26?s=96&d=mm&r=g","caption":"Redazione"},"description":"SEGUICI ANCHE SUI SOCIAL Facebook: TuNews24 e TuSport24 Instagram: TuNews24 e TuSport24 Youtube: TuNews24 Telegram: TuNews24 Puoi leggerci anche in formato cartaceo: il settimanale viene pubblicato e distribuito gratuitamente ogni venerd\u00ec in edicole, bar, centri commerciali e svariati esercizi. Ma \u00e8 possibile anche sfogliarlo comodamente online, cliccando su TU NEWS sfogliabile TU NEWS, PASSIONE PER L\u2019INFORMAZIONE","sameAs":["http:\/\/www.tunews24.it","www.facebook.com\/tunews24"],"url":"https:\/\/www.tunews24.it\/ilcorrieredellaprovincia\/author\/senzafirma\/"}]}},"_links":{"self":[{"href":"https:\/\/www.tunews24.it\/ilcorrieredellaprovincia\/wp-json\/wp\/v2\/posts\/9381","targetHints":{"allow":["GET"]}}],"collection":[{"href":"https:\/\/www.tunews24.it\/ilcorrieredellaprovincia\/wp-json\/wp\/v2\/posts"}],"about":[{"href":"https:\/\/www.tunews24.it\/ilcorrieredellaprovincia\/wp-json\/wp\/v2\/types\/post"}],"author":[{"embeddable":true,"href":"https:\/\/www.tunews24.it\/ilcorrieredellaprovincia\/wp-json\/wp\/v2\/users\/18"}],"replies":[{"embeddable":true,"href":"https:\/\/www.tunews24.it\/ilcorrieredellaprovincia\/wp-json\/wp\/v2\/comments?post=9381"}],"version-history":[{"count":2,"href":"https:\/\/www.tunews24.it\/ilcorrieredellaprovincia\/wp-json\/wp\/v2\/posts\/9381\/revisions"}],"predecessor-version":[{"id":9386,"href":"https:\/\/www.tunews24.it\/ilcorrieredellaprovincia\/wp-json\/wp\/v2\/posts\/9381\/revisions\/9386"}],"wp:featuredmedia":[{"embeddable":true,"href":"https:\/\/www.tunews24.it\/ilcorrieredellaprovincia\/wp-json\/wp\/v2\/media\/9383"}],"wp:attachment":[{"href":"https:\/\/www.tunews24.it\/ilcorrieredellaprovincia\/wp-json\/wp\/v2\/media?parent=9381"}],"wp:term":[{"taxonomy":"category","embeddable":true,"href":"https:\/\/www.tunews24.it\/ilcorrieredellaprovincia\/wp-json\/wp\/v2\/categories?post=9381"},{"taxonomy":"post_tag","embeddable":true,"href":"https:\/\/www.tunews24.it\/ilcorrieredellaprovincia\/wp-json\/wp\/v2\/tags?post=9381"}],"curies":[{"name":"wp","href":"https:\/\/api.w.org\/{rel}","templated":true}]}}