{"id":816,"date":"2018-10-31T19:34:44","date_gmt":"2018-10-31T18:34:44","guid":{"rendered":"http:\/\/www.tunews24.it\/ilcorrieredellaprovincia\/?p=816"},"modified":"2018-10-31T19:34:44","modified_gmt":"2018-10-31T18:34:44","slug":"maltempo-zingaretti-firma-lo-stato-di-calamita","status":"publish","type":"post","link":"https:\/\/www.tunews24.it\/ilcorrieredellaprovincia\/2018\/10\/31\/maltempo-zingaretti-firma-lo-stato-di-calamita\/","title":{"rendered":"Maltempo: Zingaretti firma lo stato di calamit\u00e0"},"content":{"rendered":"<div id=\"testo_pagine_dettaglio\"><strong>Maltempo<\/strong> e danni in provincia di Frosinone e Latina: il presidente <b>Nicola Zingaretti <\/b>ha firmato questo pomeriggio l&#8217;atto con cui la Regione Lazio ha dichiarato lo <strong>stato di calamit\u00e0 regionale<\/strong> per l\u2019intero territorio laziale.<\/div>\n<div>Sono stati gi\u00e0 individuati nell\u2019elenco il comune di <strong>Terracina<\/strong> e la<strong> provincia di Frosinone<\/strong>, dove ci sono state vittime a causa della forte ondata di maltempo dei giorni scorsi.<\/div>\n<div>La <strong>Giunta Regionale<\/strong> nei prossimi giorni attraverso una delibera specifica chiarir\u00e0 nel dettaglio la lista dei comuni\u00a0colpiti dal maltempo e di tutti i provvedimenti che dovranno essere assunti.<\/div>\n<h1>Nuova allerta arancione<\/h1>\n<div>\n<p>Intanto scatta una <strong>nuova allerta arancione<\/strong> su gran parte del Lazio: tra stanotte e domani torner\u00e0 la pioggia che, fino a venerd\u00ec, sar\u00e0 intervallata da alcune pause. Stando ai modelli matematici analizzati dall\u2019Ufficio Meteo della Protezione Civile del Comune di Frosinone si prevedono accumuli di pioggia importanti accompagnati, con molta probabilit\u00e0, anche da raffiche di vento.<\/p>\n<\/div>\n","protected":false},"excerpt":{"rendered":"<p>Maltempo e danni in provincia di Frosinone e Latina: il presidente Nicola Zingaretti ha firmato questo pomeriggio l&#8217;atto con cui<\/p>\n","protected":false},"author":7,"featured_media":817,"comment_status":"open","ping_status":"open","sticky":false,"template":"","format":"standard","meta":{"footnotes":""},"categories":[41,2],"tags":[229,93,102,228,233,232,230,103,134,231,104],"class_list":["post-816","post","type-post","status-publish","format-standard","has-post-thumbnail","hentry","category-slide","category-cronaca","tag-calamita","tag-frosinone","tag-lazio","tag-maltempo","tag-meteo","tag-perturbazione","tag-pioggia","tag-regione","tag-terracina","tag-vento","tag-zingaretti"],"yoast_head":"<!-- This site is optimized with the Yoast SEO plugin v23.9 - https:\/\/yoast.com\/wordpress\/plugins\/seo\/ -->\n<title>Maltempo: Zingaretti firma lo stato di calamit\u00e0 - IlCorriereDellaProvincia.it - News h24 e notizie di approfondimento<\/title>\n<meta name=\"description\" content=\"Oggi pomeriggio il presidente della Regione Lazio ha firmato lo stato di calamit\u00e0 per il Lazio a causa del maltempo. In arrivo una nuova perturbazione\" \/>\n<meta name=\"robots\" content=\"index, follow, max-snippet:-1, max-image-preview:large, max-video-preview:-1\" \/>\n<link rel=\"canonical\" href=\"https:\/\/www.tunews24.it\/ilcorrieredellaprovincia\/2018\/10\/31\/maltempo-zingaretti-firma-lo-stato-di-calamita\/\" \/>\n<meta property=\"og:locale\" content=\"it_IT\" \/>\n<meta property=\"og:type\" content=\"article\" \/>\n<meta property=\"og:title\" content=\"Maltempo: Zingaretti firma lo stato di calamit\u00e0 - IlCorriereDellaProvincia.it - News h24 e notizie di approfondimento\" \/>\n<meta property=\"og:description\" content=\"Oggi pomeriggio il presidente della Regione Lazio ha firmato lo stato di calamit\u00e0 per il Lazio a causa del maltempo. In arrivo una nuova perturbazione\" \/>\n<meta property=\"og:url\" content=\"https:\/\/www.tunews24.it\/ilcorrieredellaprovincia\/2018\/10\/31\/maltempo-zingaretti-firma-lo-stato-di-calamita\/\" \/>\n<meta property=\"og:site_name\" content=\"IlCorriereDellaProvincia.it - News h24 e notizie di approfondimento\" \/>\n<meta property=\"article:author\" content=\"http:\/\/www.facebook.com\/tunews24\" \/>\n<meta property=\"article:published_time\" content=\"2018-10-31T18:34:44+00:00\" \/>\n<meta property=\"og:image\" content=\"https:\/\/www.tunews24.it\/ilcorrieredellaprovincia\/wp-content\/uploads\/sites\/2\/2018\/10\/maltempo-terracina-frosinone.jpg\" \/>\n\t<meta property=\"og:image:width\" content=\"800\" \/>\n\t<meta property=\"og:image:height\" content=\"450\" \/>\n\t<meta property=\"og:image:type\" content=\"image\/jpeg\" \/>\n<meta name=\"author\" content=\"Giulia Abbruzzese\" \/>\n<meta name=\"twitter:card\" content=\"summary_large_image\" \/>\n<meta name=\"twitter:label1\" content=\"Scritto da\" \/>\n\t<meta name=\"twitter:data1\" content=\"Giulia Abbruzzese\" \/>\n\t<meta name=\"twitter:label2\" content=\"Tempo di lettura stimato\" \/>\n\t<meta name=\"twitter:data2\" content=\"1 minuto\" \/>\n<script type=\"application\/ld+json\" class=\"yoast-schema-graph\">{\"@context\":\"https:\/\/schema.org\",\"@graph\":[{\"@type\":\"Article\",\"@id\":\"https:\/\/www.tunews24.it\/ilcorrieredellaprovincia\/2018\/10\/31\/maltempo-zingaretti-firma-lo-stato-di-calamita\/#article\",\"isPartOf\":{\"@id\":\"https:\/\/www.tunews24.it\/ilcorrieredellaprovincia\/2018\/10\/31\/maltempo-zingaretti-firma-lo-stato-di-calamita\/\"},\"author\":{\"name\":\"Giulia Abbruzzese\",\"@id\":\"https:\/\/www.tunews24.it\/ilcorrieredellaprovincia\/#\/schema\/person\/58bf90a6d70d54d2f0db83bc3d580351\"},\"headline\":\"Maltempo: Zingaretti firma lo stato di calamit\u00e0\",\"datePublished\":\"2018-10-31T18:34:44+00:00\",\"dateModified\":\"2018-10-31T18:34:44+00:00\",\"mainEntityOfPage\":{\"@id\":\"https:\/\/www.tunews24.it\/ilcorrieredellaprovincia\/2018\/10\/31\/maltempo-zingaretti-firma-lo-stato-di-calamita\/\"},\"wordCount\":162,\"commentCount\":0,\"publisher\":{\"@id\":\"https:\/\/www.tunews24.it\/ilcorrieredellaprovincia\/#organization\"},\"image\":{\"@id\":\"https:\/\/www.tunews24.it\/ilcorrieredellaprovincia\/2018\/10\/31\/maltempo-zingaretti-firma-lo-stato-di-calamita\/#primaryimage\"},\"thumbnailUrl\":\"https:\/\/www.tunews24.it\/ilcorrieredellaprovincia\/wp-content\/uploads\/sites\/2\/2018\/10\/maltempo-terracina-frosinone.jpg\",\"keywords\":[\"calamit\u00e0\",\"Frosinone\",\"Lazio\",\"maltempo\",\"meteo\",\"perturbazione\",\"pioggia\",\"Regione\",\"terracina\",\"vento\",\"zingaretti\"],\"articleSection\":[\"*SLIDE*\",\"Cronaca\"],\"inLanguage\":\"it-IT\",\"potentialAction\":[{\"@type\":\"CommentAction\",\"name\":\"Comment\",\"target\":[\"https:\/\/www.tunews24.it\/ilcorrieredellaprovincia\/2018\/10\/31\/maltempo-zingaretti-firma-lo-stato-di-calamita\/#respond\"]}]},{\"@type\":\"WebPage\",\"@id\":\"https:\/\/www.tunews24.it\/ilcorrieredellaprovincia\/2018\/10\/31\/maltempo-zingaretti-firma-lo-stato-di-calamita\/\",\"url\":\"https:\/\/www.tunews24.it\/ilcorrieredellaprovincia\/2018\/10\/31\/maltempo-zingaretti-firma-lo-stato-di-calamita\/\",\"name\":\"Maltempo: Zingaretti firma lo stato di calamit\u00e0 - IlCorriereDellaProvincia.it - News h24 e notizie di approfondimento\",\"isPartOf\":{\"@id\":\"https:\/\/www.tunews24.it\/ilcorrieredellaprovincia\/#website\"},\"primaryImageOfPage\":{\"@id\":\"https:\/\/www.tunews24.it\/ilcorrieredellaprovincia\/2018\/10\/31\/maltempo-zingaretti-firma-lo-stato-di-calamita\/#primaryimage\"},\"image\":{\"@id\":\"https:\/\/www.tunews24.it\/ilcorrieredellaprovincia\/2018\/10\/31\/maltempo-zingaretti-firma-lo-stato-di-calamita\/#primaryimage\"},\"thumbnailUrl\":\"https:\/\/www.tunews24.it\/ilcorrieredellaprovincia\/wp-content\/uploads\/sites\/2\/2018\/10\/maltempo-terracina-frosinone.jpg\",\"datePublished\":\"2018-10-31T18:34:44+00:00\",\"dateModified\":\"2018-10-31T18:34:44+00:00\",\"description\":\"Oggi pomeriggio il presidente della Regione Lazio ha firmato lo stato di calamit\u00e0 per il Lazio a causa del maltempo. In arrivo una nuova perturbazione\",\"breadcrumb\":{\"@id\":\"https:\/\/www.tunews24.it\/ilcorrieredellaprovincia\/2018\/10\/31\/maltempo-zingaretti-firma-lo-stato-di-calamita\/#breadcrumb\"},\"inLanguage\":\"it-IT\",\"potentialAction\":[{\"@type\":\"ReadAction\",\"target\":[\"https:\/\/www.tunews24.it\/ilcorrieredellaprovincia\/2018\/10\/31\/maltempo-zingaretti-firma-lo-stato-di-calamita\/\"]}]},{\"@type\":\"ImageObject\",\"inLanguage\":\"it-IT\",\"@id\":\"https:\/\/www.tunews24.it\/ilcorrieredellaprovincia\/2018\/10\/31\/maltempo-zingaretti-firma-lo-stato-di-calamita\/#primaryimage\",\"url\":\"https:\/\/www.tunews24.it\/ilcorrieredellaprovincia\/wp-content\/uploads\/sites\/2\/2018\/10\/maltempo-terracina-frosinone.jpg\",\"contentUrl\":\"https:\/\/www.tunews24.it\/ilcorrieredellaprovincia\/wp-content\/uploads\/sites\/2\/2018\/10\/maltempo-terracina-frosinone.jpg\",\"width\":800,\"height\":450,\"caption\":\"I danni dopo la tromba d'aria su Terracina\"},{\"@type\":\"BreadcrumbList\",\"@id\":\"https:\/\/www.tunews24.it\/ilcorrieredellaprovincia\/2018\/10\/31\/maltempo-zingaretti-firma-lo-stato-di-calamita\/#breadcrumb\",\"itemListElement\":[{\"@type\":\"ListItem\",\"position\":1,\"name\":\"Home\",\"item\":\"https:\/\/www.tunews24.it\/ilcorrieredellaprovincia\/\"},{\"@type\":\"ListItem\",\"position\":2,\"name\":\"Maltempo: Zingaretti firma lo stato di calamit\u00e0\"}]},{\"@type\":\"WebSite\",\"@id\":\"https:\/\/www.tunews24.it\/ilcorrieredellaprovincia\/#website\",\"url\":\"https:\/\/www.tunews24.it\/ilcorrieredellaprovincia\/\",\"name\":\"Il Corriere Delle Provincia\",\"description\":\"IlCorriereDellaProvincia.it, quotidiano web di politica, cronaca, inchiesta, lavoro, scuola, turismo, cultura e spettacolo, economia e finanza, salute e benessere. Approfondimenti e notizie aggiornate con foto e video della provincia di Frosinone ma anche news nazionali, dell\u2019Italia e del Mondo.\",\"publisher\":{\"@id\":\"https:\/\/www.tunews24.it\/ilcorrieredellaprovincia\/#organization\"},\"potentialAction\":[{\"@type\":\"SearchAction\",\"target\":{\"@type\":\"EntryPoint\",\"urlTemplate\":\"https:\/\/www.tunews24.it\/ilcorrieredellaprovincia\/?s={search_term_string}\"},\"query-input\":{\"@type\":\"PropertyValueSpecification\",\"valueRequired\":true,\"valueName\":\"search_term_string\"}}],\"inLanguage\":\"it-IT\"},{\"@type\":\"Organization\",\"@id\":\"https:\/\/www.tunews24.it\/ilcorrieredellaprovincia\/#organization\",\"name\":\"Globalpress s.r.l.\",\"url\":\"https:\/\/www.tunews24.it\/ilcorrieredellaprovincia\/\",\"logo\":{\"@type\":\"ImageObject\",\"inLanguage\":\"it-IT\",\"@id\":\"https:\/\/www.tunews24.it\/ilcorrieredellaprovincia\/#\/schema\/logo\/image\/\",\"url\":\"https:\/\/www.tunews24.it\/ilcorrieredellaprovincia\/wp-content\/uploads\/sites\/2\/2022\/11\/cropped-il-corriere-della-provincia-testata-web-scontornata.png\",\"contentUrl\":\"https:\/\/www.tunews24.it\/ilcorrieredellaprovincia\/wp-content\/uploads\/sites\/2\/2022\/11\/cropped-il-corriere-della-provincia-testata-web-scontornata.png\",\"width\":2911,\"height\":717,\"caption\":\"Globalpress s.r.l.\"},\"image\":{\"@id\":\"https:\/\/www.tunews24.it\/ilcorrieredellaprovincia\/#\/schema\/logo\/image\/\"}},{\"@type\":\"Person\",\"@id\":\"https:\/\/www.tunews24.it\/ilcorrieredellaprovincia\/#\/schema\/person\/58bf90a6d70d54d2f0db83bc3d580351\",\"name\":\"Giulia Abbruzzese\",\"image\":{\"@type\":\"ImageObject\",\"inLanguage\":\"it-IT\",\"@id\":\"https:\/\/www.tunews24.it\/ilcorrieredellaprovincia\/#\/schema\/person\/image\/\",\"url\":\"https:\/\/secure.gravatar.com\/avatar\/536d3e14d10160e05370c3eeee5edf90?s=96&d=mm&r=g\",\"contentUrl\":\"https:\/\/secure.gravatar.com\/avatar\/536d3e14d10160e05370c3eeee5edf90?s=96&d=mm&r=g\",\"caption\":\"Giulia Abbruzzese\"},\"description\":\"Giornalista dei quotidiani online \\\"Il Corriere della Provincia\\\" e \\\"TuNews24.it\\\" e del settimanale \\\"Tu News\\\", ha collaborato anche con il mensile \\\"Qui Magazine\\\" oltre che con il settimanale \\\"Qui Sette\\\"; \u00e8 stata inoltre Caposervizio del quotidiano \\\"\u2018Ciociaria Oggi\\\" e Caporedattore de \\\"Il quotidiano della Ciociaria\\\". Collabora con la rivista \\\"Chic Style\\\".\",\"sameAs\":[\"http:\/\/www.tunews24.it\",\"http:\/\/www.facebook.com\/tunews24\"],\"url\":\"https:\/\/www.tunews24.it\/ilcorrieredellaprovincia\/author\/giulia-abbruzzese\/\"}]}<\/script>\n<!-- \/ Yoast SEO plugin. -->","yoast_head_json":{"title":"Maltempo: Zingaretti firma lo stato di calamit\u00e0 - IlCorriereDellaProvincia.it - News h24 e notizie di approfondimento","description":"Oggi pomeriggio il presidente della Regione Lazio ha firmato lo stato di calamit\u00e0 per il Lazio a causa del maltempo. In arrivo una nuova perturbazione","robots":{"index":"index","follow":"follow","max-snippet":"max-snippet:-1","max-image-preview":"max-image-preview:large","max-video-preview":"max-video-preview:-1"},"canonical":"https:\/\/www.tunews24.it\/ilcorrieredellaprovincia\/2018\/10\/31\/maltempo-zingaretti-firma-lo-stato-di-calamita\/","og_locale":"it_IT","og_type":"article","og_title":"Maltempo: Zingaretti firma lo stato di calamit\u00e0 - IlCorriereDellaProvincia.it - News h24 e notizie di approfondimento","og_description":"Oggi pomeriggio il presidente della Regione Lazio ha firmato lo stato di calamit\u00e0 per il Lazio a causa del maltempo. In arrivo una nuova perturbazione","og_url":"https:\/\/www.tunews24.it\/ilcorrieredellaprovincia\/2018\/10\/31\/maltempo-zingaretti-firma-lo-stato-di-calamita\/","og_site_name":"IlCorriereDellaProvincia.it - News h24 e notizie di approfondimento","article_author":"http:\/\/www.facebook.com\/tunews24","article_published_time":"2018-10-31T18:34:44+00:00","og_image":[{"width":800,"height":450,"url":"https:\/\/www.tunews24.it\/ilcorrieredellaprovincia\/wp-content\/uploads\/sites\/2\/2018\/10\/maltempo-terracina-frosinone.jpg","type":"image\/jpeg"}],"author":"Giulia Abbruzzese","twitter_card":"summary_large_image","twitter_misc":{"Scritto da":"Giulia Abbruzzese","Tempo di lettura stimato":"1 minuto"},"schema":{"@context":"https:\/\/schema.org","@graph":[{"@type":"Article","@id":"https:\/\/www.tunews24.it\/ilcorrieredellaprovincia\/2018\/10\/31\/maltempo-zingaretti-firma-lo-stato-di-calamita\/#article","isPartOf":{"@id":"https:\/\/www.tunews24.it\/ilcorrieredellaprovincia\/2018\/10\/31\/maltempo-zingaretti-firma-lo-stato-di-calamita\/"},"author":{"name":"Giulia Abbruzzese","@id":"https:\/\/www.tunews24.it\/ilcorrieredellaprovincia\/#\/schema\/person\/58bf90a6d70d54d2f0db83bc3d580351"},"headline":"Maltempo: Zingaretti firma lo stato di calamit\u00e0","datePublished":"2018-10-31T18:34:44+00:00","dateModified":"2018-10-31T18:34:44+00:00","mainEntityOfPage":{"@id":"https:\/\/www.tunews24.it\/ilcorrieredellaprovincia\/2018\/10\/31\/maltempo-zingaretti-firma-lo-stato-di-calamita\/"},"wordCount":162,"commentCount":0,"publisher":{"@id":"https:\/\/www.tunews24.it\/ilcorrieredellaprovincia\/#organization"},"image":{"@id":"https:\/\/www.tunews24.it\/ilcorrieredellaprovincia\/2018\/10\/31\/maltempo-zingaretti-firma-lo-stato-di-calamita\/#primaryimage"},"thumbnailUrl":"https:\/\/www.tunews24.it\/ilcorrieredellaprovincia\/wp-content\/uploads\/sites\/2\/2018\/10\/maltempo-terracina-frosinone.jpg","keywords":["calamit\u00e0","Frosinone","Lazio","maltempo","meteo","perturbazione","pioggia","Regione","terracina","vento","zingaretti"],"articleSection":["*SLIDE*","Cronaca"],"inLanguage":"it-IT","potentialAction":[{"@type":"CommentAction","name":"Comment","target":["https:\/\/www.tunews24.it\/ilcorrieredellaprovincia\/2018\/10\/31\/maltempo-zingaretti-firma-lo-stato-di-calamita\/#respond"]}]},{"@type":"WebPage","@id":"https:\/\/www.tunews24.it\/ilcorrieredellaprovincia\/2018\/10\/31\/maltempo-zingaretti-firma-lo-stato-di-calamita\/","url":"https:\/\/www.tunews24.it\/ilcorrieredellaprovincia\/2018\/10\/31\/maltempo-zingaretti-firma-lo-stato-di-calamita\/","name":"Maltempo: Zingaretti firma lo stato di calamit\u00e0 - IlCorriereDellaProvincia.it - News h24 e notizie di approfondimento","isPartOf":{"@id":"https:\/\/www.tunews24.it\/ilcorrieredellaprovincia\/#website"},"primaryImageOfPage":{"@id":"https:\/\/www.tunews24.it\/ilcorrieredellaprovincia\/2018\/10\/31\/maltempo-zingaretti-firma-lo-stato-di-calamita\/#primaryimage"},"image":{"@id":"https:\/\/www.tunews24.it\/ilcorrieredellaprovincia\/2018\/10\/31\/maltempo-zingaretti-firma-lo-stato-di-calamita\/#primaryimage"},"thumbnailUrl":"https:\/\/www.tunews24.it\/ilcorrieredellaprovincia\/wp-content\/uploads\/sites\/2\/2018\/10\/maltempo-terracina-frosinone.jpg","datePublished":"2018-10-31T18:34:44+00:00","dateModified":"2018-10-31T18:34:44+00:00","description":"Oggi pomeriggio il presidente della Regione Lazio ha firmato lo stato di calamit\u00e0 per il Lazio a causa del maltempo. In arrivo una nuova perturbazione","breadcrumb":{"@id":"https:\/\/www.tunews24.it\/ilcorrieredellaprovincia\/2018\/10\/31\/maltempo-zingaretti-firma-lo-stato-di-calamita\/#breadcrumb"},"inLanguage":"it-IT","potentialAction":[{"@type":"ReadAction","target":["https:\/\/www.tunews24.it\/ilcorrieredellaprovincia\/2018\/10\/31\/maltempo-zingaretti-firma-lo-stato-di-calamita\/"]}]},{"@type":"ImageObject","inLanguage":"it-IT","@id":"https:\/\/www.tunews24.it\/ilcorrieredellaprovincia\/2018\/10\/31\/maltempo-zingaretti-firma-lo-stato-di-calamita\/#primaryimage","url":"https:\/\/www.tunews24.it\/ilcorrieredellaprovincia\/wp-content\/uploads\/sites\/2\/2018\/10\/maltempo-terracina-frosinone.jpg","contentUrl":"https:\/\/www.tunews24.it\/ilcorrieredellaprovincia\/wp-content\/uploads\/sites\/2\/2018\/10\/maltempo-terracina-frosinone.jpg","width":800,"height":450,"caption":"I danni dopo la tromba d'aria su Terracina"},{"@type":"BreadcrumbList","@id":"https:\/\/www.tunews24.it\/ilcorrieredellaprovincia\/2018\/10\/31\/maltempo-zingaretti-firma-lo-stato-di-calamita\/#breadcrumb","itemListElement":[{"@type":"ListItem","position":1,"name":"Home","item":"https:\/\/www.tunews24.it\/ilcorrieredellaprovincia\/"},{"@type":"ListItem","position":2,"name":"Maltempo: Zingaretti firma lo stato di calamit\u00e0"}]},{"@type":"WebSite","@id":"https:\/\/www.tunews24.it\/ilcorrieredellaprovincia\/#website","url":"https:\/\/www.tunews24.it\/ilcorrieredellaprovincia\/","name":"Il Corriere Delle Provincia","description":"IlCorriereDellaProvincia.it, quotidiano web di politica, cronaca, inchiesta, lavoro, scuola, turismo, cultura e spettacolo, economia e finanza, salute e benessere. Approfondimenti e notizie aggiornate con foto e video della provincia di Frosinone ma anche news nazionali, dell\u2019Italia e del Mondo.","publisher":{"@id":"https:\/\/www.tunews24.it\/ilcorrieredellaprovincia\/#organization"},"potentialAction":[{"@type":"SearchAction","target":{"@type":"EntryPoint","urlTemplate":"https:\/\/www.tunews24.it\/ilcorrieredellaprovincia\/?s={search_term_string}"},"query-input":{"@type":"PropertyValueSpecification","valueRequired":true,"valueName":"search_term_string"}}],"inLanguage":"it-IT"},{"@type":"Organization","@id":"https:\/\/www.tunews24.it\/ilcorrieredellaprovincia\/#organization","name":"Globalpress s.r.l.","url":"https:\/\/www.tunews24.it\/ilcorrieredellaprovincia\/","logo":{"@type":"ImageObject","inLanguage":"it-IT","@id":"https:\/\/www.tunews24.it\/ilcorrieredellaprovincia\/#\/schema\/logo\/image\/","url":"https:\/\/www.tunews24.it\/ilcorrieredellaprovincia\/wp-content\/uploads\/sites\/2\/2022\/11\/cropped-il-corriere-della-provincia-testata-web-scontornata.png","contentUrl":"https:\/\/www.tunews24.it\/ilcorrieredellaprovincia\/wp-content\/uploads\/sites\/2\/2022\/11\/cropped-il-corriere-della-provincia-testata-web-scontornata.png","width":2911,"height":717,"caption":"Globalpress s.r.l."},"image":{"@id":"https:\/\/www.tunews24.it\/ilcorrieredellaprovincia\/#\/schema\/logo\/image\/"}},{"@type":"Person","@id":"https:\/\/www.tunews24.it\/ilcorrieredellaprovincia\/#\/schema\/person\/58bf90a6d70d54d2f0db83bc3d580351","name":"Giulia Abbruzzese","image":{"@type":"ImageObject","inLanguage":"it-IT","@id":"https:\/\/www.tunews24.it\/ilcorrieredellaprovincia\/#\/schema\/person\/image\/","url":"https:\/\/secure.gravatar.com\/avatar\/536d3e14d10160e05370c3eeee5edf90?s=96&d=mm&r=g","contentUrl":"https:\/\/secure.gravatar.com\/avatar\/536d3e14d10160e05370c3eeee5edf90?s=96&d=mm&r=g","caption":"Giulia Abbruzzese"},"description":"Giornalista dei quotidiani online \"Il Corriere della Provincia\" e \"TuNews24.it\" e del settimanale \"Tu News\", ha collaborato anche con il mensile \"Qui Magazine\" oltre che con il settimanale \"Qui Sette\"; \u00e8 stata inoltre Caposervizio del quotidiano \"\u2018Ciociaria Oggi\" e Caporedattore de \"Il quotidiano della Ciociaria\". Collabora con la rivista \"Chic Style\".","sameAs":["http:\/\/www.tunews24.it","http:\/\/www.facebook.com\/tunews24"],"url":"https:\/\/www.tunews24.it\/ilcorrieredellaprovincia\/author\/giulia-abbruzzese\/"}]}},"_links":{"self":[{"href":"https:\/\/www.tunews24.it\/ilcorrieredellaprovincia\/wp-json\/wp\/v2\/posts\/816","targetHints":{"allow":["GET"]}}],"collection":[{"href":"https:\/\/www.tunews24.it\/ilcorrieredellaprovincia\/wp-json\/wp\/v2\/posts"}],"about":[{"href":"https:\/\/www.tunews24.it\/ilcorrieredellaprovincia\/wp-json\/wp\/v2\/types\/post"}],"author":[{"embeddable":true,"href":"https:\/\/www.tunews24.it\/ilcorrieredellaprovincia\/wp-json\/wp\/v2\/users\/7"}],"replies":[{"embeddable":true,"href":"https:\/\/www.tunews24.it\/ilcorrieredellaprovincia\/wp-json\/wp\/v2\/comments?post=816"}],"version-history":[{"count":2,"href":"https:\/\/www.tunews24.it\/ilcorrieredellaprovincia\/wp-json\/wp\/v2\/posts\/816\/revisions"}],"predecessor-version":[{"id":819,"href":"https:\/\/www.tunews24.it\/ilcorrieredellaprovincia\/wp-json\/wp\/v2\/posts\/816\/revisions\/819"}],"wp:featuredmedia":[{"embeddable":true,"href":"https:\/\/www.tunews24.it\/ilcorrieredellaprovincia\/wp-json\/wp\/v2\/media\/817"}],"wp:attachment":[{"href":"https:\/\/www.tunews24.it\/ilcorrieredellaprovincia\/wp-json\/wp\/v2\/media?parent=816"}],"wp:term":[{"taxonomy":"category","embeddable":true,"href":"https:\/\/www.tunews24.it\/ilcorrieredellaprovincia\/wp-json\/wp\/v2\/categories?post=816"},{"taxonomy":"post_tag","embeddable":true,"href":"https:\/\/www.tunews24.it\/ilcorrieredellaprovincia\/wp-json\/wp\/v2\/tags?post=816"}],"curies":[{"name":"wp","href":"https:\/\/api.w.org\/{rel}","templated":true}]}}