{"id":79555,"date":"2022-08-08T15:49:58","date_gmt":"2022-08-08T13:49:58","guid":{"rendered":"https:\/\/www.tunews24.it\/ilcorrieredellaprovincia\/?p=79555"},"modified":"2022-08-08T15:50:01","modified_gmt":"2022-08-08T13:50:01","slug":"arce-centri-estivi-le-domande-di-partecipazione-entro-il-prossimo-16-agosto","status":"publish","type":"post","link":"https:\/\/www.tunews24.it\/ilcorrieredellaprovincia\/2022\/08\/08\/arce-centri-estivi-le-domande-di-partecipazione-entro-il-prossimo-16-agosto\/","title":{"rendered":"Arce, centri estivi: le domande di partecipazione entro il prossimo 16 agosto"},"content":{"rendered":"\n<p>L&#8217;Amministrazione comunale, tramite l&#8217;assessorato alle Politiche Sociali, ha organizzato una settimana di centro estivo, <strong>dal 22 al 26 agosto<\/strong>, presso lo Sporting Health Club di Arce. L&#8217;iniziativa \u00e8 rivolta ai ragazzi (anche diversamente abili) residenti nel comune di Arce, in et\u00e0 compresa tra i 6 e i 14 anni non compiuti e ai giovani portatori di disabilit\u00e0, in et\u00e0 compresa tra i 14 anni ed i 25 anni non compiuti.<\/p>\n\n\n\n<p><strong>L&#8217;intento dell&#8217;Amministrazione \u00e8 quello di sostenere le famiglie con un&#8217;offerta educativa rivolta al benessere dei figli<\/strong>, al potenziamento delle attivit\u00e0 volte a favorire il recupero sul benessere pisco-fisico rispetto alle criticit\u00e0 emerse per l&#8217;impatto dello stress pandemico e sui percorsi di sviluppo e crescita dei minori.<\/p>\n\n\n\n<p>\u201cL&#8217;Amministrazione comunale &#8211; ha detto il sindaco Germani &#8211; grazie al lavoro dell&#8217;assessore alle Politiche Sociali e per la Famiglia, \u00e8 riuscita ad organizzare questa settimana di centro estivo per la fine di agosto. In pi\u00f9, la Giunta, interpretando le indicazioni di tutta la maggioranza, ha deciso di ampliare la partecipazione all&#8217;iniziativa anche ai giovani portatori di disabilit\u00e0 fino ai 25 anni, utilizzando risorse del bilancio comunale\u201d. &nbsp;<\/p>\n\n\n\n<p><strong>\u201cPer la presentazione delle domande &#8211; ha spiegato invece l&#8217;assessore Sisto Colantonio &#8211; c&#8217;\u00e8 tempo fino a luned\u00ec 16 agosto. <\/strong>Le famiglie interessate dovranno avere una certificazione ISEE in corso di validit\u00e0 con un valore non superiore ad euro 8.500. Per i giovani portatori di disabilit\u00e0 in et\u00e0 compresa tra i 14 e i 25 anni, invece, non \u00e8 necessaria alcuna situazione reddituale. Gli interessati possono formulare specifica domanda sui moduli messi a disposizione dall\u2019Amministrazione, reperibili sul sito del Comune www.comune.arce.fr.it, consegnandoli al protocollo dell&#8217;ente o via mail all&#8217;indirizzo ufficio.segreteria@comune.arce.fr.it\u201d.<\/p>\n","protected":false},"excerpt":{"rendered":"<p>Arce, centri estivi: le domande di partecipazione entro il prossimo 16 agosto<\/p>\n","protected":false},"author":26,"featured_media":71442,"comment_status":"closed","ping_status":"closed","sticky":false,"template":"","format":"standard","meta":{"footnotes":""},"categories":[4,2236],"tags":[411,10387,94,93,3872,8189],"class_list":["post-79555","post","type-post","status-publish","format-standard","has-post-thumbnail","hentry","category-primo-piano","category-attualita","tag-arce","tag-centro-estivo","tag-ciociaria","tag-frosinone","tag-luigi-germani","tag-sisto-colantonio"],"yoast_head":"<!-- This site is optimized with the Yoast SEO plugin v23.9 - https:\/\/yoast.com\/wordpress\/plugins\/seo\/ -->\n<title>Arce, centri estivi: le domande di partecipazione entro il prossimo 16 agosto - IlCorriereDellaProvincia.it - News h24 e notizie di approfondimento<\/title>\n<meta name=\"robots\" content=\"index, follow, max-snippet:-1, max-image-preview:large, max-video-preview:-1\" \/>\n<link rel=\"canonical\" href=\"https:\/\/www.tunews24.it\/ilcorrieredellaprovincia\/2022\/08\/08\/arce-centri-estivi-le-domande-di-partecipazione-entro-il-prossimo-16-agosto\/\" \/>\n<meta property=\"og:locale\" content=\"it_IT\" \/>\n<meta property=\"og:type\" content=\"article\" \/>\n<meta property=\"og:title\" content=\"Arce, centri estivi: le domande di partecipazione entro il prossimo 16 agosto - IlCorriereDellaProvincia.it - News h24 e notizie di approfondimento\" \/>\n<meta property=\"og:description\" content=\"Arce, centri estivi: le domande di partecipazione entro il prossimo 16 agosto\" \/>\n<meta property=\"og:url\" content=\"https:\/\/www.tunews24.it\/ilcorrieredellaprovincia\/2022\/08\/08\/arce-centri-estivi-le-domande-di-partecipazione-entro-il-prossimo-16-agosto\/\" \/>\n<meta property=\"og:site_name\" content=\"IlCorriereDellaProvincia.it - News h24 e notizie di approfondimento\" \/>\n<meta property=\"article:published_time\" content=\"2022-08-08T13:49:58+00:00\" \/>\n<meta property=\"article:modified_time\" content=\"2022-08-08T13:50:01+00:00\" \/>\n<meta property=\"og:image\" content=\"https:\/\/www.tunews24.it\/ilcorrieredellaprovincia\/wp-content\/uploads\/sites\/2\/2022\/03\/germani-colantonio.jpg\" \/>\n\t<meta property=\"og:image:width\" content=\"792\" \/>\n\t<meta property=\"og:image:height\" content=\"473\" \/>\n\t<meta property=\"og:image:type\" content=\"image\/jpeg\" \/>\n<meta name=\"author\" content=\"REDAZIONE LaProvinciaQuotidiano.it\" \/>\n<meta name=\"twitter:card\" content=\"summary_large_image\" \/>\n<meta name=\"twitter:label1\" content=\"Scritto da\" \/>\n\t<meta name=\"twitter:data1\" content=\"REDAZIONE LaProvinciaQuotidiano.it\" \/>\n\t<meta name=\"twitter:label2\" content=\"Tempo di lettura stimato\" \/>\n\t<meta name=\"twitter:data2\" content=\"2 minuti\" \/>\n<script type=\"application\/ld+json\" class=\"yoast-schema-graph\">{\"@context\":\"https:\/\/schema.org\",\"@graph\":[{\"@type\":\"Article\",\"@id\":\"https:\/\/www.tunews24.it\/ilcorrieredellaprovincia\/2022\/08\/08\/arce-centri-estivi-le-domande-di-partecipazione-entro-il-prossimo-16-agosto\/#article\",\"isPartOf\":{\"@id\":\"https:\/\/www.tunews24.it\/ilcorrieredellaprovincia\/2022\/08\/08\/arce-centri-estivi-le-domande-di-partecipazione-entro-il-prossimo-16-agosto\/\"},\"author\":{\"name\":\"REDAZIONE LaProvinciaQuotidiano.it\",\"@id\":\"https:\/\/www.tunews24.it\/ilcorrieredellaprovincia\/#\/schema\/person\/1835170ef005036a87455edae6571822\"},\"headline\":\"Arce, centri estivi: le domande di partecipazione entro il prossimo 16 agosto\",\"datePublished\":\"2022-08-08T13:49:58+00:00\",\"dateModified\":\"2022-08-08T13:50:01+00:00\",\"mainEntityOfPage\":{\"@id\":\"https:\/\/www.tunews24.it\/ilcorrieredellaprovincia\/2022\/08\/08\/arce-centri-estivi-le-domande-di-partecipazione-entro-il-prossimo-16-agosto\/\"},\"wordCount\":293,\"publisher\":{\"@id\":\"https:\/\/www.tunews24.it\/ilcorrieredellaprovincia\/#organization\"},\"image\":{\"@id\":\"https:\/\/www.tunews24.it\/ilcorrieredellaprovincia\/2022\/08\/08\/arce-centri-estivi-le-domande-di-partecipazione-entro-il-prossimo-16-agosto\/#primaryimage\"},\"thumbnailUrl\":\"https:\/\/www.tunews24.it\/ilcorrieredellaprovincia\/wp-content\/uploads\/sites\/2\/2022\/03\/germani-colantonio.jpg\",\"keywords\":[\"Arce\",\"centro estivo\",\"Ciociaria\",\"Frosinone\",\"luigi germani\",\"sisto colantonio\"],\"articleSection\":[\"*PRIMO PIANO*\",\"Attualit\u00e0\"],\"inLanguage\":\"it-IT\"},{\"@type\":\"WebPage\",\"@id\":\"https:\/\/www.tunews24.it\/ilcorrieredellaprovincia\/2022\/08\/08\/arce-centri-estivi-le-domande-di-partecipazione-entro-il-prossimo-16-agosto\/\",\"url\":\"https:\/\/www.tunews24.it\/ilcorrieredellaprovincia\/2022\/08\/08\/arce-centri-estivi-le-domande-di-partecipazione-entro-il-prossimo-16-agosto\/\",\"name\":\"Arce, centri estivi: le domande di partecipazione entro il prossimo 16 agosto - IlCorriereDellaProvincia.it - News h24 e notizie di approfondimento\",\"isPartOf\":{\"@id\":\"https:\/\/www.tunews24.it\/ilcorrieredellaprovincia\/#website\"},\"primaryImageOfPage\":{\"@id\":\"https:\/\/www.tunews24.it\/ilcorrieredellaprovincia\/2022\/08\/08\/arce-centri-estivi-le-domande-di-partecipazione-entro-il-prossimo-16-agosto\/#primaryimage\"},\"image\":{\"@id\":\"https:\/\/www.tunews24.it\/ilcorrieredellaprovincia\/2022\/08\/08\/arce-centri-estivi-le-domande-di-partecipazione-entro-il-prossimo-16-agosto\/#primaryimage\"},\"thumbnailUrl\":\"https:\/\/www.tunews24.it\/ilcorrieredellaprovincia\/wp-content\/uploads\/sites\/2\/2022\/03\/germani-colantonio.jpg\",\"datePublished\":\"2022-08-08T13:49:58+00:00\",\"dateModified\":\"2022-08-08T13:50:01+00:00\",\"breadcrumb\":{\"@id\":\"https:\/\/www.tunews24.it\/ilcorrieredellaprovincia\/2022\/08\/08\/arce-centri-estivi-le-domande-di-partecipazione-entro-il-prossimo-16-agosto\/#breadcrumb\"},\"inLanguage\":\"it-IT\",\"potentialAction\":[{\"@type\":\"ReadAction\",\"target\":[\"https:\/\/www.tunews24.it\/ilcorrieredellaprovincia\/2022\/08\/08\/arce-centri-estivi-le-domande-di-partecipazione-entro-il-prossimo-16-agosto\/\"]}]},{\"@type\":\"ImageObject\",\"inLanguage\":\"it-IT\",\"@id\":\"https:\/\/www.tunews24.it\/ilcorrieredellaprovincia\/2022\/08\/08\/arce-centri-estivi-le-domande-di-partecipazione-entro-il-prossimo-16-agosto\/#primaryimage\",\"url\":\"https:\/\/www.tunews24.it\/ilcorrieredellaprovincia\/wp-content\/uploads\/sites\/2\/2022\/03\/germani-colantonio.jpg\",\"contentUrl\":\"https:\/\/www.tunews24.it\/ilcorrieredellaprovincia\/wp-content\/uploads\/sites\/2\/2022\/03\/germani-colantonio.jpg\",\"width\":792,\"height\":473,\"caption\":\"Il sindaco Luigi Germani e l'assessore Sisto Colantonio\"},{\"@type\":\"BreadcrumbList\",\"@id\":\"https:\/\/www.tunews24.it\/ilcorrieredellaprovincia\/2022\/08\/08\/arce-centri-estivi-le-domande-di-partecipazione-entro-il-prossimo-16-agosto\/#breadcrumb\",\"itemListElement\":[{\"@type\":\"ListItem\",\"position\":1,\"name\":\"Home\",\"item\":\"https:\/\/www.tunews24.it\/ilcorrieredellaprovincia\/\"},{\"@type\":\"ListItem\",\"position\":2,\"name\":\"Arce, centri estivi: le domande di partecipazione entro il prossimo 16 agosto\"}]},{\"@type\":\"WebSite\",\"@id\":\"https:\/\/www.tunews24.it\/ilcorrieredellaprovincia\/#website\",\"url\":\"https:\/\/www.tunews24.it\/ilcorrieredellaprovincia\/\",\"name\":\"Il Corriere Delle Provincia\",\"description\":\"IlCorriereDellaProvincia.it, quotidiano web di politica, cronaca, inchiesta, lavoro, scuola, turismo, cultura e spettacolo, economia e finanza, salute e benessere. Approfondimenti e notizie aggiornate con foto e video della provincia di Frosinone ma anche news nazionali, dell\u2019Italia e del Mondo.\",\"publisher\":{\"@id\":\"https:\/\/www.tunews24.it\/ilcorrieredellaprovincia\/#organization\"},\"potentialAction\":[{\"@type\":\"SearchAction\",\"target\":{\"@type\":\"EntryPoint\",\"urlTemplate\":\"https:\/\/www.tunews24.it\/ilcorrieredellaprovincia\/?s={search_term_string}\"},\"query-input\":{\"@type\":\"PropertyValueSpecification\",\"valueRequired\":true,\"valueName\":\"search_term_string\"}}],\"inLanguage\":\"it-IT\"},{\"@type\":\"Organization\",\"@id\":\"https:\/\/www.tunews24.it\/ilcorrieredellaprovincia\/#organization\",\"name\":\"Globalpress s.r.l.\",\"url\":\"https:\/\/www.tunews24.it\/ilcorrieredellaprovincia\/\",\"logo\":{\"@type\":\"ImageObject\",\"inLanguage\":\"it-IT\",\"@id\":\"https:\/\/www.tunews24.it\/ilcorrieredellaprovincia\/#\/schema\/logo\/image\/\",\"url\":\"https:\/\/www.tunews24.it\/ilcorrieredellaprovincia\/wp-content\/uploads\/sites\/2\/2022\/11\/cropped-il-corriere-della-provincia-testata-web-scontornata.png\",\"contentUrl\":\"https:\/\/www.tunews24.it\/ilcorrieredellaprovincia\/wp-content\/uploads\/sites\/2\/2022\/11\/cropped-il-corriere-della-provincia-testata-web-scontornata.png\",\"width\":2911,\"height\":717,\"caption\":\"Globalpress s.r.l.\"},\"image\":{\"@id\":\"https:\/\/www.tunews24.it\/ilcorrieredellaprovincia\/#\/schema\/logo\/image\/\"}},{\"@type\":\"Person\",\"@id\":\"https:\/\/www.tunews24.it\/ilcorrieredellaprovincia\/#\/schema\/person\/1835170ef005036a87455edae6571822\",\"name\":\"REDAZIONE LaProvinciaQuotidiano.it\",\"image\":{\"@type\":\"ImageObject\",\"inLanguage\":\"it-IT\",\"@id\":\"https:\/\/www.tunews24.it\/ilcorrieredellaprovincia\/#\/schema\/person\/image\/\",\"url\":\"https:\/\/secure.gravatar.com\/avatar\/e8cd08b1cdbc88da7f6798b57e3c6e5e?s=96&d=mm&r=g\",\"contentUrl\":\"https:\/\/secure.gravatar.com\/avatar\/e8cd08b1cdbc88da7f6798b57e3c6e5e?s=96&d=mm&r=g\",\"caption\":\"REDAZIONE LaProvinciaQuotidiano.it\"},\"description\":\"Seguici anche su Telegram: CLICCA QUI\",\"url\":\"https:\/\/www.tunews24.it\/ilcorrieredellaprovincia\/author\/redazione\/\"}]}<\/script>\n<!-- \/ Yoast SEO plugin. -->","yoast_head_json":{"title":"Arce, centri estivi: le domande di partecipazione entro il prossimo 16 agosto - IlCorriereDellaProvincia.it - News h24 e notizie di approfondimento","robots":{"index":"index","follow":"follow","max-snippet":"max-snippet:-1","max-image-preview":"max-image-preview:large","max-video-preview":"max-video-preview:-1"},"canonical":"https:\/\/www.tunews24.it\/ilcorrieredellaprovincia\/2022\/08\/08\/arce-centri-estivi-le-domande-di-partecipazione-entro-il-prossimo-16-agosto\/","og_locale":"it_IT","og_type":"article","og_title":"Arce, centri estivi: le domande di partecipazione entro il prossimo 16 agosto - IlCorriereDellaProvincia.it - News h24 e notizie di approfondimento","og_description":"Arce, centri estivi: le domande di partecipazione entro il prossimo 16 agosto","og_url":"https:\/\/www.tunews24.it\/ilcorrieredellaprovincia\/2022\/08\/08\/arce-centri-estivi-le-domande-di-partecipazione-entro-il-prossimo-16-agosto\/","og_site_name":"IlCorriereDellaProvincia.it - News h24 e notizie di approfondimento","article_published_time":"2022-08-08T13:49:58+00:00","article_modified_time":"2022-08-08T13:50:01+00:00","og_image":[{"width":792,"height":473,"url":"https:\/\/www.tunews24.it\/ilcorrieredellaprovincia\/wp-content\/uploads\/sites\/2\/2022\/03\/germani-colantonio.jpg","type":"image\/jpeg"}],"author":"REDAZIONE LaProvinciaQuotidiano.it","twitter_card":"summary_large_image","twitter_misc":{"Scritto da":"REDAZIONE LaProvinciaQuotidiano.it","Tempo di lettura stimato":"2 minuti"},"schema":{"@context":"https:\/\/schema.org","@graph":[{"@type":"Article","@id":"https:\/\/www.tunews24.it\/ilcorrieredellaprovincia\/2022\/08\/08\/arce-centri-estivi-le-domande-di-partecipazione-entro-il-prossimo-16-agosto\/#article","isPartOf":{"@id":"https:\/\/www.tunews24.it\/ilcorrieredellaprovincia\/2022\/08\/08\/arce-centri-estivi-le-domande-di-partecipazione-entro-il-prossimo-16-agosto\/"},"author":{"name":"REDAZIONE LaProvinciaQuotidiano.it","@id":"https:\/\/www.tunews24.it\/ilcorrieredellaprovincia\/#\/schema\/person\/1835170ef005036a87455edae6571822"},"headline":"Arce, centri estivi: le domande di partecipazione entro il prossimo 16 agosto","datePublished":"2022-08-08T13:49:58+00:00","dateModified":"2022-08-08T13:50:01+00:00","mainEntityOfPage":{"@id":"https:\/\/www.tunews24.it\/ilcorrieredellaprovincia\/2022\/08\/08\/arce-centri-estivi-le-domande-di-partecipazione-entro-il-prossimo-16-agosto\/"},"wordCount":293,"publisher":{"@id":"https:\/\/www.tunews24.it\/ilcorrieredellaprovincia\/#organization"},"image":{"@id":"https:\/\/www.tunews24.it\/ilcorrieredellaprovincia\/2022\/08\/08\/arce-centri-estivi-le-domande-di-partecipazione-entro-il-prossimo-16-agosto\/#primaryimage"},"thumbnailUrl":"https:\/\/www.tunews24.it\/ilcorrieredellaprovincia\/wp-content\/uploads\/sites\/2\/2022\/03\/germani-colantonio.jpg","keywords":["Arce","centro estivo","Ciociaria","Frosinone","luigi germani","sisto colantonio"],"articleSection":["*PRIMO PIANO*","Attualit\u00e0"],"inLanguage":"it-IT"},{"@type":"WebPage","@id":"https:\/\/www.tunews24.it\/ilcorrieredellaprovincia\/2022\/08\/08\/arce-centri-estivi-le-domande-di-partecipazione-entro-il-prossimo-16-agosto\/","url":"https:\/\/www.tunews24.it\/ilcorrieredellaprovincia\/2022\/08\/08\/arce-centri-estivi-le-domande-di-partecipazione-entro-il-prossimo-16-agosto\/","name":"Arce, centri estivi: le domande di partecipazione entro il prossimo 16 agosto - IlCorriereDellaProvincia.it - News h24 e notizie di approfondimento","isPartOf":{"@id":"https:\/\/www.tunews24.it\/ilcorrieredellaprovincia\/#website"},"primaryImageOfPage":{"@id":"https:\/\/www.tunews24.it\/ilcorrieredellaprovincia\/2022\/08\/08\/arce-centri-estivi-le-domande-di-partecipazione-entro-il-prossimo-16-agosto\/#primaryimage"},"image":{"@id":"https:\/\/www.tunews24.it\/ilcorrieredellaprovincia\/2022\/08\/08\/arce-centri-estivi-le-domande-di-partecipazione-entro-il-prossimo-16-agosto\/#primaryimage"},"thumbnailUrl":"https:\/\/www.tunews24.it\/ilcorrieredellaprovincia\/wp-content\/uploads\/sites\/2\/2022\/03\/germani-colantonio.jpg","datePublished":"2022-08-08T13:49:58+00:00","dateModified":"2022-08-08T13:50:01+00:00","breadcrumb":{"@id":"https:\/\/www.tunews24.it\/ilcorrieredellaprovincia\/2022\/08\/08\/arce-centri-estivi-le-domande-di-partecipazione-entro-il-prossimo-16-agosto\/#breadcrumb"},"inLanguage":"it-IT","potentialAction":[{"@type":"ReadAction","target":["https:\/\/www.tunews24.it\/ilcorrieredellaprovincia\/2022\/08\/08\/arce-centri-estivi-le-domande-di-partecipazione-entro-il-prossimo-16-agosto\/"]}]},{"@type":"ImageObject","inLanguage":"it-IT","@id":"https:\/\/www.tunews24.it\/ilcorrieredellaprovincia\/2022\/08\/08\/arce-centri-estivi-le-domande-di-partecipazione-entro-il-prossimo-16-agosto\/#primaryimage","url":"https:\/\/www.tunews24.it\/ilcorrieredellaprovincia\/wp-content\/uploads\/sites\/2\/2022\/03\/germani-colantonio.jpg","contentUrl":"https:\/\/www.tunews24.it\/ilcorrieredellaprovincia\/wp-content\/uploads\/sites\/2\/2022\/03\/germani-colantonio.jpg","width":792,"height":473,"caption":"Il sindaco Luigi Germani e l'assessore Sisto Colantonio"},{"@type":"BreadcrumbList","@id":"https:\/\/www.tunews24.it\/ilcorrieredellaprovincia\/2022\/08\/08\/arce-centri-estivi-le-domande-di-partecipazione-entro-il-prossimo-16-agosto\/#breadcrumb","itemListElement":[{"@type":"ListItem","position":1,"name":"Home","item":"https:\/\/www.tunews24.it\/ilcorrieredellaprovincia\/"},{"@type":"ListItem","position":2,"name":"Arce, centri estivi: le domande di partecipazione entro il prossimo 16 agosto"}]},{"@type":"WebSite","@id":"https:\/\/www.tunews24.it\/ilcorrieredellaprovincia\/#website","url":"https:\/\/www.tunews24.it\/ilcorrieredellaprovincia\/","name":"Il Corriere Delle Provincia","description":"IlCorriereDellaProvincia.it, quotidiano web di politica, cronaca, inchiesta, lavoro, scuola, turismo, cultura e spettacolo, economia e finanza, salute e benessere. Approfondimenti e notizie aggiornate con foto e video della provincia di Frosinone ma anche news nazionali, dell\u2019Italia e del Mondo.","publisher":{"@id":"https:\/\/www.tunews24.it\/ilcorrieredellaprovincia\/#organization"},"potentialAction":[{"@type":"SearchAction","target":{"@type":"EntryPoint","urlTemplate":"https:\/\/www.tunews24.it\/ilcorrieredellaprovincia\/?s={search_term_string}"},"query-input":{"@type":"PropertyValueSpecification","valueRequired":true,"valueName":"search_term_string"}}],"inLanguage":"it-IT"},{"@type":"Organization","@id":"https:\/\/www.tunews24.it\/ilcorrieredellaprovincia\/#organization","name":"Globalpress s.r.l.","url":"https:\/\/www.tunews24.it\/ilcorrieredellaprovincia\/","logo":{"@type":"ImageObject","inLanguage":"it-IT","@id":"https:\/\/www.tunews24.it\/ilcorrieredellaprovincia\/#\/schema\/logo\/image\/","url":"https:\/\/www.tunews24.it\/ilcorrieredellaprovincia\/wp-content\/uploads\/sites\/2\/2022\/11\/cropped-il-corriere-della-provincia-testata-web-scontornata.png","contentUrl":"https:\/\/www.tunews24.it\/ilcorrieredellaprovincia\/wp-content\/uploads\/sites\/2\/2022\/11\/cropped-il-corriere-della-provincia-testata-web-scontornata.png","width":2911,"height":717,"caption":"Globalpress s.r.l."},"image":{"@id":"https:\/\/www.tunews24.it\/ilcorrieredellaprovincia\/#\/schema\/logo\/image\/"}},{"@type":"Person","@id":"https:\/\/www.tunews24.it\/ilcorrieredellaprovincia\/#\/schema\/person\/1835170ef005036a87455edae6571822","name":"REDAZIONE LaProvinciaQuotidiano.it","image":{"@type":"ImageObject","inLanguage":"it-IT","@id":"https:\/\/www.tunews24.it\/ilcorrieredellaprovincia\/#\/schema\/person\/image\/","url":"https:\/\/secure.gravatar.com\/avatar\/e8cd08b1cdbc88da7f6798b57e3c6e5e?s=96&d=mm&r=g","contentUrl":"https:\/\/secure.gravatar.com\/avatar\/e8cd08b1cdbc88da7f6798b57e3c6e5e?s=96&d=mm&r=g","caption":"REDAZIONE LaProvinciaQuotidiano.it"},"description":"Seguici anche su Telegram: CLICCA QUI","url":"https:\/\/www.tunews24.it\/ilcorrieredellaprovincia\/author\/redazione\/"}]}},"_links":{"self":[{"href":"https:\/\/www.tunews24.it\/ilcorrieredellaprovincia\/wp-json\/wp\/v2\/posts\/79555","targetHints":{"allow":["GET"]}}],"collection":[{"href":"https:\/\/www.tunews24.it\/ilcorrieredellaprovincia\/wp-json\/wp\/v2\/posts"}],"about":[{"href":"https:\/\/www.tunews24.it\/ilcorrieredellaprovincia\/wp-json\/wp\/v2\/types\/post"}],"author":[{"embeddable":true,"href":"https:\/\/www.tunews24.it\/ilcorrieredellaprovincia\/wp-json\/wp\/v2\/users\/26"}],"replies":[{"embeddable":true,"href":"https:\/\/www.tunews24.it\/ilcorrieredellaprovincia\/wp-json\/wp\/v2\/comments?post=79555"}],"version-history":[{"count":1,"href":"https:\/\/www.tunews24.it\/ilcorrieredellaprovincia\/wp-json\/wp\/v2\/posts\/79555\/revisions"}],"predecessor-version":[{"id":79556,"href":"https:\/\/www.tunews24.it\/ilcorrieredellaprovincia\/wp-json\/wp\/v2\/posts\/79555\/revisions\/79556"}],"wp:featuredmedia":[{"embeddable":true,"href":"https:\/\/www.tunews24.it\/ilcorrieredellaprovincia\/wp-json\/wp\/v2\/media\/71442"}],"wp:attachment":[{"href":"https:\/\/www.tunews24.it\/ilcorrieredellaprovincia\/wp-json\/wp\/v2\/media?parent=79555"}],"wp:term":[{"taxonomy":"category","embeddable":true,"href":"https:\/\/www.tunews24.it\/ilcorrieredellaprovincia\/wp-json\/wp\/v2\/categories?post=79555"},{"taxonomy":"post_tag","embeddable":true,"href":"https:\/\/www.tunews24.it\/ilcorrieredellaprovincia\/wp-json\/wp\/v2\/tags?post=79555"}],"curies":[{"name":"wp","href":"https:\/\/api.w.org\/{rel}","templated":true}]}}