{"id":75680,"date":"2022-05-19T15:40:29","date_gmt":"2022-05-19T13:40:29","guid":{"rendered":"https:\/\/www.tunews24.it\/ilcorrieredellaprovincia\/?p=75680"},"modified":"2022-05-19T15:41:51","modified_gmt":"2022-05-19T13:41:51","slug":"elezioni-frosinone-vicano-illustra-il-piano-per-i-giovani-e-per-lo-sport","status":"publish","type":"post","link":"https:\/\/www.tunews24.it\/ilcorrieredellaprovincia\/2022\/05\/19\/elezioni-frosinone-vicano-illustra-il-piano-per-i-giovani-e-per-lo-sport\/","title":{"rendered":"Elezioni Frosinone, Vicano illustra il piano per i giovani e per lo sport"},"content":{"rendered":"\n<p>&#8220;Particolare attenzione nel nostro programma lo abbiamo riservato ai giovani, il nostro futuro, e allo sport, ad essi direttamente collegato.\u00a0 Una tematica nevralgica per lo sviluppo della citt\u00e0 cos\u00ec come la immaginiamo noi, accogliente e capace di dare risposte concrete a tutte le fasce sociali&#8221;. Cos\u00ec il candidato sindaco Mauro Vicano.  <br>E allora, entrando nel concreto, ecco i punti principali del nostro progetto per i giovani e per lo sport&#8221;.\u00a0<\/p>\n\n\n\n<ul class=\"wp-block-list\"><li>In collaborazione con altri enti pubblici (ASL di Frosinone), recupero dell\u2019edificio storico dell\u2019ex Dispensario antitubercolare provinciale di Frosinone (in disuso da oltre trenta anni) e destinazione a Centro ricreativo intergenerazionale. Centro diurno per anziani e luogo aggregativo per adolescenti e preadolescenti con attivit\u00e0 di musica, sport, laboratori socio educativi, di espressione artistica, attivit\u00e0 di doposcuola, di organizzazione di feste, giochi di animazione, attivit\u00e0 espressive e manuali;<\/li><li>Promozione di attivit\u00e0 culturali, &nbsp;sportive e ricreative specifiche per fasce di et\u00e0<\/li><li>Predisposizione di uno skate park comunale, con attrezzature adatte per eseguire trick su rampe (pipe e half-pipe) rispettando la sicurezza<\/li><li>Borse di studio per la formazione in Europa, anche in collaborazione con istituti scolastici<\/li><li>Incentivi all\u2019ideazione di servizi e prodotti erogati da giovani per giovani in un\u2019ottica di condivisione delle competenze che l\u2019Amministrazione pu\u00f2 supportare anche attraverso la messa a disposizione di locali e spazi comunali per gli under 35<\/li><li>Istituzione di postazioni di coworking negli ex uffici comunali in&nbsp;Piazza VI Dicembre rivolte a professionisti under 35 a costi di affitto calmierati. Le stesse postazioni possono essere utilizzate dai pendolari che fruiscono di accordi di smart working parziale<\/li><li>Biblioteca comunale: ampliamento con utilizzo di una sede maggiormente capiente con una rete internet performante, sempre in zona centro storico; valorizzazione della biblioteca con organizzazione di eventi di presentazione libri, club del libro ed altre iniziative simili che possano attrarre i giovani a studiare in quel luogo<\/li><li>Recupero del consiglio comunale dei giovani<\/li><li>Incentivi per giovani coppie, piano per la natalit\u00e0: bonus e sconti nelle farmacie private aderenti per prodotti della prima infanzia<\/li><li>Promozione del bonus psicologo INPS e di quello Regione Lazio attraverso attivit\u00e0 informative ai giovani<\/li><li>Valorizzazione del Palazzo dello Sport, in zona Casaleno, per un uso maggiore di quello attuale<\/li><li>Recupero e valorizzazione di impianti sportivi intercomunali in stato di abbandono<\/li><li>Creazione di piste ciclabili, cammini e percorsi di trekking urbano.<\/li><\/ul>\n","protected":false},"excerpt":{"rendered":"<p>&#8220;Particolare attenzione nel nostro programma lo abbiamo riservato ai giovani, il nostro futuro, e allo sport, ad essi direttamente collegato.\u00a0<\/p>\n","protected":false},"author":26,"featured_media":75681,"comment_status":"closed","ping_status":"closed","sticky":false,"template":"","format":"standard","meta":{"footnotes":""},"categories":[41,2236],"tags":[3989,7415,14888],"class_list":["post-75680","post","type-post","status-publish","format-standard","has-post-thumbnail","hentry","category-slide","category-attualita","tag-elezioni-frosinone","tag-mauro-vicano","tag-programma-vicano"],"yoast_head":"<!-- This site is optimized with the Yoast SEO plugin v23.9 - https:\/\/yoast.com\/wordpress\/plugins\/seo\/ -->\n<title>Elezioni Frosinone, Vicano illustra il piano per i giovani e per lo sport - IlCorriereDellaProvincia.it - News h24 e notizie di approfondimento<\/title>\n<meta name=\"robots\" content=\"index, follow, max-snippet:-1, max-image-preview:large, max-video-preview:-1\" \/>\n<link rel=\"canonical\" href=\"https:\/\/www.tunews24.it\/ilcorrieredellaprovincia\/2022\/05\/19\/elezioni-frosinone-vicano-illustra-il-piano-per-i-giovani-e-per-lo-sport\/\" \/>\n<meta property=\"og:locale\" content=\"it_IT\" \/>\n<meta property=\"og:type\" content=\"article\" \/>\n<meta property=\"og:title\" content=\"Elezioni Frosinone, Vicano illustra il piano per i giovani e per lo sport - IlCorriereDellaProvincia.it - News h24 e notizie di approfondimento\" \/>\n<meta property=\"og:description\" content=\"&#8220;Particolare attenzione nel nostro programma lo abbiamo riservato ai giovani, il nostro futuro, e allo sport, ad essi direttamente collegato.\u00a0\" \/>\n<meta property=\"og:url\" content=\"https:\/\/www.tunews24.it\/ilcorrieredellaprovincia\/2022\/05\/19\/elezioni-frosinone-vicano-illustra-il-piano-per-i-giovani-e-per-lo-sport\/\" \/>\n<meta property=\"og:site_name\" content=\"IlCorriereDellaProvincia.it - News h24 e notizie di approfondimento\" \/>\n<meta property=\"article:published_time\" content=\"2022-05-19T13:40:29+00:00\" \/>\n<meta property=\"article:modified_time\" content=\"2022-05-19T13:41:51+00:00\" \/>\n<meta property=\"og:image\" content=\"https:\/\/www.tunews24.it\/ilcorrieredellaprovincia\/wp-content\/uploads\/sites\/2\/2022\/05\/Mauro-VICANO-nuova.jpg\" \/>\n\t<meta property=\"og:image:width\" content=\"787\" \/>\n\t<meta property=\"og:image:height\" content=\"548\" \/>\n\t<meta property=\"og:image:type\" content=\"image\/jpeg\" \/>\n<meta name=\"author\" content=\"REDAZIONE LaProvinciaQuotidiano.it\" \/>\n<meta name=\"twitter:card\" content=\"summary_large_image\" \/>\n<meta name=\"twitter:label1\" content=\"Scritto da\" \/>\n\t<meta name=\"twitter:data1\" content=\"REDAZIONE LaProvinciaQuotidiano.it\" \/>\n\t<meta name=\"twitter:label2\" content=\"Tempo di lettura stimato\" \/>\n\t<meta name=\"twitter:data2\" content=\"2 minuti\" \/>\n<script type=\"application\/ld+json\" class=\"yoast-schema-graph\">{\"@context\":\"https:\/\/schema.org\",\"@graph\":[{\"@type\":\"Article\",\"@id\":\"https:\/\/www.tunews24.it\/ilcorrieredellaprovincia\/2022\/05\/19\/elezioni-frosinone-vicano-illustra-il-piano-per-i-giovani-e-per-lo-sport\/#article\",\"isPartOf\":{\"@id\":\"https:\/\/www.tunews24.it\/ilcorrieredellaprovincia\/2022\/05\/19\/elezioni-frosinone-vicano-illustra-il-piano-per-i-giovani-e-per-lo-sport\/\"},\"author\":{\"name\":\"REDAZIONE LaProvinciaQuotidiano.it\",\"@id\":\"https:\/\/www.tunews24.it\/ilcorrieredellaprovincia\/#\/schema\/person\/1835170ef005036a87455edae6571822\"},\"headline\":\"Elezioni Frosinone, Vicano illustra il piano per i giovani e per lo sport\",\"datePublished\":\"2022-05-19T13:40:29+00:00\",\"dateModified\":\"2022-05-19T13:41:51+00:00\",\"mainEntityOfPage\":{\"@id\":\"https:\/\/www.tunews24.it\/ilcorrieredellaprovincia\/2022\/05\/19\/elezioni-frosinone-vicano-illustra-il-piano-per-i-giovani-e-per-lo-sport\/\"},\"wordCount\":399,\"publisher\":{\"@id\":\"https:\/\/www.tunews24.it\/ilcorrieredellaprovincia\/#organization\"},\"image\":{\"@id\":\"https:\/\/www.tunews24.it\/ilcorrieredellaprovincia\/2022\/05\/19\/elezioni-frosinone-vicano-illustra-il-piano-per-i-giovani-e-per-lo-sport\/#primaryimage\"},\"thumbnailUrl\":\"https:\/\/www.tunews24.it\/ilcorrieredellaprovincia\/wp-content\/uploads\/sites\/2\/2022\/05\/Mauro-VICANO-nuova.jpg\",\"keywords\":[\"Elezioni frosinone\",\"Mauro Vicano\",\"programma vicano\"],\"articleSection\":[\"*SLIDE*\",\"Attualit\u00e0\"],\"inLanguage\":\"it-IT\"},{\"@type\":\"WebPage\",\"@id\":\"https:\/\/www.tunews24.it\/ilcorrieredellaprovincia\/2022\/05\/19\/elezioni-frosinone-vicano-illustra-il-piano-per-i-giovani-e-per-lo-sport\/\",\"url\":\"https:\/\/www.tunews24.it\/ilcorrieredellaprovincia\/2022\/05\/19\/elezioni-frosinone-vicano-illustra-il-piano-per-i-giovani-e-per-lo-sport\/\",\"name\":\"Elezioni Frosinone, Vicano illustra il piano per i giovani e per lo sport - IlCorriereDellaProvincia.it - News h24 e notizie di approfondimento\",\"isPartOf\":{\"@id\":\"https:\/\/www.tunews24.it\/ilcorrieredellaprovincia\/#website\"},\"primaryImageOfPage\":{\"@id\":\"https:\/\/www.tunews24.it\/ilcorrieredellaprovincia\/2022\/05\/19\/elezioni-frosinone-vicano-illustra-il-piano-per-i-giovani-e-per-lo-sport\/#primaryimage\"},\"image\":{\"@id\":\"https:\/\/www.tunews24.it\/ilcorrieredellaprovincia\/2022\/05\/19\/elezioni-frosinone-vicano-illustra-il-piano-per-i-giovani-e-per-lo-sport\/#primaryimage\"},\"thumbnailUrl\":\"https:\/\/www.tunews24.it\/ilcorrieredellaprovincia\/wp-content\/uploads\/sites\/2\/2022\/05\/Mauro-VICANO-nuova.jpg\",\"datePublished\":\"2022-05-19T13:40:29+00:00\",\"dateModified\":\"2022-05-19T13:41:51+00:00\",\"breadcrumb\":{\"@id\":\"https:\/\/www.tunews24.it\/ilcorrieredellaprovincia\/2022\/05\/19\/elezioni-frosinone-vicano-illustra-il-piano-per-i-giovani-e-per-lo-sport\/#breadcrumb\"},\"inLanguage\":\"it-IT\",\"potentialAction\":[{\"@type\":\"ReadAction\",\"target\":[\"https:\/\/www.tunews24.it\/ilcorrieredellaprovincia\/2022\/05\/19\/elezioni-frosinone-vicano-illustra-il-piano-per-i-giovani-e-per-lo-sport\/\"]}]},{\"@type\":\"ImageObject\",\"inLanguage\":\"it-IT\",\"@id\":\"https:\/\/www.tunews24.it\/ilcorrieredellaprovincia\/2022\/05\/19\/elezioni-frosinone-vicano-illustra-il-piano-per-i-giovani-e-per-lo-sport\/#primaryimage\",\"url\":\"https:\/\/www.tunews24.it\/ilcorrieredellaprovincia\/wp-content\/uploads\/sites\/2\/2022\/05\/Mauro-VICANO-nuova.jpg\",\"contentUrl\":\"https:\/\/www.tunews24.it\/ilcorrieredellaprovincia\/wp-content\/uploads\/sites\/2\/2022\/05\/Mauro-VICANO-nuova.jpg\",\"width\":787,\"height\":548},{\"@type\":\"BreadcrumbList\",\"@id\":\"https:\/\/www.tunews24.it\/ilcorrieredellaprovincia\/2022\/05\/19\/elezioni-frosinone-vicano-illustra-il-piano-per-i-giovani-e-per-lo-sport\/#breadcrumb\",\"itemListElement\":[{\"@type\":\"ListItem\",\"position\":1,\"name\":\"Home\",\"item\":\"https:\/\/www.tunews24.it\/ilcorrieredellaprovincia\/\"},{\"@type\":\"ListItem\",\"position\":2,\"name\":\"Elezioni Frosinone, Vicano illustra il piano per i giovani e per lo sport\"}]},{\"@type\":\"WebSite\",\"@id\":\"https:\/\/www.tunews24.it\/ilcorrieredellaprovincia\/#website\",\"url\":\"https:\/\/www.tunews24.it\/ilcorrieredellaprovincia\/\",\"name\":\"Il Corriere Delle Provincia\",\"description\":\"IlCorriereDellaProvincia.it, quotidiano web di politica, cronaca, inchiesta, lavoro, scuola, turismo, cultura e spettacolo, economia e finanza, salute e benessere. Approfondimenti e notizie aggiornate con foto e video della provincia di Frosinone ma anche news nazionali, dell\u2019Italia e del Mondo.\",\"publisher\":{\"@id\":\"https:\/\/www.tunews24.it\/ilcorrieredellaprovincia\/#organization\"},\"potentialAction\":[{\"@type\":\"SearchAction\",\"target\":{\"@type\":\"EntryPoint\",\"urlTemplate\":\"https:\/\/www.tunews24.it\/ilcorrieredellaprovincia\/?s={search_term_string}\"},\"query-input\":{\"@type\":\"PropertyValueSpecification\",\"valueRequired\":true,\"valueName\":\"search_term_string\"}}],\"inLanguage\":\"it-IT\"},{\"@type\":\"Organization\",\"@id\":\"https:\/\/www.tunews24.it\/ilcorrieredellaprovincia\/#organization\",\"name\":\"Globalpress s.r.l.\",\"url\":\"https:\/\/www.tunews24.it\/ilcorrieredellaprovincia\/\",\"logo\":{\"@type\":\"ImageObject\",\"inLanguage\":\"it-IT\",\"@id\":\"https:\/\/www.tunews24.it\/ilcorrieredellaprovincia\/#\/schema\/logo\/image\/\",\"url\":\"https:\/\/www.tunews24.it\/ilcorrieredellaprovincia\/wp-content\/uploads\/sites\/2\/2022\/11\/cropped-il-corriere-della-provincia-testata-web-scontornata.png\",\"contentUrl\":\"https:\/\/www.tunews24.it\/ilcorrieredellaprovincia\/wp-content\/uploads\/sites\/2\/2022\/11\/cropped-il-corriere-della-provincia-testata-web-scontornata.png\",\"width\":2911,\"height\":717,\"caption\":\"Globalpress s.r.l.\"},\"image\":{\"@id\":\"https:\/\/www.tunews24.it\/ilcorrieredellaprovincia\/#\/schema\/logo\/image\/\"}},{\"@type\":\"Person\",\"@id\":\"https:\/\/www.tunews24.it\/ilcorrieredellaprovincia\/#\/schema\/person\/1835170ef005036a87455edae6571822\",\"name\":\"REDAZIONE LaProvinciaQuotidiano.it\",\"image\":{\"@type\":\"ImageObject\",\"inLanguage\":\"it-IT\",\"@id\":\"https:\/\/www.tunews24.it\/ilcorrieredellaprovincia\/#\/schema\/person\/image\/\",\"url\":\"https:\/\/secure.gravatar.com\/avatar\/e8cd08b1cdbc88da7f6798b57e3c6e5e?s=96&d=mm&r=g\",\"contentUrl\":\"https:\/\/secure.gravatar.com\/avatar\/e8cd08b1cdbc88da7f6798b57e3c6e5e?s=96&d=mm&r=g\",\"caption\":\"REDAZIONE LaProvinciaQuotidiano.it\"},\"description\":\"Seguici anche su Telegram: CLICCA QUI\",\"url\":\"https:\/\/www.tunews24.it\/ilcorrieredellaprovincia\/author\/redazione\/\"}]}<\/script>\n<!-- \/ Yoast SEO plugin. -->","yoast_head_json":{"title":"Elezioni Frosinone, Vicano illustra il piano per i giovani e per lo sport - IlCorriereDellaProvincia.it - News h24 e notizie di approfondimento","robots":{"index":"index","follow":"follow","max-snippet":"max-snippet:-1","max-image-preview":"max-image-preview:large","max-video-preview":"max-video-preview:-1"},"canonical":"https:\/\/www.tunews24.it\/ilcorrieredellaprovincia\/2022\/05\/19\/elezioni-frosinone-vicano-illustra-il-piano-per-i-giovani-e-per-lo-sport\/","og_locale":"it_IT","og_type":"article","og_title":"Elezioni Frosinone, Vicano illustra il piano per i giovani e per lo sport - IlCorriereDellaProvincia.it - News h24 e notizie di approfondimento","og_description":"&#8220;Particolare attenzione nel nostro programma lo abbiamo riservato ai giovani, il nostro futuro, e allo sport, ad essi direttamente collegato.\u00a0","og_url":"https:\/\/www.tunews24.it\/ilcorrieredellaprovincia\/2022\/05\/19\/elezioni-frosinone-vicano-illustra-il-piano-per-i-giovani-e-per-lo-sport\/","og_site_name":"IlCorriereDellaProvincia.it - News h24 e notizie di approfondimento","article_published_time":"2022-05-19T13:40:29+00:00","article_modified_time":"2022-05-19T13:41:51+00:00","og_image":[{"width":787,"height":548,"url":"https:\/\/www.tunews24.it\/ilcorrieredellaprovincia\/wp-content\/uploads\/sites\/2\/2022\/05\/Mauro-VICANO-nuova.jpg","type":"image\/jpeg"}],"author":"REDAZIONE LaProvinciaQuotidiano.it","twitter_card":"summary_large_image","twitter_misc":{"Scritto da":"REDAZIONE LaProvinciaQuotidiano.it","Tempo di lettura stimato":"2 minuti"},"schema":{"@context":"https:\/\/schema.org","@graph":[{"@type":"Article","@id":"https:\/\/www.tunews24.it\/ilcorrieredellaprovincia\/2022\/05\/19\/elezioni-frosinone-vicano-illustra-il-piano-per-i-giovani-e-per-lo-sport\/#article","isPartOf":{"@id":"https:\/\/www.tunews24.it\/ilcorrieredellaprovincia\/2022\/05\/19\/elezioni-frosinone-vicano-illustra-il-piano-per-i-giovani-e-per-lo-sport\/"},"author":{"name":"REDAZIONE LaProvinciaQuotidiano.it","@id":"https:\/\/www.tunews24.it\/ilcorrieredellaprovincia\/#\/schema\/person\/1835170ef005036a87455edae6571822"},"headline":"Elezioni Frosinone, Vicano illustra il piano per i giovani e per lo sport","datePublished":"2022-05-19T13:40:29+00:00","dateModified":"2022-05-19T13:41:51+00:00","mainEntityOfPage":{"@id":"https:\/\/www.tunews24.it\/ilcorrieredellaprovincia\/2022\/05\/19\/elezioni-frosinone-vicano-illustra-il-piano-per-i-giovani-e-per-lo-sport\/"},"wordCount":399,"publisher":{"@id":"https:\/\/www.tunews24.it\/ilcorrieredellaprovincia\/#organization"},"image":{"@id":"https:\/\/www.tunews24.it\/ilcorrieredellaprovincia\/2022\/05\/19\/elezioni-frosinone-vicano-illustra-il-piano-per-i-giovani-e-per-lo-sport\/#primaryimage"},"thumbnailUrl":"https:\/\/www.tunews24.it\/ilcorrieredellaprovincia\/wp-content\/uploads\/sites\/2\/2022\/05\/Mauro-VICANO-nuova.jpg","keywords":["Elezioni frosinone","Mauro Vicano","programma vicano"],"articleSection":["*SLIDE*","Attualit\u00e0"],"inLanguage":"it-IT"},{"@type":"WebPage","@id":"https:\/\/www.tunews24.it\/ilcorrieredellaprovincia\/2022\/05\/19\/elezioni-frosinone-vicano-illustra-il-piano-per-i-giovani-e-per-lo-sport\/","url":"https:\/\/www.tunews24.it\/ilcorrieredellaprovincia\/2022\/05\/19\/elezioni-frosinone-vicano-illustra-il-piano-per-i-giovani-e-per-lo-sport\/","name":"Elezioni Frosinone, Vicano illustra il piano per i giovani e per lo sport - IlCorriereDellaProvincia.it - News h24 e notizie di approfondimento","isPartOf":{"@id":"https:\/\/www.tunews24.it\/ilcorrieredellaprovincia\/#website"},"primaryImageOfPage":{"@id":"https:\/\/www.tunews24.it\/ilcorrieredellaprovincia\/2022\/05\/19\/elezioni-frosinone-vicano-illustra-il-piano-per-i-giovani-e-per-lo-sport\/#primaryimage"},"image":{"@id":"https:\/\/www.tunews24.it\/ilcorrieredellaprovincia\/2022\/05\/19\/elezioni-frosinone-vicano-illustra-il-piano-per-i-giovani-e-per-lo-sport\/#primaryimage"},"thumbnailUrl":"https:\/\/www.tunews24.it\/ilcorrieredellaprovincia\/wp-content\/uploads\/sites\/2\/2022\/05\/Mauro-VICANO-nuova.jpg","datePublished":"2022-05-19T13:40:29+00:00","dateModified":"2022-05-19T13:41:51+00:00","breadcrumb":{"@id":"https:\/\/www.tunews24.it\/ilcorrieredellaprovincia\/2022\/05\/19\/elezioni-frosinone-vicano-illustra-il-piano-per-i-giovani-e-per-lo-sport\/#breadcrumb"},"inLanguage":"it-IT","potentialAction":[{"@type":"ReadAction","target":["https:\/\/www.tunews24.it\/ilcorrieredellaprovincia\/2022\/05\/19\/elezioni-frosinone-vicano-illustra-il-piano-per-i-giovani-e-per-lo-sport\/"]}]},{"@type":"ImageObject","inLanguage":"it-IT","@id":"https:\/\/www.tunews24.it\/ilcorrieredellaprovincia\/2022\/05\/19\/elezioni-frosinone-vicano-illustra-il-piano-per-i-giovani-e-per-lo-sport\/#primaryimage","url":"https:\/\/www.tunews24.it\/ilcorrieredellaprovincia\/wp-content\/uploads\/sites\/2\/2022\/05\/Mauro-VICANO-nuova.jpg","contentUrl":"https:\/\/www.tunews24.it\/ilcorrieredellaprovincia\/wp-content\/uploads\/sites\/2\/2022\/05\/Mauro-VICANO-nuova.jpg","width":787,"height":548},{"@type":"BreadcrumbList","@id":"https:\/\/www.tunews24.it\/ilcorrieredellaprovincia\/2022\/05\/19\/elezioni-frosinone-vicano-illustra-il-piano-per-i-giovani-e-per-lo-sport\/#breadcrumb","itemListElement":[{"@type":"ListItem","position":1,"name":"Home","item":"https:\/\/www.tunews24.it\/ilcorrieredellaprovincia\/"},{"@type":"ListItem","position":2,"name":"Elezioni Frosinone, Vicano illustra il piano per i giovani e per lo sport"}]},{"@type":"WebSite","@id":"https:\/\/www.tunews24.it\/ilcorrieredellaprovincia\/#website","url":"https:\/\/www.tunews24.it\/ilcorrieredellaprovincia\/","name":"Il Corriere Delle Provincia","description":"IlCorriereDellaProvincia.it, quotidiano web di politica, cronaca, inchiesta, lavoro, scuola, turismo, cultura e spettacolo, economia e finanza, salute e benessere. Approfondimenti e notizie aggiornate con foto e video della provincia di Frosinone ma anche news nazionali, dell\u2019Italia e del Mondo.","publisher":{"@id":"https:\/\/www.tunews24.it\/ilcorrieredellaprovincia\/#organization"},"potentialAction":[{"@type":"SearchAction","target":{"@type":"EntryPoint","urlTemplate":"https:\/\/www.tunews24.it\/ilcorrieredellaprovincia\/?s={search_term_string}"},"query-input":{"@type":"PropertyValueSpecification","valueRequired":true,"valueName":"search_term_string"}}],"inLanguage":"it-IT"},{"@type":"Organization","@id":"https:\/\/www.tunews24.it\/ilcorrieredellaprovincia\/#organization","name":"Globalpress s.r.l.","url":"https:\/\/www.tunews24.it\/ilcorrieredellaprovincia\/","logo":{"@type":"ImageObject","inLanguage":"it-IT","@id":"https:\/\/www.tunews24.it\/ilcorrieredellaprovincia\/#\/schema\/logo\/image\/","url":"https:\/\/www.tunews24.it\/ilcorrieredellaprovincia\/wp-content\/uploads\/sites\/2\/2022\/11\/cropped-il-corriere-della-provincia-testata-web-scontornata.png","contentUrl":"https:\/\/www.tunews24.it\/ilcorrieredellaprovincia\/wp-content\/uploads\/sites\/2\/2022\/11\/cropped-il-corriere-della-provincia-testata-web-scontornata.png","width":2911,"height":717,"caption":"Globalpress s.r.l."},"image":{"@id":"https:\/\/www.tunews24.it\/ilcorrieredellaprovincia\/#\/schema\/logo\/image\/"}},{"@type":"Person","@id":"https:\/\/www.tunews24.it\/ilcorrieredellaprovincia\/#\/schema\/person\/1835170ef005036a87455edae6571822","name":"REDAZIONE LaProvinciaQuotidiano.it","image":{"@type":"ImageObject","inLanguage":"it-IT","@id":"https:\/\/www.tunews24.it\/ilcorrieredellaprovincia\/#\/schema\/person\/image\/","url":"https:\/\/secure.gravatar.com\/avatar\/e8cd08b1cdbc88da7f6798b57e3c6e5e?s=96&d=mm&r=g","contentUrl":"https:\/\/secure.gravatar.com\/avatar\/e8cd08b1cdbc88da7f6798b57e3c6e5e?s=96&d=mm&r=g","caption":"REDAZIONE LaProvinciaQuotidiano.it"},"description":"Seguici anche su Telegram: CLICCA QUI","url":"https:\/\/www.tunews24.it\/ilcorrieredellaprovincia\/author\/redazione\/"}]}},"_links":{"self":[{"href":"https:\/\/www.tunews24.it\/ilcorrieredellaprovincia\/wp-json\/wp\/v2\/posts\/75680","targetHints":{"allow":["GET"]}}],"collection":[{"href":"https:\/\/www.tunews24.it\/ilcorrieredellaprovincia\/wp-json\/wp\/v2\/posts"}],"about":[{"href":"https:\/\/www.tunews24.it\/ilcorrieredellaprovincia\/wp-json\/wp\/v2\/types\/post"}],"author":[{"embeddable":true,"href":"https:\/\/www.tunews24.it\/ilcorrieredellaprovincia\/wp-json\/wp\/v2\/users\/26"}],"replies":[{"embeddable":true,"href":"https:\/\/www.tunews24.it\/ilcorrieredellaprovincia\/wp-json\/wp\/v2\/comments?post=75680"}],"version-history":[{"count":2,"href":"https:\/\/www.tunews24.it\/ilcorrieredellaprovincia\/wp-json\/wp\/v2\/posts\/75680\/revisions"}],"predecessor-version":[{"id":75684,"href":"https:\/\/www.tunews24.it\/ilcorrieredellaprovincia\/wp-json\/wp\/v2\/posts\/75680\/revisions\/75684"}],"wp:featuredmedia":[{"embeddable":true,"href":"https:\/\/www.tunews24.it\/ilcorrieredellaprovincia\/wp-json\/wp\/v2\/media\/75681"}],"wp:attachment":[{"href":"https:\/\/www.tunews24.it\/ilcorrieredellaprovincia\/wp-json\/wp\/v2\/media?parent=75680"}],"wp:term":[{"taxonomy":"category","embeddable":true,"href":"https:\/\/www.tunews24.it\/ilcorrieredellaprovincia\/wp-json\/wp\/v2\/categories?post=75680"},{"taxonomy":"post_tag","embeddable":true,"href":"https:\/\/www.tunews24.it\/ilcorrieredellaprovincia\/wp-json\/wp\/v2\/tags?post=75680"}],"curies":[{"name":"wp","href":"https:\/\/api.w.org\/{rel}","templated":true}]}}