{"id":75144,"date":"2022-05-12T06:00:41","date_gmt":"2022-05-12T04:00:41","guid":{"rendered":"https:\/\/www.tunews24.it\/ilcorrieredellaprovincia\/?p=75144"},"modified":"2022-05-12T06:50:30","modified_gmt":"2022-05-12T04:50:30","slug":"frosinone-luca-cuppini-in-campo-con-il-polo-civico","status":"publish","type":"post","link":"https:\/\/www.tunews24.it\/ilcorrieredellaprovincia\/2022\/05\/12\/frosinone-luca-cuppini-in-campo-con-il-polo-civico\/","title":{"rendered":"Frosinone, Luca Cuppini in campo con il Polo Civico"},"content":{"rendered":"\n<p>Luca Cuppini \u00e8 un manager aziendale. Ha scelto di candidarsi al consiglio comunale di Frosinone per rappresentare il Polo Civico, il movimento che fa riferimento a Gianfranco Pizzutelli.<br>Cuppini sa cosa vuol dire rapportarsi con le persone. Pertanto \u201cchi decide di assumere incarichi politici, ovvero di gestione amministrativa di una comunit\u00e0 \u2013 sostiene il candidato &#8211; decide di assumere precise responsabilit\u00e0 nei confronti della popolazione che ha scelto di eleggerlo. Sarebbe sano, dunque, se quel legame non si dissolvesse n\u00e9 tra i rappresentanti politici n\u00e9 con gli apparati amministrativi. Anzi fosse rafforzato e disciplinato da appositi sportelli dedicati all&#8217;utenza. Non \u00e8 utopia pensare al potenziamento dell&#8217;organico comunale proprio al fine di migliorare e riavvicinare i rapporti con i cittadini utenti e venire incontro alle loro aspettative in termini di servizi e informazioni. Trasparenza \u00e8 anche e soprattutto questo\u201d.<br>\u201cIn un&#8217;azienda a volte una parola appropriata \u2013 ha aggiunto &#8211; pu\u00f2 cambiare il percorso di un dialogo, pu\u00f2 determinare una scelta, pu\u00f2 diventare un beneficio o una conseguenza. Anche in una pubblica amministrazione, che \u00e8 ben altra cosa s&#8217;intende di un ambiente privato, \u00e8 importante instaurare un rapporto di fiducia e chiarezza con gli utenti. Pu\u00f2 essere d&#8217;aiuto sia per il cittadino, sia per l&#8217;ente\u201d.<\/p>\n\n\n\n<div class=\"wp-block-image\"><figure class=\"aligncenter size-full\"><img loading=\"lazy\" decoding=\"async\" width=\"465\" height=\"397\" src=\"https:\/\/www.tunews24.it\/ilcorrieredellaprovincia\/wp-content\/uploads\/sites\/2\/2022\/04\/polo.civico.jpg\" alt=\"\" class=\"wp-image-73411\" srcset=\"https:\/\/www.tunews24.it\/ilcorrieredellaprovincia\/wp-content\/uploads\/sites\/2\/2022\/04\/polo.civico.jpg 465w, https:\/\/www.tunews24.it\/ilcorrieredellaprovincia\/wp-content\/uploads\/sites\/2\/2022\/04\/polo.civico-300x256.jpg 300w\" sizes=\"auto, (max-width: 465px) 100vw, 465px\" \/><\/figure><\/div>\n","protected":false},"excerpt":{"rendered":"<p>Luca Cuppini \u00e8 un manager aziendale. Ha scelto di candidarsi al consiglio comunale di Frosinone per rappresentare il Polo Civico,<\/p>\n","protected":false},"author":26,"featured_media":75145,"comment_status":"closed","ping_status":"closed","sticky":false,"template":"","format":"standard","meta":{"footnotes":""},"categories":[4],"tags":[3989,1257,14830,854],"class_list":["post-75144","post","type-post","status-publish","format-standard","has-post-thumbnail","hentry","category-primo-piano","tag-elezioni-frosinone","tag-gianfranco-pizzutelli","tag-luca-cupini","tag-polo-civico"],"yoast_head":"<!-- This site is optimized with the Yoast SEO plugin v23.9 - https:\/\/yoast.com\/wordpress\/plugins\/seo\/ -->\n<title>Frosinone, Luca Cuppini in campo con il Polo Civico - IlCorriereDellaProvincia.it - News h24 e notizie di approfondimento<\/title>\n<meta name=\"robots\" content=\"index, follow, max-snippet:-1, max-image-preview:large, max-video-preview:-1\" \/>\n<link rel=\"canonical\" href=\"https:\/\/www.tunews24.it\/ilcorrieredellaprovincia\/2022\/05\/12\/frosinone-luca-cuppini-in-campo-con-il-polo-civico\/\" \/>\n<meta property=\"og:locale\" content=\"it_IT\" \/>\n<meta property=\"og:type\" content=\"article\" \/>\n<meta property=\"og:title\" content=\"Frosinone, Luca Cuppini in campo con il Polo Civico - IlCorriereDellaProvincia.it - News h24 e notizie di approfondimento\" \/>\n<meta property=\"og:description\" content=\"Luca Cuppini \u00e8 un manager aziendale. Ha scelto di candidarsi al consiglio comunale di Frosinone per rappresentare il Polo Civico,\" \/>\n<meta property=\"og:url\" content=\"https:\/\/www.tunews24.it\/ilcorrieredellaprovincia\/2022\/05\/12\/frosinone-luca-cuppini-in-campo-con-il-polo-civico\/\" \/>\n<meta property=\"og:site_name\" content=\"IlCorriereDellaProvincia.it - News h24 e notizie di approfondimento\" \/>\n<meta property=\"article:published_time\" content=\"2022-05-12T04:00:41+00:00\" \/>\n<meta property=\"article:modified_time\" content=\"2022-05-12T04:50:30+00:00\" \/>\n<meta property=\"og:image\" content=\"https:\/\/www.tunews24.it\/ilcorrieredellaprovincia\/wp-content\/uploads\/sites\/2\/2022\/05\/luca-cuppini-polo-civico.jpg\" \/>\n\t<meta property=\"og:image:width\" content=\"622\" \/>\n\t<meta property=\"og:image:height\" content=\"505\" \/>\n\t<meta property=\"og:image:type\" content=\"image\/jpeg\" \/>\n<meta name=\"author\" content=\"REDAZIONE LaProvinciaQuotidiano.it\" \/>\n<meta name=\"twitter:card\" content=\"summary_large_image\" \/>\n<meta name=\"twitter:label1\" content=\"Scritto da\" \/>\n\t<meta name=\"twitter:data1\" content=\"REDAZIONE LaProvinciaQuotidiano.it\" \/>\n\t<meta name=\"twitter:label2\" content=\"Tempo di lettura stimato\" \/>\n\t<meta name=\"twitter:data2\" content=\"2 minuti\" \/>\n<script type=\"application\/ld+json\" class=\"yoast-schema-graph\">{\"@context\":\"https:\/\/schema.org\",\"@graph\":[{\"@type\":\"Article\",\"@id\":\"https:\/\/www.tunews24.it\/ilcorrieredellaprovincia\/2022\/05\/12\/frosinone-luca-cuppini-in-campo-con-il-polo-civico\/#article\",\"isPartOf\":{\"@id\":\"https:\/\/www.tunews24.it\/ilcorrieredellaprovincia\/2022\/05\/12\/frosinone-luca-cuppini-in-campo-con-il-polo-civico\/\"},\"author\":{\"name\":\"REDAZIONE LaProvinciaQuotidiano.it\",\"@id\":\"https:\/\/www.tunews24.it\/ilcorrieredellaprovincia\/#\/schema\/person\/1835170ef005036a87455edae6571822\"},\"headline\":\"Frosinone, Luca Cuppini in campo con il Polo Civico\",\"datePublished\":\"2022-05-12T04:00:41+00:00\",\"dateModified\":\"2022-05-12T04:50:30+00:00\",\"mainEntityOfPage\":{\"@id\":\"https:\/\/www.tunews24.it\/ilcorrieredellaprovincia\/2022\/05\/12\/frosinone-luca-cuppini-in-campo-con-il-polo-civico\/\"},\"wordCount\":212,\"publisher\":{\"@id\":\"https:\/\/www.tunews24.it\/ilcorrieredellaprovincia\/#organization\"},\"image\":{\"@id\":\"https:\/\/www.tunews24.it\/ilcorrieredellaprovincia\/2022\/05\/12\/frosinone-luca-cuppini-in-campo-con-il-polo-civico\/#primaryimage\"},\"thumbnailUrl\":\"https:\/\/www.tunews24.it\/ilcorrieredellaprovincia\/wp-content\/uploads\/sites\/2\/2022\/05\/luca-cuppini-polo-civico.jpg\",\"keywords\":[\"Elezioni frosinone\",\"gianfranco Pizzutelli\",\"luca cupini\",\"polo civico\"],\"articleSection\":[\"*PRIMO PIANO*\"],\"inLanguage\":\"it-IT\"},{\"@type\":\"WebPage\",\"@id\":\"https:\/\/www.tunews24.it\/ilcorrieredellaprovincia\/2022\/05\/12\/frosinone-luca-cuppini-in-campo-con-il-polo-civico\/\",\"url\":\"https:\/\/www.tunews24.it\/ilcorrieredellaprovincia\/2022\/05\/12\/frosinone-luca-cuppini-in-campo-con-il-polo-civico\/\",\"name\":\"Frosinone, Luca Cuppini in campo con il Polo Civico - IlCorriereDellaProvincia.it - News h24 e notizie di approfondimento\",\"isPartOf\":{\"@id\":\"https:\/\/www.tunews24.it\/ilcorrieredellaprovincia\/#website\"},\"primaryImageOfPage\":{\"@id\":\"https:\/\/www.tunews24.it\/ilcorrieredellaprovincia\/2022\/05\/12\/frosinone-luca-cuppini-in-campo-con-il-polo-civico\/#primaryimage\"},\"image\":{\"@id\":\"https:\/\/www.tunews24.it\/ilcorrieredellaprovincia\/2022\/05\/12\/frosinone-luca-cuppini-in-campo-con-il-polo-civico\/#primaryimage\"},\"thumbnailUrl\":\"https:\/\/www.tunews24.it\/ilcorrieredellaprovincia\/wp-content\/uploads\/sites\/2\/2022\/05\/luca-cuppini-polo-civico.jpg\",\"datePublished\":\"2022-05-12T04:00:41+00:00\",\"dateModified\":\"2022-05-12T04:50:30+00:00\",\"breadcrumb\":{\"@id\":\"https:\/\/www.tunews24.it\/ilcorrieredellaprovincia\/2022\/05\/12\/frosinone-luca-cuppini-in-campo-con-il-polo-civico\/#breadcrumb\"},\"inLanguage\":\"it-IT\",\"potentialAction\":[{\"@type\":\"ReadAction\",\"target\":[\"https:\/\/www.tunews24.it\/ilcorrieredellaprovincia\/2022\/05\/12\/frosinone-luca-cuppini-in-campo-con-il-polo-civico\/\"]}]},{\"@type\":\"ImageObject\",\"inLanguage\":\"it-IT\",\"@id\":\"https:\/\/www.tunews24.it\/ilcorrieredellaprovincia\/2022\/05\/12\/frosinone-luca-cuppini-in-campo-con-il-polo-civico\/#primaryimage\",\"url\":\"https:\/\/www.tunews24.it\/ilcorrieredellaprovincia\/wp-content\/uploads\/sites\/2\/2022\/05\/luca-cuppini-polo-civico.jpg\",\"contentUrl\":\"https:\/\/www.tunews24.it\/ilcorrieredellaprovincia\/wp-content\/uploads\/sites\/2\/2022\/05\/luca-cuppini-polo-civico.jpg\",\"width\":622,\"height\":505},{\"@type\":\"BreadcrumbList\",\"@id\":\"https:\/\/www.tunews24.it\/ilcorrieredellaprovincia\/2022\/05\/12\/frosinone-luca-cuppini-in-campo-con-il-polo-civico\/#breadcrumb\",\"itemListElement\":[{\"@type\":\"ListItem\",\"position\":1,\"name\":\"Home\",\"item\":\"https:\/\/www.tunews24.it\/ilcorrieredellaprovincia\/\"},{\"@type\":\"ListItem\",\"position\":2,\"name\":\"Frosinone, Luca Cuppini in campo con il Polo Civico\"}]},{\"@type\":\"WebSite\",\"@id\":\"https:\/\/www.tunews24.it\/ilcorrieredellaprovincia\/#website\",\"url\":\"https:\/\/www.tunews24.it\/ilcorrieredellaprovincia\/\",\"name\":\"Il Corriere Delle Provincia\",\"description\":\"IlCorriereDellaProvincia.it, quotidiano web di politica, cronaca, inchiesta, lavoro, scuola, turismo, cultura e spettacolo, economia e finanza, salute e benessere. Approfondimenti e notizie aggiornate con foto e video della provincia di Frosinone ma anche news nazionali, dell\u2019Italia e del Mondo.\",\"publisher\":{\"@id\":\"https:\/\/www.tunews24.it\/ilcorrieredellaprovincia\/#organization\"},\"potentialAction\":[{\"@type\":\"SearchAction\",\"target\":{\"@type\":\"EntryPoint\",\"urlTemplate\":\"https:\/\/www.tunews24.it\/ilcorrieredellaprovincia\/?s={search_term_string}\"},\"query-input\":{\"@type\":\"PropertyValueSpecification\",\"valueRequired\":true,\"valueName\":\"search_term_string\"}}],\"inLanguage\":\"it-IT\"},{\"@type\":\"Organization\",\"@id\":\"https:\/\/www.tunews24.it\/ilcorrieredellaprovincia\/#organization\",\"name\":\"Globalpress s.r.l.\",\"url\":\"https:\/\/www.tunews24.it\/ilcorrieredellaprovincia\/\",\"logo\":{\"@type\":\"ImageObject\",\"inLanguage\":\"it-IT\",\"@id\":\"https:\/\/www.tunews24.it\/ilcorrieredellaprovincia\/#\/schema\/logo\/image\/\",\"url\":\"https:\/\/www.tunews24.it\/ilcorrieredellaprovincia\/wp-content\/uploads\/sites\/2\/2022\/11\/cropped-il-corriere-della-provincia-testata-web-scontornata.png\",\"contentUrl\":\"https:\/\/www.tunews24.it\/ilcorrieredellaprovincia\/wp-content\/uploads\/sites\/2\/2022\/11\/cropped-il-corriere-della-provincia-testata-web-scontornata.png\",\"width\":2911,\"height\":717,\"caption\":\"Globalpress s.r.l.\"},\"image\":{\"@id\":\"https:\/\/www.tunews24.it\/ilcorrieredellaprovincia\/#\/schema\/logo\/image\/\"}},{\"@type\":\"Person\",\"@id\":\"https:\/\/www.tunews24.it\/ilcorrieredellaprovincia\/#\/schema\/person\/1835170ef005036a87455edae6571822\",\"name\":\"REDAZIONE LaProvinciaQuotidiano.it\",\"image\":{\"@type\":\"ImageObject\",\"inLanguage\":\"it-IT\",\"@id\":\"https:\/\/www.tunews24.it\/ilcorrieredellaprovincia\/#\/schema\/person\/image\/\",\"url\":\"https:\/\/secure.gravatar.com\/avatar\/e8cd08b1cdbc88da7f6798b57e3c6e5e?s=96&d=mm&r=g\",\"contentUrl\":\"https:\/\/secure.gravatar.com\/avatar\/e8cd08b1cdbc88da7f6798b57e3c6e5e?s=96&d=mm&r=g\",\"caption\":\"REDAZIONE LaProvinciaQuotidiano.it\"},\"description\":\"Seguici anche su Telegram: CLICCA QUI\",\"url\":\"https:\/\/www.tunews24.it\/ilcorrieredellaprovincia\/author\/redazione\/\"}]}<\/script>\n<!-- \/ Yoast SEO plugin. -->","yoast_head_json":{"title":"Frosinone, Luca Cuppini in campo con il Polo Civico - IlCorriereDellaProvincia.it - News h24 e notizie di approfondimento","robots":{"index":"index","follow":"follow","max-snippet":"max-snippet:-1","max-image-preview":"max-image-preview:large","max-video-preview":"max-video-preview:-1"},"canonical":"https:\/\/www.tunews24.it\/ilcorrieredellaprovincia\/2022\/05\/12\/frosinone-luca-cuppini-in-campo-con-il-polo-civico\/","og_locale":"it_IT","og_type":"article","og_title":"Frosinone, Luca Cuppini in campo con il Polo Civico - IlCorriereDellaProvincia.it - News h24 e notizie di approfondimento","og_description":"Luca Cuppini \u00e8 un manager aziendale. Ha scelto di candidarsi al consiglio comunale di Frosinone per rappresentare il Polo Civico,","og_url":"https:\/\/www.tunews24.it\/ilcorrieredellaprovincia\/2022\/05\/12\/frosinone-luca-cuppini-in-campo-con-il-polo-civico\/","og_site_name":"IlCorriereDellaProvincia.it - News h24 e notizie di approfondimento","article_published_time":"2022-05-12T04:00:41+00:00","article_modified_time":"2022-05-12T04:50:30+00:00","og_image":[{"width":622,"height":505,"url":"https:\/\/www.tunews24.it\/ilcorrieredellaprovincia\/wp-content\/uploads\/sites\/2\/2022\/05\/luca-cuppini-polo-civico.jpg","type":"image\/jpeg"}],"author":"REDAZIONE LaProvinciaQuotidiano.it","twitter_card":"summary_large_image","twitter_misc":{"Scritto da":"REDAZIONE LaProvinciaQuotidiano.it","Tempo di lettura stimato":"2 minuti"},"schema":{"@context":"https:\/\/schema.org","@graph":[{"@type":"Article","@id":"https:\/\/www.tunews24.it\/ilcorrieredellaprovincia\/2022\/05\/12\/frosinone-luca-cuppini-in-campo-con-il-polo-civico\/#article","isPartOf":{"@id":"https:\/\/www.tunews24.it\/ilcorrieredellaprovincia\/2022\/05\/12\/frosinone-luca-cuppini-in-campo-con-il-polo-civico\/"},"author":{"name":"REDAZIONE LaProvinciaQuotidiano.it","@id":"https:\/\/www.tunews24.it\/ilcorrieredellaprovincia\/#\/schema\/person\/1835170ef005036a87455edae6571822"},"headline":"Frosinone, Luca Cuppini in campo con il Polo Civico","datePublished":"2022-05-12T04:00:41+00:00","dateModified":"2022-05-12T04:50:30+00:00","mainEntityOfPage":{"@id":"https:\/\/www.tunews24.it\/ilcorrieredellaprovincia\/2022\/05\/12\/frosinone-luca-cuppini-in-campo-con-il-polo-civico\/"},"wordCount":212,"publisher":{"@id":"https:\/\/www.tunews24.it\/ilcorrieredellaprovincia\/#organization"},"image":{"@id":"https:\/\/www.tunews24.it\/ilcorrieredellaprovincia\/2022\/05\/12\/frosinone-luca-cuppini-in-campo-con-il-polo-civico\/#primaryimage"},"thumbnailUrl":"https:\/\/www.tunews24.it\/ilcorrieredellaprovincia\/wp-content\/uploads\/sites\/2\/2022\/05\/luca-cuppini-polo-civico.jpg","keywords":["Elezioni frosinone","gianfranco Pizzutelli","luca cupini","polo civico"],"articleSection":["*PRIMO PIANO*"],"inLanguage":"it-IT"},{"@type":"WebPage","@id":"https:\/\/www.tunews24.it\/ilcorrieredellaprovincia\/2022\/05\/12\/frosinone-luca-cuppini-in-campo-con-il-polo-civico\/","url":"https:\/\/www.tunews24.it\/ilcorrieredellaprovincia\/2022\/05\/12\/frosinone-luca-cuppini-in-campo-con-il-polo-civico\/","name":"Frosinone, Luca Cuppini in campo con il Polo Civico - IlCorriereDellaProvincia.it - News h24 e notizie di approfondimento","isPartOf":{"@id":"https:\/\/www.tunews24.it\/ilcorrieredellaprovincia\/#website"},"primaryImageOfPage":{"@id":"https:\/\/www.tunews24.it\/ilcorrieredellaprovincia\/2022\/05\/12\/frosinone-luca-cuppini-in-campo-con-il-polo-civico\/#primaryimage"},"image":{"@id":"https:\/\/www.tunews24.it\/ilcorrieredellaprovincia\/2022\/05\/12\/frosinone-luca-cuppini-in-campo-con-il-polo-civico\/#primaryimage"},"thumbnailUrl":"https:\/\/www.tunews24.it\/ilcorrieredellaprovincia\/wp-content\/uploads\/sites\/2\/2022\/05\/luca-cuppini-polo-civico.jpg","datePublished":"2022-05-12T04:00:41+00:00","dateModified":"2022-05-12T04:50:30+00:00","breadcrumb":{"@id":"https:\/\/www.tunews24.it\/ilcorrieredellaprovincia\/2022\/05\/12\/frosinone-luca-cuppini-in-campo-con-il-polo-civico\/#breadcrumb"},"inLanguage":"it-IT","potentialAction":[{"@type":"ReadAction","target":["https:\/\/www.tunews24.it\/ilcorrieredellaprovincia\/2022\/05\/12\/frosinone-luca-cuppini-in-campo-con-il-polo-civico\/"]}]},{"@type":"ImageObject","inLanguage":"it-IT","@id":"https:\/\/www.tunews24.it\/ilcorrieredellaprovincia\/2022\/05\/12\/frosinone-luca-cuppini-in-campo-con-il-polo-civico\/#primaryimage","url":"https:\/\/www.tunews24.it\/ilcorrieredellaprovincia\/wp-content\/uploads\/sites\/2\/2022\/05\/luca-cuppini-polo-civico.jpg","contentUrl":"https:\/\/www.tunews24.it\/ilcorrieredellaprovincia\/wp-content\/uploads\/sites\/2\/2022\/05\/luca-cuppini-polo-civico.jpg","width":622,"height":505},{"@type":"BreadcrumbList","@id":"https:\/\/www.tunews24.it\/ilcorrieredellaprovincia\/2022\/05\/12\/frosinone-luca-cuppini-in-campo-con-il-polo-civico\/#breadcrumb","itemListElement":[{"@type":"ListItem","position":1,"name":"Home","item":"https:\/\/www.tunews24.it\/ilcorrieredellaprovincia\/"},{"@type":"ListItem","position":2,"name":"Frosinone, Luca Cuppini in campo con il Polo Civico"}]},{"@type":"WebSite","@id":"https:\/\/www.tunews24.it\/ilcorrieredellaprovincia\/#website","url":"https:\/\/www.tunews24.it\/ilcorrieredellaprovincia\/","name":"Il Corriere Delle Provincia","description":"IlCorriereDellaProvincia.it, quotidiano web di politica, cronaca, inchiesta, lavoro, scuola, turismo, cultura e spettacolo, economia e finanza, salute e benessere. Approfondimenti e notizie aggiornate con foto e video della provincia di Frosinone ma anche news nazionali, dell\u2019Italia e del Mondo.","publisher":{"@id":"https:\/\/www.tunews24.it\/ilcorrieredellaprovincia\/#organization"},"potentialAction":[{"@type":"SearchAction","target":{"@type":"EntryPoint","urlTemplate":"https:\/\/www.tunews24.it\/ilcorrieredellaprovincia\/?s={search_term_string}"},"query-input":{"@type":"PropertyValueSpecification","valueRequired":true,"valueName":"search_term_string"}}],"inLanguage":"it-IT"},{"@type":"Organization","@id":"https:\/\/www.tunews24.it\/ilcorrieredellaprovincia\/#organization","name":"Globalpress s.r.l.","url":"https:\/\/www.tunews24.it\/ilcorrieredellaprovincia\/","logo":{"@type":"ImageObject","inLanguage":"it-IT","@id":"https:\/\/www.tunews24.it\/ilcorrieredellaprovincia\/#\/schema\/logo\/image\/","url":"https:\/\/www.tunews24.it\/ilcorrieredellaprovincia\/wp-content\/uploads\/sites\/2\/2022\/11\/cropped-il-corriere-della-provincia-testata-web-scontornata.png","contentUrl":"https:\/\/www.tunews24.it\/ilcorrieredellaprovincia\/wp-content\/uploads\/sites\/2\/2022\/11\/cropped-il-corriere-della-provincia-testata-web-scontornata.png","width":2911,"height":717,"caption":"Globalpress s.r.l."},"image":{"@id":"https:\/\/www.tunews24.it\/ilcorrieredellaprovincia\/#\/schema\/logo\/image\/"}},{"@type":"Person","@id":"https:\/\/www.tunews24.it\/ilcorrieredellaprovincia\/#\/schema\/person\/1835170ef005036a87455edae6571822","name":"REDAZIONE LaProvinciaQuotidiano.it","image":{"@type":"ImageObject","inLanguage":"it-IT","@id":"https:\/\/www.tunews24.it\/ilcorrieredellaprovincia\/#\/schema\/person\/image\/","url":"https:\/\/secure.gravatar.com\/avatar\/e8cd08b1cdbc88da7f6798b57e3c6e5e?s=96&d=mm&r=g","contentUrl":"https:\/\/secure.gravatar.com\/avatar\/e8cd08b1cdbc88da7f6798b57e3c6e5e?s=96&d=mm&r=g","caption":"REDAZIONE LaProvinciaQuotidiano.it"},"description":"Seguici anche su Telegram: CLICCA QUI","url":"https:\/\/www.tunews24.it\/ilcorrieredellaprovincia\/author\/redazione\/"}]}},"_links":{"self":[{"href":"https:\/\/www.tunews24.it\/ilcorrieredellaprovincia\/wp-json\/wp\/v2\/posts\/75144","targetHints":{"allow":["GET"]}}],"collection":[{"href":"https:\/\/www.tunews24.it\/ilcorrieredellaprovincia\/wp-json\/wp\/v2\/posts"}],"about":[{"href":"https:\/\/www.tunews24.it\/ilcorrieredellaprovincia\/wp-json\/wp\/v2\/types\/post"}],"author":[{"embeddable":true,"href":"https:\/\/www.tunews24.it\/ilcorrieredellaprovincia\/wp-json\/wp\/v2\/users\/26"}],"replies":[{"embeddable":true,"href":"https:\/\/www.tunews24.it\/ilcorrieredellaprovincia\/wp-json\/wp\/v2\/comments?post=75144"}],"version-history":[{"count":2,"href":"https:\/\/www.tunews24.it\/ilcorrieredellaprovincia\/wp-json\/wp\/v2\/posts\/75144\/revisions"}],"predecessor-version":[{"id":75147,"href":"https:\/\/www.tunews24.it\/ilcorrieredellaprovincia\/wp-json\/wp\/v2\/posts\/75144\/revisions\/75147"}],"wp:featuredmedia":[{"embeddable":true,"href":"https:\/\/www.tunews24.it\/ilcorrieredellaprovincia\/wp-json\/wp\/v2\/media\/75145"}],"wp:attachment":[{"href":"https:\/\/www.tunews24.it\/ilcorrieredellaprovincia\/wp-json\/wp\/v2\/media?parent=75144"}],"wp:term":[{"taxonomy":"category","embeddable":true,"href":"https:\/\/www.tunews24.it\/ilcorrieredellaprovincia\/wp-json\/wp\/v2\/categories?post=75144"},{"taxonomy":"post_tag","embeddable":true,"href":"https:\/\/www.tunews24.it\/ilcorrieredellaprovincia\/wp-json\/wp\/v2\/tags?post=75144"}],"curies":[{"name":"wp","href":"https:\/\/api.w.org\/{rel}","templated":true}]}}