{"id":75132,"date":"2022-05-12T06:38:46","date_gmt":"2022-05-12T04:38:46","guid":{"rendered":"https:\/\/www.tunews24.it\/ilcorrieredellaprovincia\/?p=75132"},"modified":"2022-05-12T06:51:02","modified_gmt":"2022-05-12T04:51:02","slug":"testa-replica-a-marzi-centro-storico-rigenerato-nelleconomia-e-nella-cultura","status":"publish","type":"post","link":"https:\/\/www.tunews24.it\/ilcorrieredellaprovincia\/2022\/05\/12\/testa-replica-a-marzi-centro-storico-rigenerato-nelleconomia-e-nella-cultura\/","title":{"rendered":"Testa replica a Marzi: centro storico  rigenerato nell&#8217;economia e nella cultura"},"content":{"rendered":"\n<p>&#8221;\u00a0Dopo che il centro storico ha sofferto, per anni, l\u2019abbandono da parte delle amministrazioni di sinistra, oggi il candidato a sindaco del Pd si fa strumentalmente riprendere a passeggio per la parte pi\u00f9 antica della citt\u00e0 per dimostrare la tesi che s\u00ec, grazie all\u2019immobilismo della coalizione di cui fa parte, le serrande di alcuni esercizi commerciali, anni fa, sono state abbassate. Le azioni intraprese dall\u2019amministrazione Ottaviani, invece, sono riuscite a invertire la tendenza \u2013 ha dichiarato l\u2019assessore al centro storico Rossella Testa \u2013 Con le attivit\u00e0 intraprese mediante il Piano di Gestione realizzato dal Comune in sinergia con il tessuto economico, commerciale, culturale\u00a0\u00a0e sociale del centro storico, \u00e8 stato possibile segnare + 40,83% per quanto riguarda i contratti di locazione (con il costo degli affitti aumentato del 26,85%) , e un altro + 10% per le compravendite di immobili (fonte: Osservatorio del mercato immobiliare dell\u2019Agenzia delle Entrate), tra il 2015 e il 2021, che considera, quindi, anche il periodo difficile della pandemia. Il centro storico non solo \u00e8 tornato a nuova vita, ma \u00e8 diventato la meta prediletta da parte dei giovani, sia per trascorrere il tempo libero, sia per investire. Si svolgono, qui, due iniziative di grande successo come le terrazze del belvedere e il Frosinone Alta Street market (prossimo appuntamento fissato a domenica 15 maggio, con 30 stand di artigianato e prodotti vintage e handmade, Dj set, musica e performance); inoltre, in questo momento ancora contrassegnato dalle difficolt\u00e0 generate dall\u2019emergenza sanitaria, ben 24 nuove attivit\u00e0, principalmente gestite da ragazze e ragazzi, hanno aperto nel centro storico. Ci\u00f2 \u00e8 potuto accadere perch\u00e9 l\u2019amministrazione Ottaviani ha creduto per prima nella valorizzazione di questa area, individuando la sede definitiva dell\u2019Accademia di Belle Arti di Frosinone nel prestigioso palazzo Tiravanti, acquistando due teatri (Nestor e Vittoria) e acquisendo al proprio patrimonio Palazzo Munari, gi\u00e0 sede della Banca d\u2019Italia, diventata la nuova casa comunale. I risultati non arrivano mai a caso e proseguire in questa direzione, raggiungendo traguardi ancora pi\u00f9 ambiziosi, in termini di sviluppo economico e sociale, \u00e8 l\u2019obiettivo di Riccardo Mastrangeli. Oggi se la gente \u00e8 tornata ad innamorarsi della parte antica del capoluogo, se il centro storico \u00e8 tornato di nuovo appetibile, se ha recuperato la sua dimensione di polo attrattore lo si deve ad un grande lavoro di studio e programmazione, mancato evidentemente con le amministrazioni a guida Pd\u201d.<\/p>\n","protected":false},"excerpt":{"rendered":"<p>&#8221;\u00a0Dopo che il centro storico ha sofferto, per anni, l\u2019abbandono da parte delle amministrazioni di sinistra, oggi il candidato a<\/p>\n","protected":false},"author":26,"featured_media":71351,"comment_status":"closed","ping_status":"closed","sticky":false,"template":"","format":"standard","meta":{"footnotes":""},"categories":[4],"tags":[3989,93,4306],"class_list":["post-75132","post","type-post","status-publish","format-standard","has-post-thumbnail","hentry","category-primo-piano","tag-elezioni-frosinone","tag-frosinone","tag-rossella-testa"],"yoast_head":"<!-- This site is optimized with the Yoast SEO plugin v23.9 - https:\/\/yoast.com\/wordpress\/plugins\/seo\/ -->\n<title>Testa replica a Marzi: centro storico rigenerato nell&#039;economia e nella cultura - IlCorriereDellaProvincia.it - News h24 e notizie di approfondimento<\/title>\n<meta name=\"robots\" content=\"index, follow, max-snippet:-1, max-image-preview:large, max-video-preview:-1\" \/>\n<link rel=\"canonical\" href=\"https:\/\/www.tunews24.it\/ilcorrieredellaprovincia\/2022\/05\/12\/testa-replica-a-marzi-centro-storico-rigenerato-nelleconomia-e-nella-cultura\/\" \/>\n<meta property=\"og:locale\" content=\"it_IT\" \/>\n<meta property=\"og:type\" content=\"article\" \/>\n<meta property=\"og:title\" content=\"Testa replica a Marzi: centro storico rigenerato nell&#039;economia e nella cultura - IlCorriereDellaProvincia.it - News h24 e notizie di approfondimento\" \/>\n<meta property=\"og:description\" content=\"&#8221;\u00a0Dopo che il centro storico ha sofferto, per anni, l\u2019abbandono da parte delle amministrazioni di sinistra, oggi il candidato a\" \/>\n<meta property=\"og:url\" content=\"https:\/\/www.tunews24.it\/ilcorrieredellaprovincia\/2022\/05\/12\/testa-replica-a-marzi-centro-storico-rigenerato-nelleconomia-e-nella-cultura\/\" \/>\n<meta property=\"og:site_name\" content=\"IlCorriereDellaProvincia.it - News h24 e notizie di approfondimento\" \/>\n<meta property=\"article:published_time\" content=\"2022-05-12T04:38:46+00:00\" \/>\n<meta property=\"article:modified_time\" content=\"2022-05-12T04:51:02+00:00\" \/>\n<meta property=\"og:image\" content=\"https:\/\/www.tunews24.it\/ilcorrieredellaprovincia\/wp-content\/uploads\/sites\/2\/2022\/03\/rossella-testa-nuova.jpg\" \/>\n\t<meta property=\"og:image:width\" content=\"705\" \/>\n\t<meta property=\"og:image:height\" content=\"425\" \/>\n\t<meta property=\"og:image:type\" content=\"image\/jpeg\" \/>\n<meta name=\"author\" content=\"REDAZIONE LaProvinciaQuotidiano.it\" \/>\n<meta name=\"twitter:card\" content=\"summary_large_image\" \/>\n<meta name=\"twitter:label1\" content=\"Scritto da\" \/>\n\t<meta name=\"twitter:data1\" content=\"REDAZIONE LaProvinciaQuotidiano.it\" \/>\n\t<meta name=\"twitter:label2\" content=\"Tempo di lettura stimato\" \/>\n\t<meta name=\"twitter:data2\" content=\"2 minuti\" \/>\n<script type=\"application\/ld+json\" class=\"yoast-schema-graph\">{\"@context\":\"https:\/\/schema.org\",\"@graph\":[{\"@type\":\"Article\",\"@id\":\"https:\/\/www.tunews24.it\/ilcorrieredellaprovincia\/2022\/05\/12\/testa-replica-a-marzi-centro-storico-rigenerato-nelleconomia-e-nella-cultura\/#article\",\"isPartOf\":{\"@id\":\"https:\/\/www.tunews24.it\/ilcorrieredellaprovincia\/2022\/05\/12\/testa-replica-a-marzi-centro-storico-rigenerato-nelleconomia-e-nella-cultura\/\"},\"author\":{\"name\":\"REDAZIONE LaProvinciaQuotidiano.it\",\"@id\":\"https:\/\/www.tunews24.it\/ilcorrieredellaprovincia\/#\/schema\/person\/1835170ef005036a87455edae6571822\"},\"headline\":\"Testa replica a Marzi: centro storico rigenerato nell&#8217;economia e nella cultura\",\"datePublished\":\"2022-05-12T04:38:46+00:00\",\"dateModified\":\"2022-05-12T04:51:02+00:00\",\"mainEntityOfPage\":{\"@id\":\"https:\/\/www.tunews24.it\/ilcorrieredellaprovincia\/2022\/05\/12\/testa-replica-a-marzi-centro-storico-rigenerato-nelleconomia-e-nella-cultura\/\"},\"wordCount\":393,\"publisher\":{\"@id\":\"https:\/\/www.tunews24.it\/ilcorrieredellaprovincia\/#organization\"},\"image\":{\"@id\":\"https:\/\/www.tunews24.it\/ilcorrieredellaprovincia\/2022\/05\/12\/testa-replica-a-marzi-centro-storico-rigenerato-nelleconomia-e-nella-cultura\/#primaryimage\"},\"thumbnailUrl\":\"https:\/\/www.tunews24.it\/ilcorrieredellaprovincia\/wp-content\/uploads\/sites\/2\/2022\/03\/rossella-testa-nuova.jpg\",\"keywords\":[\"Elezioni frosinone\",\"Frosinone\",\"Rossella Testa\"],\"articleSection\":[\"*PRIMO PIANO*\"],\"inLanguage\":\"it-IT\"},{\"@type\":\"WebPage\",\"@id\":\"https:\/\/www.tunews24.it\/ilcorrieredellaprovincia\/2022\/05\/12\/testa-replica-a-marzi-centro-storico-rigenerato-nelleconomia-e-nella-cultura\/\",\"url\":\"https:\/\/www.tunews24.it\/ilcorrieredellaprovincia\/2022\/05\/12\/testa-replica-a-marzi-centro-storico-rigenerato-nelleconomia-e-nella-cultura\/\",\"name\":\"Testa replica a Marzi: centro storico rigenerato nell'economia e nella cultura - IlCorriereDellaProvincia.it - News h24 e notizie di approfondimento\",\"isPartOf\":{\"@id\":\"https:\/\/www.tunews24.it\/ilcorrieredellaprovincia\/#website\"},\"primaryImageOfPage\":{\"@id\":\"https:\/\/www.tunews24.it\/ilcorrieredellaprovincia\/2022\/05\/12\/testa-replica-a-marzi-centro-storico-rigenerato-nelleconomia-e-nella-cultura\/#primaryimage\"},\"image\":{\"@id\":\"https:\/\/www.tunews24.it\/ilcorrieredellaprovincia\/2022\/05\/12\/testa-replica-a-marzi-centro-storico-rigenerato-nelleconomia-e-nella-cultura\/#primaryimage\"},\"thumbnailUrl\":\"https:\/\/www.tunews24.it\/ilcorrieredellaprovincia\/wp-content\/uploads\/sites\/2\/2022\/03\/rossella-testa-nuova.jpg\",\"datePublished\":\"2022-05-12T04:38:46+00:00\",\"dateModified\":\"2022-05-12T04:51:02+00:00\",\"breadcrumb\":{\"@id\":\"https:\/\/www.tunews24.it\/ilcorrieredellaprovincia\/2022\/05\/12\/testa-replica-a-marzi-centro-storico-rigenerato-nelleconomia-e-nella-cultura\/#breadcrumb\"},\"inLanguage\":\"it-IT\",\"potentialAction\":[{\"@type\":\"ReadAction\",\"target\":[\"https:\/\/www.tunews24.it\/ilcorrieredellaprovincia\/2022\/05\/12\/testa-replica-a-marzi-centro-storico-rigenerato-nelleconomia-e-nella-cultura\/\"]}]},{\"@type\":\"ImageObject\",\"inLanguage\":\"it-IT\",\"@id\":\"https:\/\/www.tunews24.it\/ilcorrieredellaprovincia\/2022\/05\/12\/testa-replica-a-marzi-centro-storico-rigenerato-nelleconomia-e-nella-cultura\/#primaryimage\",\"url\":\"https:\/\/www.tunews24.it\/ilcorrieredellaprovincia\/wp-content\/uploads\/sites\/2\/2022\/03\/rossella-testa-nuova.jpg\",\"contentUrl\":\"https:\/\/www.tunews24.it\/ilcorrieredellaprovincia\/wp-content\/uploads\/sites\/2\/2022\/03\/rossella-testa-nuova.jpg\",\"width\":705,\"height\":425},{\"@type\":\"BreadcrumbList\",\"@id\":\"https:\/\/www.tunews24.it\/ilcorrieredellaprovincia\/2022\/05\/12\/testa-replica-a-marzi-centro-storico-rigenerato-nelleconomia-e-nella-cultura\/#breadcrumb\",\"itemListElement\":[{\"@type\":\"ListItem\",\"position\":1,\"name\":\"Home\",\"item\":\"https:\/\/www.tunews24.it\/ilcorrieredellaprovincia\/\"},{\"@type\":\"ListItem\",\"position\":2,\"name\":\"Testa replica a Marzi: centro storico rigenerato nell&#8217;economia e nella cultura\"}]},{\"@type\":\"WebSite\",\"@id\":\"https:\/\/www.tunews24.it\/ilcorrieredellaprovincia\/#website\",\"url\":\"https:\/\/www.tunews24.it\/ilcorrieredellaprovincia\/\",\"name\":\"Il Corriere Delle Provincia\",\"description\":\"IlCorriereDellaProvincia.it, quotidiano web di politica, cronaca, inchiesta, lavoro, scuola, turismo, cultura e spettacolo, economia e finanza, salute e benessere. Approfondimenti e notizie aggiornate con foto e video della provincia di Frosinone ma anche news nazionali, dell\u2019Italia e del Mondo.\",\"publisher\":{\"@id\":\"https:\/\/www.tunews24.it\/ilcorrieredellaprovincia\/#organization\"},\"potentialAction\":[{\"@type\":\"SearchAction\",\"target\":{\"@type\":\"EntryPoint\",\"urlTemplate\":\"https:\/\/www.tunews24.it\/ilcorrieredellaprovincia\/?s={search_term_string}\"},\"query-input\":{\"@type\":\"PropertyValueSpecification\",\"valueRequired\":true,\"valueName\":\"search_term_string\"}}],\"inLanguage\":\"it-IT\"},{\"@type\":\"Organization\",\"@id\":\"https:\/\/www.tunews24.it\/ilcorrieredellaprovincia\/#organization\",\"name\":\"Globalpress s.r.l.\",\"url\":\"https:\/\/www.tunews24.it\/ilcorrieredellaprovincia\/\",\"logo\":{\"@type\":\"ImageObject\",\"inLanguage\":\"it-IT\",\"@id\":\"https:\/\/www.tunews24.it\/ilcorrieredellaprovincia\/#\/schema\/logo\/image\/\",\"url\":\"https:\/\/www.tunews24.it\/ilcorrieredellaprovincia\/wp-content\/uploads\/sites\/2\/2022\/11\/cropped-il-corriere-della-provincia-testata-web-scontornata.png\",\"contentUrl\":\"https:\/\/www.tunews24.it\/ilcorrieredellaprovincia\/wp-content\/uploads\/sites\/2\/2022\/11\/cropped-il-corriere-della-provincia-testata-web-scontornata.png\",\"width\":2911,\"height\":717,\"caption\":\"Globalpress s.r.l.\"},\"image\":{\"@id\":\"https:\/\/www.tunews24.it\/ilcorrieredellaprovincia\/#\/schema\/logo\/image\/\"}},{\"@type\":\"Person\",\"@id\":\"https:\/\/www.tunews24.it\/ilcorrieredellaprovincia\/#\/schema\/person\/1835170ef005036a87455edae6571822\",\"name\":\"REDAZIONE LaProvinciaQuotidiano.it\",\"image\":{\"@type\":\"ImageObject\",\"inLanguage\":\"it-IT\",\"@id\":\"https:\/\/www.tunews24.it\/ilcorrieredellaprovincia\/#\/schema\/person\/image\/\",\"url\":\"https:\/\/secure.gravatar.com\/avatar\/e8cd08b1cdbc88da7f6798b57e3c6e5e?s=96&d=mm&r=g\",\"contentUrl\":\"https:\/\/secure.gravatar.com\/avatar\/e8cd08b1cdbc88da7f6798b57e3c6e5e?s=96&d=mm&r=g\",\"caption\":\"REDAZIONE LaProvinciaQuotidiano.it\"},\"description\":\"Seguici anche su Telegram: CLICCA QUI\",\"url\":\"https:\/\/www.tunews24.it\/ilcorrieredellaprovincia\/author\/redazione\/\"}]}<\/script>\n<!-- \/ Yoast SEO plugin. -->","yoast_head_json":{"title":"Testa replica a Marzi: centro storico rigenerato nell'economia e nella cultura - IlCorriereDellaProvincia.it - News h24 e notizie di approfondimento","robots":{"index":"index","follow":"follow","max-snippet":"max-snippet:-1","max-image-preview":"max-image-preview:large","max-video-preview":"max-video-preview:-1"},"canonical":"https:\/\/www.tunews24.it\/ilcorrieredellaprovincia\/2022\/05\/12\/testa-replica-a-marzi-centro-storico-rigenerato-nelleconomia-e-nella-cultura\/","og_locale":"it_IT","og_type":"article","og_title":"Testa replica a Marzi: centro storico rigenerato nell'economia e nella cultura - IlCorriereDellaProvincia.it - News h24 e notizie di approfondimento","og_description":"&#8221;\u00a0Dopo che il centro storico ha sofferto, per anni, l\u2019abbandono da parte delle amministrazioni di sinistra, oggi il candidato a","og_url":"https:\/\/www.tunews24.it\/ilcorrieredellaprovincia\/2022\/05\/12\/testa-replica-a-marzi-centro-storico-rigenerato-nelleconomia-e-nella-cultura\/","og_site_name":"IlCorriereDellaProvincia.it - News h24 e notizie di approfondimento","article_published_time":"2022-05-12T04:38:46+00:00","article_modified_time":"2022-05-12T04:51:02+00:00","og_image":[{"width":705,"height":425,"url":"https:\/\/www.tunews24.it\/ilcorrieredellaprovincia\/wp-content\/uploads\/sites\/2\/2022\/03\/rossella-testa-nuova.jpg","type":"image\/jpeg"}],"author":"REDAZIONE LaProvinciaQuotidiano.it","twitter_card":"summary_large_image","twitter_misc":{"Scritto da":"REDAZIONE LaProvinciaQuotidiano.it","Tempo di lettura stimato":"2 minuti"},"schema":{"@context":"https:\/\/schema.org","@graph":[{"@type":"Article","@id":"https:\/\/www.tunews24.it\/ilcorrieredellaprovincia\/2022\/05\/12\/testa-replica-a-marzi-centro-storico-rigenerato-nelleconomia-e-nella-cultura\/#article","isPartOf":{"@id":"https:\/\/www.tunews24.it\/ilcorrieredellaprovincia\/2022\/05\/12\/testa-replica-a-marzi-centro-storico-rigenerato-nelleconomia-e-nella-cultura\/"},"author":{"name":"REDAZIONE LaProvinciaQuotidiano.it","@id":"https:\/\/www.tunews24.it\/ilcorrieredellaprovincia\/#\/schema\/person\/1835170ef005036a87455edae6571822"},"headline":"Testa replica a Marzi: centro storico rigenerato nell&#8217;economia e nella cultura","datePublished":"2022-05-12T04:38:46+00:00","dateModified":"2022-05-12T04:51:02+00:00","mainEntityOfPage":{"@id":"https:\/\/www.tunews24.it\/ilcorrieredellaprovincia\/2022\/05\/12\/testa-replica-a-marzi-centro-storico-rigenerato-nelleconomia-e-nella-cultura\/"},"wordCount":393,"publisher":{"@id":"https:\/\/www.tunews24.it\/ilcorrieredellaprovincia\/#organization"},"image":{"@id":"https:\/\/www.tunews24.it\/ilcorrieredellaprovincia\/2022\/05\/12\/testa-replica-a-marzi-centro-storico-rigenerato-nelleconomia-e-nella-cultura\/#primaryimage"},"thumbnailUrl":"https:\/\/www.tunews24.it\/ilcorrieredellaprovincia\/wp-content\/uploads\/sites\/2\/2022\/03\/rossella-testa-nuova.jpg","keywords":["Elezioni frosinone","Frosinone","Rossella Testa"],"articleSection":["*PRIMO PIANO*"],"inLanguage":"it-IT"},{"@type":"WebPage","@id":"https:\/\/www.tunews24.it\/ilcorrieredellaprovincia\/2022\/05\/12\/testa-replica-a-marzi-centro-storico-rigenerato-nelleconomia-e-nella-cultura\/","url":"https:\/\/www.tunews24.it\/ilcorrieredellaprovincia\/2022\/05\/12\/testa-replica-a-marzi-centro-storico-rigenerato-nelleconomia-e-nella-cultura\/","name":"Testa replica a Marzi: centro storico rigenerato nell'economia e nella cultura - IlCorriereDellaProvincia.it - News h24 e notizie di approfondimento","isPartOf":{"@id":"https:\/\/www.tunews24.it\/ilcorrieredellaprovincia\/#website"},"primaryImageOfPage":{"@id":"https:\/\/www.tunews24.it\/ilcorrieredellaprovincia\/2022\/05\/12\/testa-replica-a-marzi-centro-storico-rigenerato-nelleconomia-e-nella-cultura\/#primaryimage"},"image":{"@id":"https:\/\/www.tunews24.it\/ilcorrieredellaprovincia\/2022\/05\/12\/testa-replica-a-marzi-centro-storico-rigenerato-nelleconomia-e-nella-cultura\/#primaryimage"},"thumbnailUrl":"https:\/\/www.tunews24.it\/ilcorrieredellaprovincia\/wp-content\/uploads\/sites\/2\/2022\/03\/rossella-testa-nuova.jpg","datePublished":"2022-05-12T04:38:46+00:00","dateModified":"2022-05-12T04:51:02+00:00","breadcrumb":{"@id":"https:\/\/www.tunews24.it\/ilcorrieredellaprovincia\/2022\/05\/12\/testa-replica-a-marzi-centro-storico-rigenerato-nelleconomia-e-nella-cultura\/#breadcrumb"},"inLanguage":"it-IT","potentialAction":[{"@type":"ReadAction","target":["https:\/\/www.tunews24.it\/ilcorrieredellaprovincia\/2022\/05\/12\/testa-replica-a-marzi-centro-storico-rigenerato-nelleconomia-e-nella-cultura\/"]}]},{"@type":"ImageObject","inLanguage":"it-IT","@id":"https:\/\/www.tunews24.it\/ilcorrieredellaprovincia\/2022\/05\/12\/testa-replica-a-marzi-centro-storico-rigenerato-nelleconomia-e-nella-cultura\/#primaryimage","url":"https:\/\/www.tunews24.it\/ilcorrieredellaprovincia\/wp-content\/uploads\/sites\/2\/2022\/03\/rossella-testa-nuova.jpg","contentUrl":"https:\/\/www.tunews24.it\/ilcorrieredellaprovincia\/wp-content\/uploads\/sites\/2\/2022\/03\/rossella-testa-nuova.jpg","width":705,"height":425},{"@type":"BreadcrumbList","@id":"https:\/\/www.tunews24.it\/ilcorrieredellaprovincia\/2022\/05\/12\/testa-replica-a-marzi-centro-storico-rigenerato-nelleconomia-e-nella-cultura\/#breadcrumb","itemListElement":[{"@type":"ListItem","position":1,"name":"Home","item":"https:\/\/www.tunews24.it\/ilcorrieredellaprovincia\/"},{"@type":"ListItem","position":2,"name":"Testa replica a Marzi: centro storico rigenerato nell&#8217;economia e nella cultura"}]},{"@type":"WebSite","@id":"https:\/\/www.tunews24.it\/ilcorrieredellaprovincia\/#website","url":"https:\/\/www.tunews24.it\/ilcorrieredellaprovincia\/","name":"Il Corriere Delle Provincia","description":"IlCorriereDellaProvincia.it, quotidiano web di politica, cronaca, inchiesta, lavoro, scuola, turismo, cultura e spettacolo, economia e finanza, salute e benessere. Approfondimenti e notizie aggiornate con foto e video della provincia di Frosinone ma anche news nazionali, dell\u2019Italia e del Mondo.","publisher":{"@id":"https:\/\/www.tunews24.it\/ilcorrieredellaprovincia\/#organization"},"potentialAction":[{"@type":"SearchAction","target":{"@type":"EntryPoint","urlTemplate":"https:\/\/www.tunews24.it\/ilcorrieredellaprovincia\/?s={search_term_string}"},"query-input":{"@type":"PropertyValueSpecification","valueRequired":true,"valueName":"search_term_string"}}],"inLanguage":"it-IT"},{"@type":"Organization","@id":"https:\/\/www.tunews24.it\/ilcorrieredellaprovincia\/#organization","name":"Globalpress s.r.l.","url":"https:\/\/www.tunews24.it\/ilcorrieredellaprovincia\/","logo":{"@type":"ImageObject","inLanguage":"it-IT","@id":"https:\/\/www.tunews24.it\/ilcorrieredellaprovincia\/#\/schema\/logo\/image\/","url":"https:\/\/www.tunews24.it\/ilcorrieredellaprovincia\/wp-content\/uploads\/sites\/2\/2022\/11\/cropped-il-corriere-della-provincia-testata-web-scontornata.png","contentUrl":"https:\/\/www.tunews24.it\/ilcorrieredellaprovincia\/wp-content\/uploads\/sites\/2\/2022\/11\/cropped-il-corriere-della-provincia-testata-web-scontornata.png","width":2911,"height":717,"caption":"Globalpress s.r.l."},"image":{"@id":"https:\/\/www.tunews24.it\/ilcorrieredellaprovincia\/#\/schema\/logo\/image\/"}},{"@type":"Person","@id":"https:\/\/www.tunews24.it\/ilcorrieredellaprovincia\/#\/schema\/person\/1835170ef005036a87455edae6571822","name":"REDAZIONE LaProvinciaQuotidiano.it","image":{"@type":"ImageObject","inLanguage":"it-IT","@id":"https:\/\/www.tunews24.it\/ilcorrieredellaprovincia\/#\/schema\/person\/image\/","url":"https:\/\/secure.gravatar.com\/avatar\/e8cd08b1cdbc88da7f6798b57e3c6e5e?s=96&d=mm&r=g","contentUrl":"https:\/\/secure.gravatar.com\/avatar\/e8cd08b1cdbc88da7f6798b57e3c6e5e?s=96&d=mm&r=g","caption":"REDAZIONE LaProvinciaQuotidiano.it"},"description":"Seguici anche su Telegram: CLICCA QUI","url":"https:\/\/www.tunews24.it\/ilcorrieredellaprovincia\/author\/redazione\/"}]}},"_links":{"self":[{"href":"https:\/\/www.tunews24.it\/ilcorrieredellaprovincia\/wp-json\/wp\/v2\/posts\/75132","targetHints":{"allow":["GET"]}}],"collection":[{"href":"https:\/\/www.tunews24.it\/ilcorrieredellaprovincia\/wp-json\/wp\/v2\/posts"}],"about":[{"href":"https:\/\/www.tunews24.it\/ilcorrieredellaprovincia\/wp-json\/wp\/v2\/types\/post"}],"author":[{"embeddable":true,"href":"https:\/\/www.tunews24.it\/ilcorrieredellaprovincia\/wp-json\/wp\/v2\/users\/26"}],"replies":[{"embeddable":true,"href":"https:\/\/www.tunews24.it\/ilcorrieredellaprovincia\/wp-json\/wp\/v2\/comments?post=75132"}],"version-history":[{"count":1,"href":"https:\/\/www.tunews24.it\/ilcorrieredellaprovincia\/wp-json\/wp\/v2\/posts\/75132\/revisions"}],"predecessor-version":[{"id":75133,"href":"https:\/\/www.tunews24.it\/ilcorrieredellaprovincia\/wp-json\/wp\/v2\/posts\/75132\/revisions\/75133"}],"wp:featuredmedia":[{"embeddable":true,"href":"https:\/\/www.tunews24.it\/ilcorrieredellaprovincia\/wp-json\/wp\/v2\/media\/71351"}],"wp:attachment":[{"href":"https:\/\/www.tunews24.it\/ilcorrieredellaprovincia\/wp-json\/wp\/v2\/media?parent=75132"}],"wp:term":[{"taxonomy":"category","embeddable":true,"href":"https:\/\/www.tunews24.it\/ilcorrieredellaprovincia\/wp-json\/wp\/v2\/categories?post=75132"},{"taxonomy":"post_tag","embeddable":true,"href":"https:\/\/www.tunews24.it\/ilcorrieredellaprovincia\/wp-json\/wp\/v2\/tags?post=75132"}],"curies":[{"name":"wp","href":"https:\/\/api.w.org\/{rel}","templated":true}]}}