{"id":70683,"date":"2022-02-19T07:13:23","date_gmt":"2022-02-19T06:13:23","guid":{"rendered":"https:\/\/www.tunews24.it\/ilcorrieredellaprovincia\/?p=70683"},"modified":"2022-02-19T14:13:14","modified_gmt":"2022-02-19T13:13:14","slug":"frosinone-quinta-domenica-ecologica-per-il-risanamento-dellaria","status":"publish","type":"post","link":"https:\/\/www.tunews24.it\/ilcorrieredellaprovincia\/2022\/02\/19\/frosinone-quinta-domenica-ecologica-per-il-risanamento-dellaria\/","title":{"rendered":"Frosinone, quinta domenica ecologica per il risanamento dell&#8217;aria"},"content":{"rendered":"\n<p>Si terr\u00e0 il 20 febbraio la quinta delle sei domeniche ecologiche previste a Frosinone, nell&#8217;ambito del Piano sulla qualit\u00e0 dell&#8217;aria, per il contenimento dei valori delle polveri sottili, attraverso il coordinamento dell&#8217;assessorato all&#8217;ambiente di Massimiliano Tagliaferri.. Gli interventi programmatici per la limitazione del traffico veicolare, in vigore domenica dalle 8 alle 18, avverranno nell&#8217;area urbana circoscritta dalle seguenti strade: da via Tiburtina, piazza Madonna della Neve, via Madonna della Neve, via Marco Tullio Cicerone (da incrocio con via Madonna della Neve), viale Volsci, via Simoncelli, via Vado del Tufo, viale Europa, via Marittima (da incrocio viale Europa), via Puccini, via Pasta, via Pier Luigi da Palestrina, via san Giuliano, via Vivaldi, via Verdi (da incrocio via Vivaldi), viale America Latina, via Marconi, via Fosse Ardeatine, via san Gerardo (senso unico in discesa), via don Buttarazzi, via Ferrarelli (da incrocio via don Buttarazzi), via Caio Mario, via Maria (da incrocio via Caio Mario) fino all&#8217;incrocio con via Tiburtina; limitatamente al tratto stradale di via Sacra Famiglia, uscita obbligata su via Pasta (sottopasso ferroviario); limitatamente a via Mascagni, \u00e8 vietato il transito sul tratto di piazza Pertini e di via Monteverdi in direzione piazza Kambo. Su tali strade la circolazione pu\u00f2 non essere assoggettata a restrizioni ed \u00e8 comunque consentito l&#8217;accesso di tutti i tipi di veicoli per raggiungere la pi\u00f9 vicina area destinata a parcheggio (da cui sar\u00e0 quindi possibile recarsi presso le varie zone del centro urbano mediante i servizi di trasporto pubblico), come piazza Salvo D&#8217;Acquisto, piazza Falcone e Borsellino (antistante la villa comunale), piazza Martiri delle Foibe (parcheggio Questura, in via Vado del Tufo).<\/p>\n\n\n\n<p>Le domeniche ecologiche prevedono, dunque, il divieto di circolazione nell\u2019area urbana indicata per tutti i veicoli a uso privato, e divieto di circolazione sulla fascia urbana di via Volsci dei veicoli con massa complessiva a pieno carico superiore a 3,5 t. Si ricorda che le limitazioni alla circolazione non riguardano i veicoli totalmente elettrici; ibridi con la sola modalit\u00e0 elettrica; quelli adibiti a servizi di polizia, compiti di sicurezza, di protezione civile, servizi sanitari, per il monitoraggio e il controllo della qualit\u00e0 dell\u2019aria; a servizio di persone invalide e comunque autorizzate dal corpo di Polizia locale.<\/p>\n","protected":false},"excerpt":{"rendered":"<p>Si terr\u00e0 il 20 febbraio la quinta delle sei domeniche ecologiche previste a Frosinone, nell&#8217;ambito del Piano sulla qualit\u00e0 dell&#8217;aria,<\/p>\n","protected":false},"author":26,"featured_media":27879,"comment_status":"closed","ping_status":"closed","sticky":false,"template":"","format":"standard","meta":{"footnotes":""},"categories":[41,2236],"tags":[1929,93],"class_list":["post-70683","post","type-post","status-publish","format-standard","has-post-thumbnail","hentry","category-slide","category-attualita","tag-domenica-ecologica","tag-frosinone"],"yoast_head":"<!-- This site is optimized with the Yoast SEO plugin v23.9 - https:\/\/yoast.com\/wordpress\/plugins\/seo\/ -->\n<title>Frosinone, quinta domenica ecologica per il risanamento dell&#039;aria - IlCorriereDellaProvincia.it - News h24 e notizie di approfondimento<\/title>\n<meta name=\"robots\" content=\"index, follow, max-snippet:-1, max-image-preview:large, max-video-preview:-1\" \/>\n<link rel=\"canonical\" href=\"https:\/\/www.tunews24.it\/ilcorrieredellaprovincia\/2022\/02\/19\/frosinone-quinta-domenica-ecologica-per-il-risanamento-dellaria\/\" \/>\n<meta property=\"og:locale\" content=\"it_IT\" \/>\n<meta property=\"og:type\" content=\"article\" \/>\n<meta property=\"og:title\" content=\"Frosinone, quinta domenica ecologica per il risanamento dell&#039;aria - IlCorriereDellaProvincia.it - News h24 e notizie di approfondimento\" \/>\n<meta property=\"og:description\" content=\"Si terr\u00e0 il 20 febbraio la quinta delle sei domeniche ecologiche previste a Frosinone, nell&#8217;ambito del Piano sulla qualit\u00e0 dell&#8217;aria,\" \/>\n<meta property=\"og:url\" content=\"https:\/\/www.tunews24.it\/ilcorrieredellaprovincia\/2022\/02\/19\/frosinone-quinta-domenica-ecologica-per-il-risanamento-dellaria\/\" \/>\n<meta property=\"og:site_name\" content=\"IlCorriereDellaProvincia.it - News h24 e notizie di approfondimento\" \/>\n<meta property=\"article:published_time\" content=\"2022-02-19T06:13:23+00:00\" \/>\n<meta property=\"article:modified_time\" content=\"2022-02-19T13:13:14+00:00\" \/>\n<meta property=\"og:image\" content=\"https:\/\/www.tunews24.it\/ilcorrieredellaprovincia\/wp-content\/uploads\/sites\/2\/2020\/02\/isola-pedonale-via-moro.jpg\" \/>\n\t<meta property=\"og:image:width\" content=\"1024\" \/>\n\t<meta property=\"og:image:height\" content=\"670\" \/>\n\t<meta property=\"og:image:type\" content=\"image\/jpeg\" \/>\n<meta name=\"author\" content=\"REDAZIONE LaProvinciaQuotidiano.it\" \/>\n<meta name=\"twitter:card\" content=\"summary_large_image\" \/>\n<meta name=\"twitter:label1\" content=\"Scritto da\" \/>\n\t<meta name=\"twitter:data1\" content=\"REDAZIONE LaProvinciaQuotidiano.it\" \/>\n\t<meta name=\"twitter:label2\" content=\"Tempo di lettura stimato\" \/>\n\t<meta name=\"twitter:data2\" content=\"2 minuti\" \/>\n<script type=\"application\/ld+json\" class=\"yoast-schema-graph\">{\"@context\":\"https:\/\/schema.org\",\"@graph\":[{\"@type\":\"Article\",\"@id\":\"https:\/\/www.tunews24.it\/ilcorrieredellaprovincia\/2022\/02\/19\/frosinone-quinta-domenica-ecologica-per-il-risanamento-dellaria\/#article\",\"isPartOf\":{\"@id\":\"https:\/\/www.tunews24.it\/ilcorrieredellaprovincia\/2022\/02\/19\/frosinone-quinta-domenica-ecologica-per-il-risanamento-dellaria\/\"},\"author\":{\"name\":\"REDAZIONE LaProvinciaQuotidiano.it\",\"@id\":\"https:\/\/www.tunews24.it\/ilcorrieredellaprovincia\/#\/schema\/person\/1835170ef005036a87455edae6571822\"},\"headline\":\"Frosinone, quinta domenica ecologica per il risanamento dell&#8217;aria\",\"datePublished\":\"2022-02-19T06:13:23+00:00\",\"dateModified\":\"2022-02-19T13:13:14+00:00\",\"mainEntityOfPage\":{\"@id\":\"https:\/\/www.tunews24.it\/ilcorrieredellaprovincia\/2022\/02\/19\/frosinone-quinta-domenica-ecologica-per-il-risanamento-dellaria\/\"},\"wordCount\":375,\"publisher\":{\"@id\":\"https:\/\/www.tunews24.it\/ilcorrieredellaprovincia\/#organization\"},\"image\":{\"@id\":\"https:\/\/www.tunews24.it\/ilcorrieredellaprovincia\/2022\/02\/19\/frosinone-quinta-domenica-ecologica-per-il-risanamento-dellaria\/#primaryimage\"},\"thumbnailUrl\":\"https:\/\/www.tunews24.it\/ilcorrieredellaprovincia\/wp-content\/uploads\/sites\/2\/2020\/02\/isola-pedonale-via-moro.jpg\",\"keywords\":[\"domenica ecologica\",\"Frosinone\"],\"articleSection\":[\"*SLIDE*\",\"Attualit\u00e0\"],\"inLanguage\":\"it-IT\"},{\"@type\":\"WebPage\",\"@id\":\"https:\/\/www.tunews24.it\/ilcorrieredellaprovincia\/2022\/02\/19\/frosinone-quinta-domenica-ecologica-per-il-risanamento-dellaria\/\",\"url\":\"https:\/\/www.tunews24.it\/ilcorrieredellaprovincia\/2022\/02\/19\/frosinone-quinta-domenica-ecologica-per-il-risanamento-dellaria\/\",\"name\":\"Frosinone, quinta domenica ecologica per il risanamento dell'aria - IlCorriereDellaProvincia.it - News h24 e notizie di approfondimento\",\"isPartOf\":{\"@id\":\"https:\/\/www.tunews24.it\/ilcorrieredellaprovincia\/#website\"},\"primaryImageOfPage\":{\"@id\":\"https:\/\/www.tunews24.it\/ilcorrieredellaprovincia\/2022\/02\/19\/frosinone-quinta-domenica-ecologica-per-il-risanamento-dellaria\/#primaryimage\"},\"image\":{\"@id\":\"https:\/\/www.tunews24.it\/ilcorrieredellaprovincia\/2022\/02\/19\/frosinone-quinta-domenica-ecologica-per-il-risanamento-dellaria\/#primaryimage\"},\"thumbnailUrl\":\"https:\/\/www.tunews24.it\/ilcorrieredellaprovincia\/wp-content\/uploads\/sites\/2\/2020\/02\/isola-pedonale-via-moro.jpg\",\"datePublished\":\"2022-02-19T06:13:23+00:00\",\"dateModified\":\"2022-02-19T13:13:14+00:00\",\"breadcrumb\":{\"@id\":\"https:\/\/www.tunews24.it\/ilcorrieredellaprovincia\/2022\/02\/19\/frosinone-quinta-domenica-ecologica-per-il-risanamento-dellaria\/#breadcrumb\"},\"inLanguage\":\"it-IT\",\"potentialAction\":[{\"@type\":\"ReadAction\",\"target\":[\"https:\/\/www.tunews24.it\/ilcorrieredellaprovincia\/2022\/02\/19\/frosinone-quinta-domenica-ecologica-per-il-risanamento-dellaria\/\"]}]},{\"@type\":\"ImageObject\",\"inLanguage\":\"it-IT\",\"@id\":\"https:\/\/www.tunews24.it\/ilcorrieredellaprovincia\/2022\/02\/19\/frosinone-quinta-domenica-ecologica-per-il-risanamento-dellaria\/#primaryimage\",\"url\":\"https:\/\/www.tunews24.it\/ilcorrieredellaprovincia\/wp-content\/uploads\/sites\/2\/2020\/02\/isola-pedonale-via-moro.jpg\",\"contentUrl\":\"https:\/\/www.tunews24.it\/ilcorrieredellaprovincia\/wp-content\/uploads\/sites\/2\/2020\/02\/isola-pedonale-via-moro.jpg\",\"width\":1024,\"height\":670,\"caption\":\"isola pedonale via moro frosinone\"},{\"@type\":\"BreadcrumbList\",\"@id\":\"https:\/\/www.tunews24.it\/ilcorrieredellaprovincia\/2022\/02\/19\/frosinone-quinta-domenica-ecologica-per-il-risanamento-dellaria\/#breadcrumb\",\"itemListElement\":[{\"@type\":\"ListItem\",\"position\":1,\"name\":\"Home\",\"item\":\"https:\/\/www.tunews24.it\/ilcorrieredellaprovincia\/\"},{\"@type\":\"ListItem\",\"position\":2,\"name\":\"Frosinone, quinta domenica ecologica per il risanamento dell&#8217;aria\"}]},{\"@type\":\"WebSite\",\"@id\":\"https:\/\/www.tunews24.it\/ilcorrieredellaprovincia\/#website\",\"url\":\"https:\/\/www.tunews24.it\/ilcorrieredellaprovincia\/\",\"name\":\"Il Corriere Delle Provincia\",\"description\":\"IlCorriereDellaProvincia.it, quotidiano web di politica, cronaca, inchiesta, lavoro, scuola, turismo, cultura e spettacolo, economia e finanza, salute e benessere. Approfondimenti e notizie aggiornate con foto e video della provincia di Frosinone ma anche news nazionali, dell\u2019Italia e del Mondo.\",\"publisher\":{\"@id\":\"https:\/\/www.tunews24.it\/ilcorrieredellaprovincia\/#organization\"},\"potentialAction\":[{\"@type\":\"SearchAction\",\"target\":{\"@type\":\"EntryPoint\",\"urlTemplate\":\"https:\/\/www.tunews24.it\/ilcorrieredellaprovincia\/?s={search_term_string}\"},\"query-input\":{\"@type\":\"PropertyValueSpecification\",\"valueRequired\":true,\"valueName\":\"search_term_string\"}}],\"inLanguage\":\"it-IT\"},{\"@type\":\"Organization\",\"@id\":\"https:\/\/www.tunews24.it\/ilcorrieredellaprovincia\/#organization\",\"name\":\"Globalpress s.r.l.\",\"url\":\"https:\/\/www.tunews24.it\/ilcorrieredellaprovincia\/\",\"logo\":{\"@type\":\"ImageObject\",\"inLanguage\":\"it-IT\",\"@id\":\"https:\/\/www.tunews24.it\/ilcorrieredellaprovincia\/#\/schema\/logo\/image\/\",\"url\":\"https:\/\/www.tunews24.it\/ilcorrieredellaprovincia\/wp-content\/uploads\/sites\/2\/2022\/11\/cropped-il-corriere-della-provincia-testata-web-scontornata.png\",\"contentUrl\":\"https:\/\/www.tunews24.it\/ilcorrieredellaprovincia\/wp-content\/uploads\/sites\/2\/2022\/11\/cropped-il-corriere-della-provincia-testata-web-scontornata.png\",\"width\":2911,\"height\":717,\"caption\":\"Globalpress s.r.l.\"},\"image\":{\"@id\":\"https:\/\/www.tunews24.it\/ilcorrieredellaprovincia\/#\/schema\/logo\/image\/\"}},{\"@type\":\"Person\",\"@id\":\"https:\/\/www.tunews24.it\/ilcorrieredellaprovincia\/#\/schema\/person\/1835170ef005036a87455edae6571822\",\"name\":\"REDAZIONE LaProvinciaQuotidiano.it\",\"image\":{\"@type\":\"ImageObject\",\"inLanguage\":\"it-IT\",\"@id\":\"https:\/\/www.tunews24.it\/ilcorrieredellaprovincia\/#\/schema\/person\/image\/\",\"url\":\"https:\/\/secure.gravatar.com\/avatar\/e8cd08b1cdbc88da7f6798b57e3c6e5e?s=96&d=mm&r=g\",\"contentUrl\":\"https:\/\/secure.gravatar.com\/avatar\/e8cd08b1cdbc88da7f6798b57e3c6e5e?s=96&d=mm&r=g\",\"caption\":\"REDAZIONE LaProvinciaQuotidiano.it\"},\"description\":\"Seguici anche su Telegram: CLICCA QUI\",\"url\":\"https:\/\/www.tunews24.it\/ilcorrieredellaprovincia\/author\/redazione\/\"}]}<\/script>\n<!-- \/ Yoast SEO plugin. -->","yoast_head_json":{"title":"Frosinone, quinta domenica ecologica per il risanamento dell'aria - IlCorriereDellaProvincia.it - News h24 e notizie di approfondimento","robots":{"index":"index","follow":"follow","max-snippet":"max-snippet:-1","max-image-preview":"max-image-preview:large","max-video-preview":"max-video-preview:-1"},"canonical":"https:\/\/www.tunews24.it\/ilcorrieredellaprovincia\/2022\/02\/19\/frosinone-quinta-domenica-ecologica-per-il-risanamento-dellaria\/","og_locale":"it_IT","og_type":"article","og_title":"Frosinone, quinta domenica ecologica per il risanamento dell'aria - IlCorriereDellaProvincia.it - News h24 e notizie di approfondimento","og_description":"Si terr\u00e0 il 20 febbraio la quinta delle sei domeniche ecologiche previste a Frosinone, nell&#8217;ambito del Piano sulla qualit\u00e0 dell&#8217;aria,","og_url":"https:\/\/www.tunews24.it\/ilcorrieredellaprovincia\/2022\/02\/19\/frosinone-quinta-domenica-ecologica-per-il-risanamento-dellaria\/","og_site_name":"IlCorriereDellaProvincia.it - News h24 e notizie di approfondimento","article_published_time":"2022-02-19T06:13:23+00:00","article_modified_time":"2022-02-19T13:13:14+00:00","og_image":[{"width":1024,"height":670,"url":"https:\/\/www.tunews24.it\/ilcorrieredellaprovincia\/wp-content\/uploads\/sites\/2\/2020\/02\/isola-pedonale-via-moro.jpg","type":"image\/jpeg"}],"author":"REDAZIONE LaProvinciaQuotidiano.it","twitter_card":"summary_large_image","twitter_misc":{"Scritto da":"REDAZIONE LaProvinciaQuotidiano.it","Tempo di lettura stimato":"2 minuti"},"schema":{"@context":"https:\/\/schema.org","@graph":[{"@type":"Article","@id":"https:\/\/www.tunews24.it\/ilcorrieredellaprovincia\/2022\/02\/19\/frosinone-quinta-domenica-ecologica-per-il-risanamento-dellaria\/#article","isPartOf":{"@id":"https:\/\/www.tunews24.it\/ilcorrieredellaprovincia\/2022\/02\/19\/frosinone-quinta-domenica-ecologica-per-il-risanamento-dellaria\/"},"author":{"name":"REDAZIONE LaProvinciaQuotidiano.it","@id":"https:\/\/www.tunews24.it\/ilcorrieredellaprovincia\/#\/schema\/person\/1835170ef005036a87455edae6571822"},"headline":"Frosinone, quinta domenica ecologica per il risanamento dell&#8217;aria","datePublished":"2022-02-19T06:13:23+00:00","dateModified":"2022-02-19T13:13:14+00:00","mainEntityOfPage":{"@id":"https:\/\/www.tunews24.it\/ilcorrieredellaprovincia\/2022\/02\/19\/frosinone-quinta-domenica-ecologica-per-il-risanamento-dellaria\/"},"wordCount":375,"publisher":{"@id":"https:\/\/www.tunews24.it\/ilcorrieredellaprovincia\/#organization"},"image":{"@id":"https:\/\/www.tunews24.it\/ilcorrieredellaprovincia\/2022\/02\/19\/frosinone-quinta-domenica-ecologica-per-il-risanamento-dellaria\/#primaryimage"},"thumbnailUrl":"https:\/\/www.tunews24.it\/ilcorrieredellaprovincia\/wp-content\/uploads\/sites\/2\/2020\/02\/isola-pedonale-via-moro.jpg","keywords":["domenica ecologica","Frosinone"],"articleSection":["*SLIDE*","Attualit\u00e0"],"inLanguage":"it-IT"},{"@type":"WebPage","@id":"https:\/\/www.tunews24.it\/ilcorrieredellaprovincia\/2022\/02\/19\/frosinone-quinta-domenica-ecologica-per-il-risanamento-dellaria\/","url":"https:\/\/www.tunews24.it\/ilcorrieredellaprovincia\/2022\/02\/19\/frosinone-quinta-domenica-ecologica-per-il-risanamento-dellaria\/","name":"Frosinone, quinta domenica ecologica per il risanamento dell'aria - IlCorriereDellaProvincia.it - News h24 e notizie di approfondimento","isPartOf":{"@id":"https:\/\/www.tunews24.it\/ilcorrieredellaprovincia\/#website"},"primaryImageOfPage":{"@id":"https:\/\/www.tunews24.it\/ilcorrieredellaprovincia\/2022\/02\/19\/frosinone-quinta-domenica-ecologica-per-il-risanamento-dellaria\/#primaryimage"},"image":{"@id":"https:\/\/www.tunews24.it\/ilcorrieredellaprovincia\/2022\/02\/19\/frosinone-quinta-domenica-ecologica-per-il-risanamento-dellaria\/#primaryimage"},"thumbnailUrl":"https:\/\/www.tunews24.it\/ilcorrieredellaprovincia\/wp-content\/uploads\/sites\/2\/2020\/02\/isola-pedonale-via-moro.jpg","datePublished":"2022-02-19T06:13:23+00:00","dateModified":"2022-02-19T13:13:14+00:00","breadcrumb":{"@id":"https:\/\/www.tunews24.it\/ilcorrieredellaprovincia\/2022\/02\/19\/frosinone-quinta-domenica-ecologica-per-il-risanamento-dellaria\/#breadcrumb"},"inLanguage":"it-IT","potentialAction":[{"@type":"ReadAction","target":["https:\/\/www.tunews24.it\/ilcorrieredellaprovincia\/2022\/02\/19\/frosinone-quinta-domenica-ecologica-per-il-risanamento-dellaria\/"]}]},{"@type":"ImageObject","inLanguage":"it-IT","@id":"https:\/\/www.tunews24.it\/ilcorrieredellaprovincia\/2022\/02\/19\/frosinone-quinta-domenica-ecologica-per-il-risanamento-dellaria\/#primaryimage","url":"https:\/\/www.tunews24.it\/ilcorrieredellaprovincia\/wp-content\/uploads\/sites\/2\/2020\/02\/isola-pedonale-via-moro.jpg","contentUrl":"https:\/\/www.tunews24.it\/ilcorrieredellaprovincia\/wp-content\/uploads\/sites\/2\/2020\/02\/isola-pedonale-via-moro.jpg","width":1024,"height":670,"caption":"isola pedonale via moro frosinone"},{"@type":"BreadcrumbList","@id":"https:\/\/www.tunews24.it\/ilcorrieredellaprovincia\/2022\/02\/19\/frosinone-quinta-domenica-ecologica-per-il-risanamento-dellaria\/#breadcrumb","itemListElement":[{"@type":"ListItem","position":1,"name":"Home","item":"https:\/\/www.tunews24.it\/ilcorrieredellaprovincia\/"},{"@type":"ListItem","position":2,"name":"Frosinone, quinta domenica ecologica per il risanamento dell&#8217;aria"}]},{"@type":"WebSite","@id":"https:\/\/www.tunews24.it\/ilcorrieredellaprovincia\/#website","url":"https:\/\/www.tunews24.it\/ilcorrieredellaprovincia\/","name":"Il Corriere Delle Provincia","description":"IlCorriereDellaProvincia.it, quotidiano web di politica, cronaca, inchiesta, lavoro, scuola, turismo, cultura e spettacolo, economia e finanza, salute e benessere. Approfondimenti e notizie aggiornate con foto e video della provincia di Frosinone ma anche news nazionali, dell\u2019Italia e del Mondo.","publisher":{"@id":"https:\/\/www.tunews24.it\/ilcorrieredellaprovincia\/#organization"},"potentialAction":[{"@type":"SearchAction","target":{"@type":"EntryPoint","urlTemplate":"https:\/\/www.tunews24.it\/ilcorrieredellaprovincia\/?s={search_term_string}"},"query-input":{"@type":"PropertyValueSpecification","valueRequired":true,"valueName":"search_term_string"}}],"inLanguage":"it-IT"},{"@type":"Organization","@id":"https:\/\/www.tunews24.it\/ilcorrieredellaprovincia\/#organization","name":"Globalpress s.r.l.","url":"https:\/\/www.tunews24.it\/ilcorrieredellaprovincia\/","logo":{"@type":"ImageObject","inLanguage":"it-IT","@id":"https:\/\/www.tunews24.it\/ilcorrieredellaprovincia\/#\/schema\/logo\/image\/","url":"https:\/\/www.tunews24.it\/ilcorrieredellaprovincia\/wp-content\/uploads\/sites\/2\/2022\/11\/cropped-il-corriere-della-provincia-testata-web-scontornata.png","contentUrl":"https:\/\/www.tunews24.it\/ilcorrieredellaprovincia\/wp-content\/uploads\/sites\/2\/2022\/11\/cropped-il-corriere-della-provincia-testata-web-scontornata.png","width":2911,"height":717,"caption":"Globalpress s.r.l."},"image":{"@id":"https:\/\/www.tunews24.it\/ilcorrieredellaprovincia\/#\/schema\/logo\/image\/"}},{"@type":"Person","@id":"https:\/\/www.tunews24.it\/ilcorrieredellaprovincia\/#\/schema\/person\/1835170ef005036a87455edae6571822","name":"REDAZIONE LaProvinciaQuotidiano.it","image":{"@type":"ImageObject","inLanguage":"it-IT","@id":"https:\/\/www.tunews24.it\/ilcorrieredellaprovincia\/#\/schema\/person\/image\/","url":"https:\/\/secure.gravatar.com\/avatar\/e8cd08b1cdbc88da7f6798b57e3c6e5e?s=96&d=mm&r=g","contentUrl":"https:\/\/secure.gravatar.com\/avatar\/e8cd08b1cdbc88da7f6798b57e3c6e5e?s=96&d=mm&r=g","caption":"REDAZIONE LaProvinciaQuotidiano.it"},"description":"Seguici anche su Telegram: CLICCA QUI","url":"https:\/\/www.tunews24.it\/ilcorrieredellaprovincia\/author\/redazione\/"}]}},"_links":{"self":[{"href":"https:\/\/www.tunews24.it\/ilcorrieredellaprovincia\/wp-json\/wp\/v2\/posts\/70683","targetHints":{"allow":["GET"]}}],"collection":[{"href":"https:\/\/www.tunews24.it\/ilcorrieredellaprovincia\/wp-json\/wp\/v2\/posts"}],"about":[{"href":"https:\/\/www.tunews24.it\/ilcorrieredellaprovincia\/wp-json\/wp\/v2\/types\/post"}],"author":[{"embeddable":true,"href":"https:\/\/www.tunews24.it\/ilcorrieredellaprovincia\/wp-json\/wp\/v2\/users\/26"}],"replies":[{"embeddable":true,"href":"https:\/\/www.tunews24.it\/ilcorrieredellaprovincia\/wp-json\/wp\/v2\/comments?post=70683"}],"version-history":[{"count":1,"href":"https:\/\/www.tunews24.it\/ilcorrieredellaprovincia\/wp-json\/wp\/v2\/posts\/70683\/revisions"}],"predecessor-version":[{"id":70684,"href":"https:\/\/www.tunews24.it\/ilcorrieredellaprovincia\/wp-json\/wp\/v2\/posts\/70683\/revisions\/70684"}],"wp:featuredmedia":[{"embeddable":true,"href":"https:\/\/www.tunews24.it\/ilcorrieredellaprovincia\/wp-json\/wp\/v2\/media\/27879"}],"wp:attachment":[{"href":"https:\/\/www.tunews24.it\/ilcorrieredellaprovincia\/wp-json\/wp\/v2\/media?parent=70683"}],"wp:term":[{"taxonomy":"category","embeddable":true,"href":"https:\/\/www.tunews24.it\/ilcorrieredellaprovincia\/wp-json\/wp\/v2\/categories?post=70683"},{"taxonomy":"post_tag","embeddable":true,"href":"https:\/\/www.tunews24.it\/ilcorrieredellaprovincia\/wp-json\/wp\/v2\/tags?post=70683"}],"curies":[{"name":"wp","href":"https:\/\/api.w.org\/{rel}","templated":true}]}}