{"id":65309,"date":"2021-10-28T16:12:06","date_gmt":"2021-10-28T14:12:06","guid":{"rendered":"https:\/\/www.tunews24.it\/ilcorrieredellaprovincia\/?p=65309"},"modified":"2021-10-28T16:13:44","modified_gmt":"2021-10-28T14:13:44","slug":"coldiretti-via-libera-dalla-regione-allanticipo-dell85-sul-benessere-animale","status":"publish","type":"post","link":"https:\/\/www.tunews24.it\/ilcorrieredellaprovincia\/2021\/10\/28\/coldiretti-via-libera-dalla-regione-allanticipo-dell85-sul-benessere-animale\/","title":{"rendered":"Coldiretti, via libera dalla Regione all&#8217;anticipo dell&#8217;85% sul benessere animale"},"content":{"rendered":"\n<figure class=\"wp-block-image size-large\"><img loading=\"lazy\" decoding=\"async\" width=\"665\" height=\"408\" src=\"https:\/\/www.tunews24.it\/ilcorrieredellaprovincia\/wp-content\/uploads\/sites\/2\/2021\/02\/savone-picchi-coldiretti.jpg\" alt=\"\" class=\"wp-image-52907\" srcset=\"https:\/\/www.tunews24.it\/ilcorrieredellaprovincia\/wp-content\/uploads\/sites\/2\/2021\/02\/savone-picchi-coldiretti.jpg 665w, https:\/\/www.tunews24.it\/ilcorrieredellaprovincia\/wp-content\/uploads\/sites\/2\/2021\/02\/savone-picchi-coldiretti-300x184.jpg 300w\" sizes=\"auto, (max-width: 665px) 100vw, 665px\" \/><\/figure>\n\n\n\n<p><span style=\"font-weight: 400\">Accolta la richiesta di Coldiretti Lazio, che la scorsa settimana aveva inviato una lettera all<\/span><span style=\"font-weight: 400\">\u2019<\/span><span style=\"font-weight: 400\">assessore regionale all<\/span><span style=\"font-weight: 400\">\u2019<\/span><span style=\"font-weight: 400\">Agricoltura, Enrica Onorati, per ottenere un anticipo dei pagamenti relative al <\/span><span style=\"font-weight: 400\">\u201c<\/span><span style=\"font-weight: 400\">Benessere animale\u201d e aiutare cos\u00ec le numerose aziende zootecniche in difficolt\u00e0. Anticipo pari all<\/span><span style=\"font-weight: 400\">\u2019<\/span><span style=\"font-weight: 400\">85%. <\/span><i><span style=\"font-weight: 400\">\u201c<\/span><\/i><i><span style=\"font-weight: 400\">Siamo soddisfatti che la nostra richiesta sia stata accolta dalla Regione &#8211; <\/span><\/i><b>dice il presidente di Coldiretti Lazio, David Granieri <\/b><i><span style=\"font-weight: 400\">&#8211; si tratta di un risultato davvero molto importante, che consentir\u00e0 di garantire un sostegno economico fondamentale per le imprese del settore, che si trovano in gravi difficolt\u00e0 finanziarie. Ad incidere negativamente l<\/span><\/i><i><span style=\"font-weight: 400\">\u2019<\/span><\/i><i><span style=\"font-weight: 400\">incremento esponenziale dei costi delle materie prime, dell<\/span><\/i><i><span style=\"font-weight: 400\">\u2019<\/span><\/i><i><span style=\"font-weight: 400\">energia, i consumi in calo e le speculazioni che hanno colpito duramente la filiera, oltre alla crisi determinata dall<\/span><\/i><i><span style=\"font-weight: 400\">\u2019<\/span><\/i><i><span style=\"font-weight: 400\">emergenza sanitaria\u201d.\u00a0<\/span><\/i><\/p>\n<h3>\u00a0<\/h3>\n<p><span style=\"font-weight: 400\">Le aziende zootecniche, infatti, sono costrette ad affrontare dei costi di produzione maggiorati e per quelle che producono latte fresco vaccino, tali costi superano il valore di acquisto del prodotto. <\/span><span style=\"font-weight: 400\">Nel Lazio l<\/span><span style=\"font-weight: 400\">\u2019<\/span><span style=\"font-weight: 400\">attivit\u00e0 zootecnica viene esercitata da oltre 9.600 aziende, di cui circa 5.600 sono aziende di bovini e il 40% di queste alimenta la filiera lattiero-casearia.<\/span><\/p>\n<p>\u00a0<\/p>\n<p><i><span style=\"font-weight: 400\">\u201c<\/span><\/i><i><span style=\"font-weight: 400\">Non possiamo permetterci di mettere a rischio un prodotto<\/span><\/i><i><span style=\"font-weight: 400\"> prezioso per il Lazio \u2013 <\/span><\/i><b><i>riferisce Carlo Picchi Direttore di Coldiretti Frosinone e Latina<\/i><\/b><i><span style=\"font-weight: 400\"> &#8211; quale \u00e8 il latte fresco di cui Roma e la nostra regione \u00e8 tra i maggiori consumatori in Italia, proprio per la sua ottima qualit\u00e0\u201d.<\/span><\/i><\/p>\n<p>\u00a0<\/p>\n<p><span style=\"font-weight: 400\">E proprio per salvare il latte fresco Coldiretti Lazio ha anche chiesto che venga assicurato agli allevatori un prezzo equo in tempi rapidi, richiamando alla responsabilit\u00e0 l<\/span><span style=\"font-weight: 400\">\u2019<\/span><span style=\"font-weight: 400\">intera filiera del latte. Una battaglia che si aggiunge alle molte altre che Coldiretti sta portando avanti incessantemente e con risultati importanti per questo settore, come lo stanziamento di 74 milioni di euro nel Psr della Regione Lazio. Un investimento strategico e fortemente sollecitato dalla federazione regionale.<\/span><\/p>\n<p>\u00a0<\/p>\n<p><i><span style=\"font-weight: 400\">\u201c<\/span><\/i><i><span style=\"font-weight: 400\">L<\/span><\/i><i><span style=\"font-weight: 400\">\u2019<\/span><\/i><i><span style=\"font-weight: 400\">anticipo dell<\/span><\/i><i><span style=\"font-weight: 400\">\u2019<\/span><\/i><i><span style=\"font-weight: 400\">85% sul benessere animale rappresenta un grande passo avanti \u2013 <\/span><\/i><b>aggiunge Vinicio Savone Presidente di Coldiretti Frosinone<\/b><i><span style=\"font-weight: 400\"> &#8211; e una boccata di ossigeno per le tante aziende, che pur trovandosi in dissesto finanziario, hanno comunque continuato a produrre, nonostante questo abbia comportato per loro un ulteriore indebitamento. Siamo comunque consapevoli che la situazione sia molto seria e che questo anticipo non baster\u00e0 certamente a sanare la crisi profonda del settore. E<\/span><\/i><i><span style=\"font-weight: 400\">\u2019 <\/span><\/i><i><span style=\"font-weight: 400\">per\u00f2 un tassello in pi\u00f9 per cercare di superare questo momento cos\u00ec difficile, ma certo non una soluzione. Non ci fermeremo certamente a questo e continueremo a rappresentare le nostre aziende nei tavoli nazionali e a livello europeo con tutti gli strumenti necessari per superare la crisi\u201d. <\/span><\/i><span style=\"font-weight: 400\">A tutto questo si aggiunge un altro fattore importante. <\/span><i><span style=\"font-weight: 400\">\u201c<\/span><\/i><i><span style=\"font-weight: 400\">E<\/span><\/i><i><span style=\"font-weight: 400\">\u2019 <\/span><\/i><i><span style=\"font-weight: 400\">fondamentale che sia varato al pi\u00f9 presto il pi\u00f9 grande progetto di comunicazione per valorizzare il latte fresco del Lazio &#8211; <\/span><\/i><b>conclude Denis Carnello Presidente di Coldiretti Latina<\/b><i><span style=\"font-weight: 400\"> &#8211; sul quale sta lavorando l<\/span><\/i><i><span style=\"font-weight: 400\">\u2019<\/span><\/i><i><span style=\"font-weight: 400\">assessore regionale all<\/span><\/i><i><span style=\"font-weight: 400\">\u2019<\/span><\/i><i><span style=\"font-weight: 400\">Agricoltura, Enrica Onorati, affinch\u00e9 i consumatori siano adeguatamente informati\u201d.\u00a0<\/span><\/i><\/p>\n\n\n\n<figure class=\"wp-block-image size-large\"><img loading=\"lazy\" decoding=\"async\" width=\"780\" height=\"480\" src=\"https:\/\/www.tunews24.it\/ilcorrieredellaprovincia\/wp-content\/uploads\/sites\/2\/2020\/11\/carnello-1.jpg\" alt=\"\" class=\"wp-image-48793\" srcset=\"https:\/\/www.tunews24.it\/ilcorrieredellaprovincia\/wp-content\/uploads\/sites\/2\/2020\/11\/carnello-1.jpg 780w, https:\/\/www.tunews24.it\/ilcorrieredellaprovincia\/wp-content\/uploads\/sites\/2\/2020\/11\/carnello-1-300x185.jpg 300w, https:\/\/www.tunews24.it\/ilcorrieredellaprovincia\/wp-content\/uploads\/sites\/2\/2020\/11\/carnello-1-768x473.jpg 768w\" sizes=\"auto, (max-width: 780px) 100vw, 780px\" \/><\/figure>\n","protected":false},"excerpt":{"rendered":"<p>Accolta la richiesta di Coldiretti Lazio, che la scorsa settimana aveva inviato una lettera all\u2019assessore regionale all\u2019Agricoltura, Enrica Onorati, per<\/p>\n","protected":false},"author":26,"featured_media":34244,"comment_status":"closed","ping_status":"closed","sticky":false,"template":"","format":"standard","meta":{"footnotes":""},"categories":[4,5],"tags":[14019,2027,1375,13821],"class_list":["post-65309","post","type-post","status-publish","format-standard","has-post-thumbnail","hentry","category-primo-piano","category-economia","tag-benessere-animale","tag-carlo-picchi","tag-coldiretti","tag-davide-granieri"],"yoast_head":"<!-- This site is optimized with the Yoast SEO Premium plugin v27.8 (Yoast SEO v27.8) - https:\/\/yoast.com\/product\/yoast-seo-premium-wordpress\/ -->\n<title>Coldiretti, via libera dalla Regione all&#039;anticipo dell&#039;85% sul benessere animale - IlCorriereDellaProvincia.it - News h24 e notizie di approfondimento<\/title>\n<meta name=\"robots\" content=\"index, follow, max-snippet:-1, max-image-preview:large, max-video-preview:-1\" \/>\n<link rel=\"canonical\" href=\"https:\/\/www.tunews24.it\/ilcorrieredellaprovincia\/2021\/10\/28\/coldiretti-via-libera-dalla-regione-allanticipo-dell85-sul-benessere-animale\/\" \/>\n<meta property=\"og:locale\" content=\"it_IT\" \/>\n<meta property=\"og:type\" content=\"article\" \/>\n<meta property=\"og:title\" content=\"Coldiretti, via libera dalla Regione all&#039;anticipo dell&#039;85% sul benessere animale\" \/>\n<meta property=\"og:description\" content=\"Accolta la richiesta di Coldiretti Lazio, che la scorsa settimana aveva inviato una lettera all\u2019assessore regionale all\u2019Agricoltura, Enrica Onorati, per\" \/>\n<meta property=\"og:url\" content=\"https:\/\/www.tunews24.it\/ilcorrieredellaprovincia\/2021\/10\/28\/coldiretti-via-libera-dalla-regione-allanticipo-dell85-sul-benessere-animale\/\" \/>\n<meta property=\"og:site_name\" content=\"IlCorriereDellaProvincia.it - News h24 e notizie di approfondimento\" \/>\n<meta property=\"article:published_time\" content=\"2021-10-28T14:12:06+00:00\" \/>\n<meta property=\"article:modified_time\" content=\"2021-10-28T14:13:44+00:00\" \/>\n<meta property=\"og:image\" content=\"https:\/\/www.tunews24.it\/ilcorrieredellaprovincia\/wp-content\/uploads\/sites\/2\/2020\/04\/david-granieri-coldiretti.jpg\" \/>\n\t<meta property=\"og:image:width\" content=\"819\" \/>\n\t<meta property=\"og:image:height\" content=\"507\" \/>\n\t<meta property=\"og:image:type\" content=\"image\/jpeg\" \/>\n<meta name=\"author\" content=\"REDAZIONE LaProvinciaQuotidiano.it\" \/>\n<meta name=\"twitter:card\" content=\"summary_large_image\" \/>\n<meta name=\"twitter:label1\" content=\"Scritto da\" \/>\n\t<meta name=\"twitter:data1\" content=\"REDAZIONE LaProvinciaQuotidiano.it\" \/>\n\t<meta name=\"twitter:label2\" content=\"Tempo di lettura stimato\" \/>\n\t<meta name=\"twitter:data2\" content=\"2 minuti\" \/>\n<script type=\"application\/ld+json\" class=\"yoast-schema-graph\">{\"@context\":\"https:\\\/\\\/schema.org\",\"@graph\":[{\"@type\":\"Article\",\"@id\":\"https:\\\/\\\/www.tunews24.it\\\/ilcorrieredellaprovincia\\\/2021\\\/10\\\/28\\\/coldiretti-via-libera-dalla-regione-allanticipo-dell85-sul-benessere-animale\\\/#article\",\"isPartOf\":{\"@id\":\"https:\\\/\\\/www.tunews24.it\\\/ilcorrieredellaprovincia\\\/2021\\\/10\\\/28\\\/coldiretti-via-libera-dalla-regione-allanticipo-dell85-sul-benessere-animale\\\/\"},\"author\":{\"name\":\"REDAZIONE LaProvinciaQuotidiano.it\",\"@id\":\"https:\\\/\\\/www.tunews24.it\\\/ilcorrieredellaprovincia\\\/#\\\/schema\\\/person\\\/1835170ef005036a87455edae6571822\"},\"headline\":\"Coldiretti, via libera dalla Regione all&#8217;anticipo dell&#8217;85% sul benessere animale\",\"datePublished\":\"2021-10-28T14:12:06+00:00\",\"dateModified\":\"2021-10-28T14:13:44+00:00\",\"mainEntityOfPage\":{\"@id\":\"https:\\\/\\\/www.tunews24.it\\\/ilcorrieredellaprovincia\\\/2021\\\/10\\\/28\\\/coldiretti-via-libera-dalla-regione-allanticipo-dell85-sul-benessere-animale\\\/\"},\"wordCount\":485,\"publisher\":{\"@id\":\"https:\\\/\\\/www.tunews24.it\\\/ilcorrieredellaprovincia\\\/#organization\"},\"image\":{\"@id\":\"https:\\\/\\\/www.tunews24.it\\\/ilcorrieredellaprovincia\\\/2021\\\/10\\\/28\\\/coldiretti-via-libera-dalla-regione-allanticipo-dell85-sul-benessere-animale\\\/#primaryimage\"},\"thumbnailUrl\":\"https:\\\/\\\/www.tunews24.it\\\/ilcorrieredellaprovincia\\\/wp-content\\\/uploads\\\/sites\\\/2\\\/2020\\\/04\\\/david-granieri-coldiretti.jpg\",\"keywords\":[\"benessere animale\",\"carlo picchi\",\"coldiretti\",\"davide granieri\"],\"articleSection\":[\"*PRIMO PIANO*\",\"Economia e Finanza\"],\"inLanguage\":\"it-IT\",\"copyrightYear\":\"2021\",\"copyrightHolder\":{\"@id\":\"https:\\\/\\\/www.tunews24.it\\\/#organization\"}},{\"@type\":\"WebPage\",\"@id\":\"https:\\\/\\\/www.tunews24.it\\\/ilcorrieredellaprovincia\\\/2021\\\/10\\\/28\\\/coldiretti-via-libera-dalla-regione-allanticipo-dell85-sul-benessere-animale\\\/\",\"url\":\"https:\\\/\\\/www.tunews24.it\\\/ilcorrieredellaprovincia\\\/2021\\\/10\\\/28\\\/coldiretti-via-libera-dalla-regione-allanticipo-dell85-sul-benessere-animale\\\/\",\"name\":\"Coldiretti, via libera dalla Regione all'anticipo dell'85% sul benessere animale - IlCorriereDellaProvincia.it - News h24 e notizie di approfondimento\",\"isPartOf\":{\"@id\":\"https:\\\/\\\/www.tunews24.it\\\/ilcorrieredellaprovincia\\\/#website\"},\"primaryImageOfPage\":{\"@id\":\"https:\\\/\\\/www.tunews24.it\\\/ilcorrieredellaprovincia\\\/2021\\\/10\\\/28\\\/coldiretti-via-libera-dalla-regione-allanticipo-dell85-sul-benessere-animale\\\/#primaryimage\"},\"image\":{\"@id\":\"https:\\\/\\\/www.tunews24.it\\\/ilcorrieredellaprovincia\\\/2021\\\/10\\\/28\\\/coldiretti-via-libera-dalla-regione-allanticipo-dell85-sul-benessere-animale\\\/#primaryimage\"},\"thumbnailUrl\":\"https:\\\/\\\/www.tunews24.it\\\/ilcorrieredellaprovincia\\\/wp-content\\\/uploads\\\/sites\\\/2\\\/2020\\\/04\\\/david-granieri-coldiretti.jpg\",\"datePublished\":\"2021-10-28T14:12:06+00:00\",\"dateModified\":\"2021-10-28T14:13:44+00:00\",\"breadcrumb\":{\"@id\":\"https:\\\/\\\/www.tunews24.it\\\/ilcorrieredellaprovincia\\\/2021\\\/10\\\/28\\\/coldiretti-via-libera-dalla-regione-allanticipo-dell85-sul-benessere-animale\\\/#breadcrumb\"},\"inLanguage\":\"it-IT\",\"potentialAction\":[{\"@type\":\"ReadAction\",\"target\":[\"https:\\\/\\\/www.tunews24.it\\\/ilcorrieredellaprovincia\\\/2021\\\/10\\\/28\\\/coldiretti-via-libera-dalla-regione-allanticipo-dell85-sul-benessere-animale\\\/\"]}]},{\"@type\":\"ImageObject\",\"inLanguage\":\"it-IT\",\"@id\":\"https:\\\/\\\/www.tunews24.it\\\/ilcorrieredellaprovincia\\\/2021\\\/10\\\/28\\\/coldiretti-via-libera-dalla-regione-allanticipo-dell85-sul-benessere-animale\\\/#primaryimage\",\"url\":\"https:\\\/\\\/www.tunews24.it\\\/ilcorrieredellaprovincia\\\/wp-content\\\/uploads\\\/sites\\\/2\\\/2020\\\/04\\\/david-granieri-coldiretti.jpg\",\"contentUrl\":\"https:\\\/\\\/www.tunews24.it\\\/ilcorrieredellaprovincia\\\/wp-content\\\/uploads\\\/sites\\\/2\\\/2020\\\/04\\\/david-granieri-coldiretti.jpg\",\"width\":819,\"height\":507,\"caption\":\"Il presidente di Coldiretti Lazio David Granieri\"},{\"@type\":\"BreadcrumbList\",\"@id\":\"https:\\\/\\\/www.tunews24.it\\\/ilcorrieredellaprovincia\\\/2021\\\/10\\\/28\\\/coldiretti-via-libera-dalla-regione-allanticipo-dell85-sul-benessere-animale\\\/#breadcrumb\",\"itemListElement\":[{\"@type\":\"ListItem\",\"position\":1,\"name\":\"Home\",\"item\":\"https:\\\/\\\/www.tunews24.it\\\/ilcorrieredellaprovincia\\\/\"},{\"@type\":\"ListItem\",\"position\":2,\"name\":\"Coldiretti, via libera dalla Regione all&#8217;anticipo dell&#8217;85% sul benessere animale\"}]},{\"@type\":\"WebSite\",\"@id\":\"https:\\\/\\\/www.tunews24.it\\\/ilcorrieredellaprovincia\\\/#website\",\"url\":\"https:\\\/\\\/www.tunews24.it\\\/ilcorrieredellaprovincia\\\/\",\"name\":\"Il Corriere Delle Provincia\",\"description\":\"IlCorriereDellaProvincia.it, quotidiano web di politica, cronaca, inchiesta, lavoro, scuola, turismo, cultura e spettacolo, economia e finanza, salute e benessere. Approfondimenti e notizie aggiornate con foto e video della provincia di Frosinone ma anche news nazionali, dell\u2019Italia e del Mondo.\",\"publisher\":{\"@id\":\"https:\\\/\\\/www.tunews24.it\\\/ilcorrieredellaprovincia\\\/#organization\"},\"potentialAction\":[{\"@type\":\"SearchAction\",\"target\":{\"@type\":\"EntryPoint\",\"urlTemplate\":\"https:\\\/\\\/www.tunews24.it\\\/ilcorrieredellaprovincia\\\/?s={search_term_string}\"},\"query-input\":{\"@type\":\"PropertyValueSpecification\",\"valueRequired\":true,\"valueName\":\"search_term_string\"}}],\"inLanguage\":\"it-IT\"},{\"@type\":[\"Organization\",\"Place\"],\"@id\":\"https:\\\/\\\/www.tunews24.it\\\/ilcorrieredellaprovincia\\\/#organization\",\"name\":\"Globalpress s.r.l.\",\"url\":\"https:\\\/\\\/www.tunews24.it\\\/ilcorrieredellaprovincia\\\/\",\"logo\":{\"@id\":\"https:\\\/\\\/www.tunews24.it\\\/ilcorrieredellaprovincia\\\/2021\\\/10\\\/28\\\/coldiretti-via-libera-dalla-regione-allanticipo-dell85-sul-benessere-animale\\\/#local-main-organization-logo\"},\"image\":{\"@id\":\"https:\\\/\\\/www.tunews24.it\\\/ilcorrieredellaprovincia\\\/2021\\\/10\\\/28\\\/coldiretti-via-libera-dalla-regione-allanticipo-dell85-sul-benessere-animale\\\/#local-main-organization-logo\"},\"telephone\":[],\"openingHoursSpecification\":[{\"@type\":\"OpeningHoursSpecification\",\"dayOfWeek\":[\"Monday\",\"Tuesday\",\"Wednesday\",\"Thursday\",\"Friday\",\"Saturday\",\"Sunday\"],\"opens\":\"09:00\",\"closes\":\"17:00\"}]},{\"@type\":\"Person\",\"@id\":\"https:\\\/\\\/www.tunews24.it\\\/ilcorrieredellaprovincia\\\/#\\\/schema\\\/person\\\/1835170ef005036a87455edae6571822\",\"name\":\"REDAZIONE LaProvinciaQuotidiano.it\",\"image\":{\"@type\":\"ImageObject\",\"inLanguage\":\"it-IT\",\"@id\":\"https:\\\/\\\/secure.gravatar.com\\\/avatar\\\/38a062f668d575d1287faf795d85e6958e595ed693e6bd45aa886f5041703d69?s=96&d=mm&r=g\",\"url\":\"https:\\\/\\\/secure.gravatar.com\\\/avatar\\\/38a062f668d575d1287faf795d85e6958e595ed693e6bd45aa886f5041703d69?s=96&d=mm&r=g\",\"contentUrl\":\"https:\\\/\\\/secure.gravatar.com\\\/avatar\\\/38a062f668d575d1287faf795d85e6958e595ed693e6bd45aa886f5041703d69?s=96&d=mm&r=g\",\"caption\":\"REDAZIONE LaProvinciaQuotidiano.it\"},\"description\":\"Seguici anche su Telegram: CLICCA QUI\",\"url\":\"https:\\\/\\\/www.tunews24.it\\\/ilcorrieredellaprovincia\\\/author\\\/redazione\\\/\"},{\"@type\":\"ImageObject\",\"inLanguage\":\"it-IT\",\"@id\":\"https:\\\/\\\/www.tunews24.it\\\/ilcorrieredellaprovincia\\\/2021\\\/10\\\/28\\\/coldiretti-via-libera-dalla-regione-allanticipo-dell85-sul-benessere-animale\\\/#local-main-organization-logo\",\"url\":\"https:\\\/\\\/www.tunews24.it\\\/ilcorrieredellaprovincia\\\/wp-content\\\/uploads\\\/sites\\\/2\\\/2022\\\/11\\\/cropped-il-corriere-della-provincia-testata-web-scontornata.png\",\"contentUrl\":\"https:\\\/\\\/www.tunews24.it\\\/ilcorrieredellaprovincia\\\/wp-content\\\/uploads\\\/sites\\\/2\\\/2022\\\/11\\\/cropped-il-corriere-della-provincia-testata-web-scontornata.png\",\"width\":2911,\"height\":717,\"caption\":\"Globalpress s.r.l.\"}]}<\/script>\n<!-- \/ Yoast SEO Premium plugin. -->","yoast_head_json":{"title":"Coldiretti, via libera dalla Regione all'anticipo dell'85% sul benessere animale - IlCorriereDellaProvincia.it - News h24 e notizie di approfondimento","robots":{"index":"index","follow":"follow","max-snippet":"max-snippet:-1","max-image-preview":"max-image-preview:large","max-video-preview":"max-video-preview:-1"},"canonical":"https:\/\/www.tunews24.it\/ilcorrieredellaprovincia\/2021\/10\/28\/coldiretti-via-libera-dalla-regione-allanticipo-dell85-sul-benessere-animale\/","og_locale":"it_IT","og_type":"article","og_title":"Coldiretti, via libera dalla Regione all'anticipo dell'85% sul benessere animale","og_description":"Accolta la richiesta di Coldiretti Lazio, che la scorsa settimana aveva inviato una lettera all\u2019assessore regionale all\u2019Agricoltura, Enrica Onorati, per","og_url":"https:\/\/www.tunews24.it\/ilcorrieredellaprovincia\/2021\/10\/28\/coldiretti-via-libera-dalla-regione-allanticipo-dell85-sul-benessere-animale\/","og_site_name":"IlCorriereDellaProvincia.it - News h24 e notizie di approfondimento","article_published_time":"2021-10-28T14:12:06+00:00","article_modified_time":"2021-10-28T14:13:44+00:00","og_image":[{"width":819,"height":507,"url":"https:\/\/www.tunews24.it\/ilcorrieredellaprovincia\/wp-content\/uploads\/sites\/2\/2020\/04\/david-granieri-coldiretti.jpg","type":"image\/jpeg"}],"author":"REDAZIONE LaProvinciaQuotidiano.it","twitter_card":"summary_large_image","twitter_misc":{"Scritto da":"REDAZIONE LaProvinciaQuotidiano.it","Tempo di lettura stimato":"2 minuti"},"schema":{"@context":"https:\/\/schema.org","@graph":[{"@type":"Article","@id":"https:\/\/www.tunews24.it\/ilcorrieredellaprovincia\/2021\/10\/28\/coldiretti-via-libera-dalla-regione-allanticipo-dell85-sul-benessere-animale\/#article","isPartOf":{"@id":"https:\/\/www.tunews24.it\/ilcorrieredellaprovincia\/2021\/10\/28\/coldiretti-via-libera-dalla-regione-allanticipo-dell85-sul-benessere-animale\/"},"author":{"name":"REDAZIONE LaProvinciaQuotidiano.it","@id":"https:\/\/www.tunews24.it\/ilcorrieredellaprovincia\/#\/schema\/person\/1835170ef005036a87455edae6571822"},"headline":"Coldiretti, via libera dalla Regione all&#8217;anticipo dell&#8217;85% sul benessere animale","datePublished":"2021-10-28T14:12:06+00:00","dateModified":"2021-10-28T14:13:44+00:00","mainEntityOfPage":{"@id":"https:\/\/www.tunews24.it\/ilcorrieredellaprovincia\/2021\/10\/28\/coldiretti-via-libera-dalla-regione-allanticipo-dell85-sul-benessere-animale\/"},"wordCount":485,"publisher":{"@id":"https:\/\/www.tunews24.it\/ilcorrieredellaprovincia\/#organization"},"image":{"@id":"https:\/\/www.tunews24.it\/ilcorrieredellaprovincia\/2021\/10\/28\/coldiretti-via-libera-dalla-regione-allanticipo-dell85-sul-benessere-animale\/#primaryimage"},"thumbnailUrl":"https:\/\/www.tunews24.it\/ilcorrieredellaprovincia\/wp-content\/uploads\/sites\/2\/2020\/04\/david-granieri-coldiretti.jpg","keywords":["benessere animale","carlo picchi","coldiretti","davide granieri"],"articleSection":["*PRIMO PIANO*","Economia e Finanza"],"inLanguage":"it-IT","copyrightYear":"2021","copyrightHolder":{"@id":"https:\/\/www.tunews24.it\/#organization"}},{"@type":"WebPage","@id":"https:\/\/www.tunews24.it\/ilcorrieredellaprovincia\/2021\/10\/28\/coldiretti-via-libera-dalla-regione-allanticipo-dell85-sul-benessere-animale\/","url":"https:\/\/www.tunews24.it\/ilcorrieredellaprovincia\/2021\/10\/28\/coldiretti-via-libera-dalla-regione-allanticipo-dell85-sul-benessere-animale\/","name":"Coldiretti, via libera dalla Regione all'anticipo dell'85% sul benessere animale - IlCorriereDellaProvincia.it - News h24 e notizie di approfondimento","isPartOf":{"@id":"https:\/\/www.tunews24.it\/ilcorrieredellaprovincia\/#website"},"primaryImageOfPage":{"@id":"https:\/\/www.tunews24.it\/ilcorrieredellaprovincia\/2021\/10\/28\/coldiretti-via-libera-dalla-regione-allanticipo-dell85-sul-benessere-animale\/#primaryimage"},"image":{"@id":"https:\/\/www.tunews24.it\/ilcorrieredellaprovincia\/2021\/10\/28\/coldiretti-via-libera-dalla-regione-allanticipo-dell85-sul-benessere-animale\/#primaryimage"},"thumbnailUrl":"https:\/\/www.tunews24.it\/ilcorrieredellaprovincia\/wp-content\/uploads\/sites\/2\/2020\/04\/david-granieri-coldiretti.jpg","datePublished":"2021-10-28T14:12:06+00:00","dateModified":"2021-10-28T14:13:44+00:00","breadcrumb":{"@id":"https:\/\/www.tunews24.it\/ilcorrieredellaprovincia\/2021\/10\/28\/coldiretti-via-libera-dalla-regione-allanticipo-dell85-sul-benessere-animale\/#breadcrumb"},"inLanguage":"it-IT","potentialAction":[{"@type":"ReadAction","target":["https:\/\/www.tunews24.it\/ilcorrieredellaprovincia\/2021\/10\/28\/coldiretti-via-libera-dalla-regione-allanticipo-dell85-sul-benessere-animale\/"]}]},{"@type":"ImageObject","inLanguage":"it-IT","@id":"https:\/\/www.tunews24.it\/ilcorrieredellaprovincia\/2021\/10\/28\/coldiretti-via-libera-dalla-regione-allanticipo-dell85-sul-benessere-animale\/#primaryimage","url":"https:\/\/www.tunews24.it\/ilcorrieredellaprovincia\/wp-content\/uploads\/sites\/2\/2020\/04\/david-granieri-coldiretti.jpg","contentUrl":"https:\/\/www.tunews24.it\/ilcorrieredellaprovincia\/wp-content\/uploads\/sites\/2\/2020\/04\/david-granieri-coldiretti.jpg","width":819,"height":507,"caption":"Il presidente di Coldiretti Lazio David Granieri"},{"@type":"BreadcrumbList","@id":"https:\/\/www.tunews24.it\/ilcorrieredellaprovincia\/2021\/10\/28\/coldiretti-via-libera-dalla-regione-allanticipo-dell85-sul-benessere-animale\/#breadcrumb","itemListElement":[{"@type":"ListItem","position":1,"name":"Home","item":"https:\/\/www.tunews24.it\/ilcorrieredellaprovincia\/"},{"@type":"ListItem","position":2,"name":"Coldiretti, via libera dalla Regione all&#8217;anticipo dell&#8217;85% sul benessere animale"}]},{"@type":"WebSite","@id":"https:\/\/www.tunews24.it\/ilcorrieredellaprovincia\/#website","url":"https:\/\/www.tunews24.it\/ilcorrieredellaprovincia\/","name":"Il Corriere Delle Provincia","description":"IlCorriereDellaProvincia.it, quotidiano web di politica, cronaca, inchiesta, lavoro, scuola, turismo, cultura e spettacolo, economia e finanza, salute e benessere. Approfondimenti e notizie aggiornate con foto e video della provincia di Frosinone ma anche news nazionali, dell\u2019Italia e del Mondo.","publisher":{"@id":"https:\/\/www.tunews24.it\/ilcorrieredellaprovincia\/#organization"},"potentialAction":[{"@type":"SearchAction","target":{"@type":"EntryPoint","urlTemplate":"https:\/\/www.tunews24.it\/ilcorrieredellaprovincia\/?s={search_term_string}"},"query-input":{"@type":"PropertyValueSpecification","valueRequired":true,"valueName":"search_term_string"}}],"inLanguage":"it-IT"},{"@type":["Organization","Place"],"@id":"https:\/\/www.tunews24.it\/ilcorrieredellaprovincia\/#organization","name":"Globalpress s.r.l.","url":"https:\/\/www.tunews24.it\/ilcorrieredellaprovincia\/","logo":{"@id":"https:\/\/www.tunews24.it\/ilcorrieredellaprovincia\/2021\/10\/28\/coldiretti-via-libera-dalla-regione-allanticipo-dell85-sul-benessere-animale\/#local-main-organization-logo"},"image":{"@id":"https:\/\/www.tunews24.it\/ilcorrieredellaprovincia\/2021\/10\/28\/coldiretti-via-libera-dalla-regione-allanticipo-dell85-sul-benessere-animale\/#local-main-organization-logo"},"telephone":[],"openingHoursSpecification":[{"@type":"OpeningHoursSpecification","dayOfWeek":["Monday","Tuesday","Wednesday","Thursday","Friday","Saturday","Sunday"],"opens":"09:00","closes":"17:00"}]},{"@type":"Person","@id":"https:\/\/www.tunews24.it\/ilcorrieredellaprovincia\/#\/schema\/person\/1835170ef005036a87455edae6571822","name":"REDAZIONE LaProvinciaQuotidiano.it","image":{"@type":"ImageObject","inLanguage":"it-IT","@id":"https:\/\/secure.gravatar.com\/avatar\/38a062f668d575d1287faf795d85e6958e595ed693e6bd45aa886f5041703d69?s=96&d=mm&r=g","url":"https:\/\/secure.gravatar.com\/avatar\/38a062f668d575d1287faf795d85e6958e595ed693e6bd45aa886f5041703d69?s=96&d=mm&r=g","contentUrl":"https:\/\/secure.gravatar.com\/avatar\/38a062f668d575d1287faf795d85e6958e595ed693e6bd45aa886f5041703d69?s=96&d=mm&r=g","caption":"REDAZIONE LaProvinciaQuotidiano.it"},"description":"Seguici anche su Telegram: CLICCA QUI","url":"https:\/\/www.tunews24.it\/ilcorrieredellaprovincia\/author\/redazione\/"},{"@type":"ImageObject","inLanguage":"it-IT","@id":"https:\/\/www.tunews24.it\/ilcorrieredellaprovincia\/2021\/10\/28\/coldiretti-via-libera-dalla-regione-allanticipo-dell85-sul-benessere-animale\/#local-main-organization-logo","url":"https:\/\/www.tunews24.it\/ilcorrieredellaprovincia\/wp-content\/uploads\/sites\/2\/2022\/11\/cropped-il-corriere-della-provincia-testata-web-scontornata.png","contentUrl":"https:\/\/www.tunews24.it\/ilcorrieredellaprovincia\/wp-content\/uploads\/sites\/2\/2022\/11\/cropped-il-corriere-della-provincia-testata-web-scontornata.png","width":2911,"height":717,"caption":"Globalpress s.r.l."}]}},"_links":{"self":[{"href":"https:\/\/www.tunews24.it\/ilcorrieredellaprovincia\/wp-json\/wp\/v2\/posts\/65309","targetHints":{"allow":["GET"]}}],"collection":[{"href":"https:\/\/www.tunews24.it\/ilcorrieredellaprovincia\/wp-json\/wp\/v2\/posts"}],"about":[{"href":"https:\/\/www.tunews24.it\/ilcorrieredellaprovincia\/wp-json\/wp\/v2\/types\/post"}],"author":[{"embeddable":true,"href":"https:\/\/www.tunews24.it\/ilcorrieredellaprovincia\/wp-json\/wp\/v2\/users\/26"}],"replies":[{"embeddable":true,"href":"https:\/\/www.tunews24.it\/ilcorrieredellaprovincia\/wp-json\/wp\/v2\/comments?post=65309"}],"version-history":[{"count":1,"href":"https:\/\/www.tunews24.it\/ilcorrieredellaprovincia\/wp-json\/wp\/v2\/posts\/65309\/revisions"}],"predecessor-version":[{"id":65310,"href":"https:\/\/www.tunews24.it\/ilcorrieredellaprovincia\/wp-json\/wp\/v2\/posts\/65309\/revisions\/65310"}],"wp:featuredmedia":[{"embeddable":true,"href":"https:\/\/www.tunews24.it\/ilcorrieredellaprovincia\/wp-json\/wp\/v2\/media\/34244"}],"wp:attachment":[{"href":"https:\/\/www.tunews24.it\/ilcorrieredellaprovincia\/wp-json\/wp\/v2\/media?parent=65309"}],"wp:term":[{"taxonomy":"category","embeddable":true,"href":"https:\/\/www.tunews24.it\/ilcorrieredellaprovincia\/wp-json\/wp\/v2\/categories?post=65309"},{"taxonomy":"post_tag","embeddable":true,"href":"https:\/\/www.tunews24.it\/ilcorrieredellaprovincia\/wp-json\/wp\/v2\/tags?post=65309"}],"curies":[{"name":"wp","href":"https:\/\/api.w.org\/{rel}","templated":true}]}}