{"id":57872,"date":"2021-05-13T11:05:07","date_gmt":"2021-05-13T09:05:07","guid":{"rendered":"https:\/\/www.tunews24.it\/ilcorrieredellaprovincia\/?p=57872"},"modified":"2021-05-13T11:05:08","modified_gmt":"2021-05-13T09:05:08","slug":"frosinone-alta-together-online-da-sabato-il-docufilm-sul-centro-storico","status":"publish","type":"post","link":"https:\/\/www.tunews24.it\/ilcorrieredellaprovincia\/2021\/05\/13\/frosinone-alta-together-online-da-sabato-il-docufilm-sul-centro-storico\/","title":{"rendered":"Frosinone Alta\/Together:  online da sabato il docufilm sul centro storico"},"content":{"rendered":"\n<p>Sar\u00e0 disponibile online da sabato 15 maggio il docufilm <em>\u201cFrosinone Alta\/Together\u201d<\/em>, <strong>promosso dall\u2019assessorato al Centro storico coordinato da Rossella Testa in collaborazione con la Pro Loco di Frosinone<\/strong>. Il video sar\u00e0 caricato sulla pagina Facebook ufficiale della Pro Loco, oltre che sul canale YouTube del Comune, raggiungibile dal sito istituzionale&nbsp;<a href=\"http:\/\/www.comune.frosinone.it\/\" rel=\"noreferrer noopener\" target=\"_blank\">www.comune.frosinone.it<\/a>.<\/p>\n\n\n\n<p>Il Docufilm&nbsp;\u201cFrosinone Alta \/ Together\u201d parte raccontando lo sviluppo che, in questi anni, ha avuto la parte pi\u00f9 antica della citt\u00e0 grazie agli investimenti portati avanti dalla Amministrazione Ottaviani.<\/p>\n\n\n\n<figure class=\"wp-block-image\"><img decoding=\"async\" src=\"https:\/\/www.tunews24.it\/wp-content\/uploads\/2020\/05\/rossella-testa-1024x848.jpg\" alt=\"\" class=\"wp-image-13322\" \/><figcaption>L\u2019assessore al Centro storico di Frosinone Rossella Testa<\/figcaption><\/figure>\n\n\n\n<p><em>\u201cFrosinone alta \u2013 together\u201d \u00e8 il racconto, tramite immagini e interviste, di come sia cambiato il centro storico negli ultimi anni, grazie all\u2019amministrazione Ottaviani <\/em>\u2013 ha dichiarato l\u2019assessore Testa \u2013<em> Attraverso gli investimenti previsti anche nell\u2019ambito del <strong>Piano di Gestione,<\/strong> la parte pi\u00f9 antica della citt\u00e0 \u00e8 tornata a <strong>rivestire il ruolo di fulcro sociale, culturale ed economico del territorio<\/strong>, collezionando segnali incoraggianti di ripresa specie nell\u2019ambito dell\u2019<strong>imprenditoria giovanile<\/strong>. In questo momento contrassegnato dalle difficolt\u00e0 generate dall\u2019emergenza sanitaria, <strong>ben 13 nuove attivit\u00e0 hanno aperto<\/strong> nel centro storico. Una ulteriore attivit\u00e0 \u00e8 in procinto di aprire, come abbiamo appreso proprio al termine delle riprese. Ci\u00f2 \u00e8 potuto accadere perch\u00e9 <strong>l\u2019Amministrazione ha creduto per prima nella valorizzazione di questa area<\/strong>, individuando la sede definitiva dell\u2019Accademia di Belle Arti di Frosinone nel prestigioso palazzo Tiravanti, acquistando due teatri (Nestor e Vittoria) e acquisendo al proprio patrimonio Palazzo Munari, gi\u00e0 sede della banca d\u2019Italia, destinato a diventare la nuova casa comunale. Senza contare l\u2019impatto avuto da alcune iniziative, come Le Terrazze del Belvedere, che gi\u00e0 lo scorso anno hanno fatto scoprire e riscoprire il centro storico a tanti giovani, gli stessi che poi hanno deciso di investire proprio qui. Frosinone alta cresce e crescer\u00e0 ancora, grazie all\u2019impegno e all\u2019entusiasmo di tanti che hanno creduto in un progetto di rinnovamento e sviluppo sociale, culturale ed economico\u201d.<\/em><\/p>\n","protected":false},"excerpt":{"rendered":"<p>Sar\u00e0 disponibile online da sabato 15 maggio il docufilm \u201cFrosinone Alta\/Together\u201d, promosso dall\u2019assessorato al Centro storico coordinato da Rossella Testa<\/p>\n","protected":false},"author":26,"featured_media":57873,"comment_status":"closed","ping_status":"closed","sticky":false,"template":"","format":"standard","meta":{"footnotes":""},"categories":[4,2236],"tags":[13104,94,93,13103,13102,4306],"class_list":["post-57872","post","type-post","status-publish","format-standard","has-post-thumbnail","hentry","category-primo-piano","category-attualita","tag-centro-storico-frosinone","tag-ciociaria","tag-frosinone","tag-frosinone-alta","tag-frosinone-alta-together","tag-rossella-testa"],"yoast_head":"<!-- This site is optimized with the Yoast SEO plugin v23.9 - https:\/\/yoast.com\/wordpress\/plugins\/seo\/ -->\n<title>Frosinone Alta\/Together: online da sabato il docufilm sul centro storico - IlCorriereDellaProvincia.it - News h24 e notizie di approfondimento<\/title>\n<meta name=\"robots\" content=\"index, follow, max-snippet:-1, max-image-preview:large, max-video-preview:-1\" \/>\n<link rel=\"canonical\" href=\"https:\/\/www.tunews24.it\/ilcorrieredellaprovincia\/2021\/05\/13\/frosinone-alta-together-online-da-sabato-il-docufilm-sul-centro-storico\/\" \/>\n<meta property=\"og:locale\" content=\"it_IT\" \/>\n<meta property=\"og:type\" content=\"article\" \/>\n<meta property=\"og:title\" content=\"Frosinone Alta\/Together: online da sabato il docufilm sul centro storico - IlCorriereDellaProvincia.it - News h24 e notizie di approfondimento\" \/>\n<meta property=\"og:description\" content=\"Sar\u00e0 disponibile online da sabato 15 maggio il docufilm \u201cFrosinone Alta\/Together\u201d, promosso dall\u2019assessorato al Centro storico coordinato da Rossella Testa\" \/>\n<meta property=\"og:url\" content=\"https:\/\/www.tunews24.it\/ilcorrieredellaprovincia\/2021\/05\/13\/frosinone-alta-together-online-da-sabato-il-docufilm-sul-centro-storico\/\" \/>\n<meta property=\"og:site_name\" content=\"IlCorriereDellaProvincia.it - News h24 e notizie di approfondimento\" \/>\n<meta property=\"article:published_time\" content=\"2021-05-13T09:05:07+00:00\" \/>\n<meta property=\"article:modified_time\" content=\"2021-05-13T09:05:08+00:00\" \/>\n<meta property=\"og:image\" content=\"https:\/\/www.tunews24.it\/ilcorrieredellaprovincia\/wp-content\/uploads\/sites\/2\/2021\/05\/frosinone-centro-storico-800x445-1.jpg\" \/>\n\t<meta property=\"og:image:width\" content=\"800\" \/>\n\t<meta property=\"og:image:height\" content=\"445\" \/>\n\t<meta property=\"og:image:type\" content=\"image\/jpeg\" \/>\n<meta name=\"author\" content=\"REDAZIONE LaProvinciaQuotidiano.it\" \/>\n<meta name=\"twitter:card\" content=\"summary_large_image\" \/>\n<meta name=\"twitter:label1\" content=\"Scritto da\" \/>\n\t<meta name=\"twitter:data1\" content=\"REDAZIONE LaProvinciaQuotidiano.it\" \/>\n\t<meta name=\"twitter:label2\" content=\"Tempo di lettura stimato\" \/>\n\t<meta name=\"twitter:data2\" content=\"2 minuti\" \/>\n<script type=\"application\/ld+json\" class=\"yoast-schema-graph\">{\"@context\":\"https:\/\/schema.org\",\"@graph\":[{\"@type\":\"Article\",\"@id\":\"https:\/\/www.tunews24.it\/ilcorrieredellaprovincia\/2021\/05\/13\/frosinone-alta-together-online-da-sabato-il-docufilm-sul-centro-storico\/#article\",\"isPartOf\":{\"@id\":\"https:\/\/www.tunews24.it\/ilcorrieredellaprovincia\/2021\/05\/13\/frosinone-alta-together-online-da-sabato-il-docufilm-sul-centro-storico\/\"},\"author\":{\"name\":\"REDAZIONE LaProvinciaQuotidiano.it\",\"@id\":\"https:\/\/www.tunews24.it\/ilcorrieredellaprovincia\/#\/schema\/person\/1835170ef005036a87455edae6571822\"},\"headline\":\"Frosinone Alta\/Together: online da sabato il docufilm sul centro storico\",\"datePublished\":\"2021-05-13T09:05:07+00:00\",\"dateModified\":\"2021-05-13T09:05:08+00:00\",\"mainEntityOfPage\":{\"@id\":\"https:\/\/www.tunews24.it\/ilcorrieredellaprovincia\/2021\/05\/13\/frosinone-alta-together-online-da-sabato-il-docufilm-sul-centro-storico\/\"},\"wordCount\":331,\"publisher\":{\"@id\":\"https:\/\/www.tunews24.it\/ilcorrieredellaprovincia\/#organization\"},\"image\":{\"@id\":\"https:\/\/www.tunews24.it\/ilcorrieredellaprovincia\/2021\/05\/13\/frosinone-alta-together-online-da-sabato-il-docufilm-sul-centro-storico\/#primaryimage\"},\"thumbnailUrl\":\"https:\/\/www.tunews24.it\/ilcorrieredellaprovincia\/wp-content\/uploads\/sites\/2\/2021\/05\/frosinone-centro-storico-800x445-1.jpg\",\"keywords\":[\"centro storico frosinone\",\"Ciociaria\",\"Frosinone\",\"frosinone alta\",\"Frosinone Alta Together\",\"Rossella Testa\"],\"articleSection\":[\"*PRIMO PIANO*\",\"Attualit\u00e0\"],\"inLanguage\":\"it-IT\"},{\"@type\":\"WebPage\",\"@id\":\"https:\/\/www.tunews24.it\/ilcorrieredellaprovincia\/2021\/05\/13\/frosinone-alta-together-online-da-sabato-il-docufilm-sul-centro-storico\/\",\"url\":\"https:\/\/www.tunews24.it\/ilcorrieredellaprovincia\/2021\/05\/13\/frosinone-alta-together-online-da-sabato-il-docufilm-sul-centro-storico\/\",\"name\":\"Frosinone Alta\/Together: online da sabato il docufilm sul centro storico - IlCorriereDellaProvincia.it - News h24 e notizie di approfondimento\",\"isPartOf\":{\"@id\":\"https:\/\/www.tunews24.it\/ilcorrieredellaprovincia\/#website\"},\"primaryImageOfPage\":{\"@id\":\"https:\/\/www.tunews24.it\/ilcorrieredellaprovincia\/2021\/05\/13\/frosinone-alta-together-online-da-sabato-il-docufilm-sul-centro-storico\/#primaryimage\"},\"image\":{\"@id\":\"https:\/\/www.tunews24.it\/ilcorrieredellaprovincia\/2021\/05\/13\/frosinone-alta-together-online-da-sabato-il-docufilm-sul-centro-storico\/#primaryimage\"},\"thumbnailUrl\":\"https:\/\/www.tunews24.it\/ilcorrieredellaprovincia\/wp-content\/uploads\/sites\/2\/2021\/05\/frosinone-centro-storico-800x445-1.jpg\",\"datePublished\":\"2021-05-13T09:05:07+00:00\",\"dateModified\":\"2021-05-13T09:05:08+00:00\",\"breadcrumb\":{\"@id\":\"https:\/\/www.tunews24.it\/ilcorrieredellaprovincia\/2021\/05\/13\/frosinone-alta-together-online-da-sabato-il-docufilm-sul-centro-storico\/#breadcrumb\"},\"inLanguage\":\"it-IT\",\"potentialAction\":[{\"@type\":\"ReadAction\",\"target\":[\"https:\/\/www.tunews24.it\/ilcorrieredellaprovincia\/2021\/05\/13\/frosinone-alta-together-online-da-sabato-il-docufilm-sul-centro-storico\/\"]}]},{\"@type\":\"ImageObject\",\"inLanguage\":\"it-IT\",\"@id\":\"https:\/\/www.tunews24.it\/ilcorrieredellaprovincia\/2021\/05\/13\/frosinone-alta-together-online-da-sabato-il-docufilm-sul-centro-storico\/#primaryimage\",\"url\":\"https:\/\/www.tunews24.it\/ilcorrieredellaprovincia\/wp-content\/uploads\/sites\/2\/2021\/05\/frosinone-centro-storico-800x445-1.jpg\",\"contentUrl\":\"https:\/\/www.tunews24.it\/ilcorrieredellaprovincia\/wp-content\/uploads\/sites\/2\/2021\/05\/frosinone-centro-storico-800x445-1.jpg\",\"width\":800,\"height\":445},{\"@type\":\"BreadcrumbList\",\"@id\":\"https:\/\/www.tunews24.it\/ilcorrieredellaprovincia\/2021\/05\/13\/frosinone-alta-together-online-da-sabato-il-docufilm-sul-centro-storico\/#breadcrumb\",\"itemListElement\":[{\"@type\":\"ListItem\",\"position\":1,\"name\":\"Home\",\"item\":\"https:\/\/www.tunews24.it\/ilcorrieredellaprovincia\/\"},{\"@type\":\"ListItem\",\"position\":2,\"name\":\"Frosinone Alta\/Together: online da sabato il docufilm sul centro storico\"}]},{\"@type\":\"WebSite\",\"@id\":\"https:\/\/www.tunews24.it\/ilcorrieredellaprovincia\/#website\",\"url\":\"https:\/\/www.tunews24.it\/ilcorrieredellaprovincia\/\",\"name\":\"Il Corriere Delle Provincia\",\"description\":\"IlCorriereDellaProvincia.it, quotidiano web di politica, cronaca, inchiesta, lavoro, scuola, turismo, cultura e spettacolo, economia e finanza, salute e benessere. Approfondimenti e notizie aggiornate con foto e video della provincia di Frosinone ma anche news nazionali, dell\u2019Italia e del Mondo.\",\"publisher\":{\"@id\":\"https:\/\/www.tunews24.it\/ilcorrieredellaprovincia\/#organization\"},\"potentialAction\":[{\"@type\":\"SearchAction\",\"target\":{\"@type\":\"EntryPoint\",\"urlTemplate\":\"https:\/\/www.tunews24.it\/ilcorrieredellaprovincia\/?s={search_term_string}\"},\"query-input\":{\"@type\":\"PropertyValueSpecification\",\"valueRequired\":true,\"valueName\":\"search_term_string\"}}],\"inLanguage\":\"it-IT\"},{\"@type\":\"Organization\",\"@id\":\"https:\/\/www.tunews24.it\/ilcorrieredellaprovincia\/#organization\",\"name\":\"Globalpress s.r.l.\",\"url\":\"https:\/\/www.tunews24.it\/ilcorrieredellaprovincia\/\",\"logo\":{\"@type\":\"ImageObject\",\"inLanguage\":\"it-IT\",\"@id\":\"https:\/\/www.tunews24.it\/ilcorrieredellaprovincia\/#\/schema\/logo\/image\/\",\"url\":\"https:\/\/www.tunews24.it\/ilcorrieredellaprovincia\/wp-content\/uploads\/sites\/2\/2022\/11\/cropped-il-corriere-della-provincia-testata-web-scontornata.png\",\"contentUrl\":\"https:\/\/www.tunews24.it\/ilcorrieredellaprovincia\/wp-content\/uploads\/sites\/2\/2022\/11\/cropped-il-corriere-della-provincia-testata-web-scontornata.png\",\"width\":2911,\"height\":717,\"caption\":\"Globalpress s.r.l.\"},\"image\":{\"@id\":\"https:\/\/www.tunews24.it\/ilcorrieredellaprovincia\/#\/schema\/logo\/image\/\"}},{\"@type\":\"Person\",\"@id\":\"https:\/\/www.tunews24.it\/ilcorrieredellaprovincia\/#\/schema\/person\/1835170ef005036a87455edae6571822\",\"name\":\"REDAZIONE LaProvinciaQuotidiano.it\",\"image\":{\"@type\":\"ImageObject\",\"inLanguage\":\"it-IT\",\"@id\":\"https:\/\/www.tunews24.it\/ilcorrieredellaprovincia\/#\/schema\/person\/image\/\",\"url\":\"https:\/\/secure.gravatar.com\/avatar\/e8cd08b1cdbc88da7f6798b57e3c6e5e?s=96&d=mm&r=g\",\"contentUrl\":\"https:\/\/secure.gravatar.com\/avatar\/e8cd08b1cdbc88da7f6798b57e3c6e5e?s=96&d=mm&r=g\",\"caption\":\"REDAZIONE LaProvinciaQuotidiano.it\"},\"description\":\"Seguici anche su Telegram: CLICCA QUI\",\"url\":\"https:\/\/www.tunews24.it\/ilcorrieredellaprovincia\/author\/redazione\/\"}]}<\/script>\n<!-- \/ Yoast SEO plugin. -->","yoast_head_json":{"title":"Frosinone Alta\/Together: online da sabato il docufilm sul centro storico - IlCorriereDellaProvincia.it - News h24 e notizie di approfondimento","robots":{"index":"index","follow":"follow","max-snippet":"max-snippet:-1","max-image-preview":"max-image-preview:large","max-video-preview":"max-video-preview:-1"},"canonical":"https:\/\/www.tunews24.it\/ilcorrieredellaprovincia\/2021\/05\/13\/frosinone-alta-together-online-da-sabato-il-docufilm-sul-centro-storico\/","og_locale":"it_IT","og_type":"article","og_title":"Frosinone Alta\/Together: online da sabato il docufilm sul centro storico - IlCorriereDellaProvincia.it - News h24 e notizie di approfondimento","og_description":"Sar\u00e0 disponibile online da sabato 15 maggio il docufilm \u201cFrosinone Alta\/Together\u201d, promosso dall\u2019assessorato al Centro storico coordinato da Rossella Testa","og_url":"https:\/\/www.tunews24.it\/ilcorrieredellaprovincia\/2021\/05\/13\/frosinone-alta-together-online-da-sabato-il-docufilm-sul-centro-storico\/","og_site_name":"IlCorriereDellaProvincia.it - News h24 e notizie di approfondimento","article_published_time":"2021-05-13T09:05:07+00:00","article_modified_time":"2021-05-13T09:05:08+00:00","og_image":[{"width":800,"height":445,"url":"https:\/\/www.tunews24.it\/ilcorrieredellaprovincia\/wp-content\/uploads\/sites\/2\/2021\/05\/frosinone-centro-storico-800x445-1.jpg","type":"image\/jpeg"}],"author":"REDAZIONE LaProvinciaQuotidiano.it","twitter_card":"summary_large_image","twitter_misc":{"Scritto da":"REDAZIONE LaProvinciaQuotidiano.it","Tempo di lettura stimato":"2 minuti"},"schema":{"@context":"https:\/\/schema.org","@graph":[{"@type":"Article","@id":"https:\/\/www.tunews24.it\/ilcorrieredellaprovincia\/2021\/05\/13\/frosinone-alta-together-online-da-sabato-il-docufilm-sul-centro-storico\/#article","isPartOf":{"@id":"https:\/\/www.tunews24.it\/ilcorrieredellaprovincia\/2021\/05\/13\/frosinone-alta-together-online-da-sabato-il-docufilm-sul-centro-storico\/"},"author":{"name":"REDAZIONE LaProvinciaQuotidiano.it","@id":"https:\/\/www.tunews24.it\/ilcorrieredellaprovincia\/#\/schema\/person\/1835170ef005036a87455edae6571822"},"headline":"Frosinone Alta\/Together: online da sabato il docufilm sul centro storico","datePublished":"2021-05-13T09:05:07+00:00","dateModified":"2021-05-13T09:05:08+00:00","mainEntityOfPage":{"@id":"https:\/\/www.tunews24.it\/ilcorrieredellaprovincia\/2021\/05\/13\/frosinone-alta-together-online-da-sabato-il-docufilm-sul-centro-storico\/"},"wordCount":331,"publisher":{"@id":"https:\/\/www.tunews24.it\/ilcorrieredellaprovincia\/#organization"},"image":{"@id":"https:\/\/www.tunews24.it\/ilcorrieredellaprovincia\/2021\/05\/13\/frosinone-alta-together-online-da-sabato-il-docufilm-sul-centro-storico\/#primaryimage"},"thumbnailUrl":"https:\/\/www.tunews24.it\/ilcorrieredellaprovincia\/wp-content\/uploads\/sites\/2\/2021\/05\/frosinone-centro-storico-800x445-1.jpg","keywords":["centro storico frosinone","Ciociaria","Frosinone","frosinone alta","Frosinone Alta Together","Rossella Testa"],"articleSection":["*PRIMO PIANO*","Attualit\u00e0"],"inLanguage":"it-IT"},{"@type":"WebPage","@id":"https:\/\/www.tunews24.it\/ilcorrieredellaprovincia\/2021\/05\/13\/frosinone-alta-together-online-da-sabato-il-docufilm-sul-centro-storico\/","url":"https:\/\/www.tunews24.it\/ilcorrieredellaprovincia\/2021\/05\/13\/frosinone-alta-together-online-da-sabato-il-docufilm-sul-centro-storico\/","name":"Frosinone Alta\/Together: online da sabato il docufilm sul centro storico - IlCorriereDellaProvincia.it - News h24 e notizie di approfondimento","isPartOf":{"@id":"https:\/\/www.tunews24.it\/ilcorrieredellaprovincia\/#website"},"primaryImageOfPage":{"@id":"https:\/\/www.tunews24.it\/ilcorrieredellaprovincia\/2021\/05\/13\/frosinone-alta-together-online-da-sabato-il-docufilm-sul-centro-storico\/#primaryimage"},"image":{"@id":"https:\/\/www.tunews24.it\/ilcorrieredellaprovincia\/2021\/05\/13\/frosinone-alta-together-online-da-sabato-il-docufilm-sul-centro-storico\/#primaryimage"},"thumbnailUrl":"https:\/\/www.tunews24.it\/ilcorrieredellaprovincia\/wp-content\/uploads\/sites\/2\/2021\/05\/frosinone-centro-storico-800x445-1.jpg","datePublished":"2021-05-13T09:05:07+00:00","dateModified":"2021-05-13T09:05:08+00:00","breadcrumb":{"@id":"https:\/\/www.tunews24.it\/ilcorrieredellaprovincia\/2021\/05\/13\/frosinone-alta-together-online-da-sabato-il-docufilm-sul-centro-storico\/#breadcrumb"},"inLanguage":"it-IT","potentialAction":[{"@type":"ReadAction","target":["https:\/\/www.tunews24.it\/ilcorrieredellaprovincia\/2021\/05\/13\/frosinone-alta-together-online-da-sabato-il-docufilm-sul-centro-storico\/"]}]},{"@type":"ImageObject","inLanguage":"it-IT","@id":"https:\/\/www.tunews24.it\/ilcorrieredellaprovincia\/2021\/05\/13\/frosinone-alta-together-online-da-sabato-il-docufilm-sul-centro-storico\/#primaryimage","url":"https:\/\/www.tunews24.it\/ilcorrieredellaprovincia\/wp-content\/uploads\/sites\/2\/2021\/05\/frosinone-centro-storico-800x445-1.jpg","contentUrl":"https:\/\/www.tunews24.it\/ilcorrieredellaprovincia\/wp-content\/uploads\/sites\/2\/2021\/05\/frosinone-centro-storico-800x445-1.jpg","width":800,"height":445},{"@type":"BreadcrumbList","@id":"https:\/\/www.tunews24.it\/ilcorrieredellaprovincia\/2021\/05\/13\/frosinone-alta-together-online-da-sabato-il-docufilm-sul-centro-storico\/#breadcrumb","itemListElement":[{"@type":"ListItem","position":1,"name":"Home","item":"https:\/\/www.tunews24.it\/ilcorrieredellaprovincia\/"},{"@type":"ListItem","position":2,"name":"Frosinone Alta\/Together: online da sabato il docufilm sul centro storico"}]},{"@type":"WebSite","@id":"https:\/\/www.tunews24.it\/ilcorrieredellaprovincia\/#website","url":"https:\/\/www.tunews24.it\/ilcorrieredellaprovincia\/","name":"Il Corriere Delle Provincia","description":"IlCorriereDellaProvincia.it, quotidiano web di politica, cronaca, inchiesta, lavoro, scuola, turismo, cultura e spettacolo, economia e finanza, salute e benessere. Approfondimenti e notizie aggiornate con foto e video della provincia di Frosinone ma anche news nazionali, dell\u2019Italia e del Mondo.","publisher":{"@id":"https:\/\/www.tunews24.it\/ilcorrieredellaprovincia\/#organization"},"potentialAction":[{"@type":"SearchAction","target":{"@type":"EntryPoint","urlTemplate":"https:\/\/www.tunews24.it\/ilcorrieredellaprovincia\/?s={search_term_string}"},"query-input":{"@type":"PropertyValueSpecification","valueRequired":true,"valueName":"search_term_string"}}],"inLanguage":"it-IT"},{"@type":"Organization","@id":"https:\/\/www.tunews24.it\/ilcorrieredellaprovincia\/#organization","name":"Globalpress s.r.l.","url":"https:\/\/www.tunews24.it\/ilcorrieredellaprovincia\/","logo":{"@type":"ImageObject","inLanguage":"it-IT","@id":"https:\/\/www.tunews24.it\/ilcorrieredellaprovincia\/#\/schema\/logo\/image\/","url":"https:\/\/www.tunews24.it\/ilcorrieredellaprovincia\/wp-content\/uploads\/sites\/2\/2022\/11\/cropped-il-corriere-della-provincia-testata-web-scontornata.png","contentUrl":"https:\/\/www.tunews24.it\/ilcorrieredellaprovincia\/wp-content\/uploads\/sites\/2\/2022\/11\/cropped-il-corriere-della-provincia-testata-web-scontornata.png","width":2911,"height":717,"caption":"Globalpress s.r.l."},"image":{"@id":"https:\/\/www.tunews24.it\/ilcorrieredellaprovincia\/#\/schema\/logo\/image\/"}},{"@type":"Person","@id":"https:\/\/www.tunews24.it\/ilcorrieredellaprovincia\/#\/schema\/person\/1835170ef005036a87455edae6571822","name":"REDAZIONE LaProvinciaQuotidiano.it","image":{"@type":"ImageObject","inLanguage":"it-IT","@id":"https:\/\/www.tunews24.it\/ilcorrieredellaprovincia\/#\/schema\/person\/image\/","url":"https:\/\/secure.gravatar.com\/avatar\/e8cd08b1cdbc88da7f6798b57e3c6e5e?s=96&d=mm&r=g","contentUrl":"https:\/\/secure.gravatar.com\/avatar\/e8cd08b1cdbc88da7f6798b57e3c6e5e?s=96&d=mm&r=g","caption":"REDAZIONE LaProvinciaQuotidiano.it"},"description":"Seguici anche su Telegram: CLICCA QUI","url":"https:\/\/www.tunews24.it\/ilcorrieredellaprovincia\/author\/redazione\/"}]}},"_links":{"self":[{"href":"https:\/\/www.tunews24.it\/ilcorrieredellaprovincia\/wp-json\/wp\/v2\/posts\/57872","targetHints":{"allow":["GET"]}}],"collection":[{"href":"https:\/\/www.tunews24.it\/ilcorrieredellaprovincia\/wp-json\/wp\/v2\/posts"}],"about":[{"href":"https:\/\/www.tunews24.it\/ilcorrieredellaprovincia\/wp-json\/wp\/v2\/types\/post"}],"author":[{"embeddable":true,"href":"https:\/\/www.tunews24.it\/ilcorrieredellaprovincia\/wp-json\/wp\/v2\/users\/26"}],"replies":[{"embeddable":true,"href":"https:\/\/www.tunews24.it\/ilcorrieredellaprovincia\/wp-json\/wp\/v2\/comments?post=57872"}],"version-history":[{"count":1,"href":"https:\/\/www.tunews24.it\/ilcorrieredellaprovincia\/wp-json\/wp\/v2\/posts\/57872\/revisions"}],"predecessor-version":[{"id":57874,"href":"https:\/\/www.tunews24.it\/ilcorrieredellaprovincia\/wp-json\/wp\/v2\/posts\/57872\/revisions\/57874"}],"wp:featuredmedia":[{"embeddable":true,"href":"https:\/\/www.tunews24.it\/ilcorrieredellaprovincia\/wp-json\/wp\/v2\/media\/57873"}],"wp:attachment":[{"href":"https:\/\/www.tunews24.it\/ilcorrieredellaprovincia\/wp-json\/wp\/v2\/media?parent=57872"}],"wp:term":[{"taxonomy":"category","embeddable":true,"href":"https:\/\/www.tunews24.it\/ilcorrieredellaprovincia\/wp-json\/wp\/v2\/categories?post=57872"},{"taxonomy":"post_tag","embeddable":true,"href":"https:\/\/www.tunews24.it\/ilcorrieredellaprovincia\/wp-json\/wp\/v2\/tags?post=57872"}],"curies":[{"name":"wp","href":"https:\/\/api.w.org\/{rel}","templated":true}]}}