{"id":5614,"date":"2019-01-27T09:30:43","date_gmt":"2019-01-27T08:30:43","guid":{"rendered":"https:\/\/www.tunews24.it\/ilcorrieredellaprovincia\/?p=5614"},"modified":"2019-01-27T15:09:37","modified_gmt":"2019-01-27T14:09:37","slug":"shoah-ottaviani-una-spirale-di-terribile-ferocia","status":"publish","type":"post","link":"https:\/\/www.tunews24.it\/ilcorrieredellaprovincia\/2019\/01\/27\/shoah-ottaviani-una-spirale-di-terribile-ferocia\/","title":{"rendered":"Shoah, Ottaviani: una spirale di terribile ferocia"},"content":{"rendered":"<p>In occasione della <strong>&#8216;Giornata della memoria&#8217;<\/strong>, il primo cittadino di Frosinone, <strong>Nicola Ottaviani<\/strong>, ha dedicato un pensiero alle vittime della Shoah.<\/p>\n<p>&#8220;Qualcuno ha detto che, dopo Auschwitz, non sarebbe stato pi\u00f9 possibile fare poesia &#8211; ha dichiarato il sindaco di Frosinone &#8211; Come possono convivere, nell\u2019animo umano, la scintilla del bello, la capacit\u00e0 di suscitare sentimenti ed evocare immagini attraverso un\u2019arte cos\u00ec sublime, insieme all\u2019orrore, alla brutalit\u00e0, alla violenza? Come \u00e8 stato possibile lasciare che un odio cieco e insensato avesse la meglio sul sentimento di umanit\u00e0 e su quei valori sui quali, ancora oggi, fondiamo la nostra convivenza civile, ossia la solidariet\u00e0, la tolleranza, la libert\u00e0, la democrazia?&#8221;.<\/p>\n<figure id=\"attachment_4190\" aria-describedby=\"caption-attachment-4190\" style=\"width: 670px\" class=\"wp-caption aligncenter\"><img loading=\"lazy\" decoding=\"async\" class=\"wp-image-4190 size-full\" src=\"https:\/\/www.tunews24.it\/ilcorrieredellaprovincia\/wp-content\/uploads\/sites\/2\/2019\/01\/Nicola-Ottaviani.jpg\" alt=\"ottaviani orlando de magistris napoli palermo frosinone il corriere della provincia ciociaria sprar\" width=\"670\" height=\"400\" srcset=\"https:\/\/www.tunews24.it\/ilcorrieredellaprovincia\/wp-content\/uploads\/sites\/2\/2019\/01\/Nicola-Ottaviani.jpg 670w, https:\/\/www.tunews24.it\/ilcorrieredellaprovincia\/wp-content\/uploads\/sites\/2\/2019\/01\/Nicola-Ottaviani-300x179.jpg 300w, https:\/\/www.tunews24.it\/ilcorrieredellaprovincia\/wp-content\/uploads\/sites\/2\/2019\/01\/Nicola-Ottaviani-500x299.jpg 500w\" sizes=\"auto, (max-width: 670px) 100vw, 670px\" \/><figcaption id=\"caption-attachment-4190\" class=\"wp-caption-text\">Il sindaco di Frosinone Nicola Ottaviani<\/figcaption><\/figure>\n<p>&#8220;Eppure, come <strong>ogni 27 gennaio<\/strong>, &#8211; continua Ottaviani &#8211; <strong>siamo qui a testimoniare che il mondo intero<\/strong>, quasi alla met\u00e0 del secolo scorso, <strong>si \u00e8 inabissato in una spirale di terribile ferocia<\/strong> e che proprio l\u2019arte, la letteratura, la musica, il cinema, si sono spesso incaricati di imprimere, pi\u00f9 efficacemente, nella memoria di grandi e piccoli, cosa \u00e8 stata la Shoah e il suo carico di dolore, sofferenza, disumanit\u00e0. L\u2019esercizio della memoria, dunque, \u00e8 il dovere che dobbiamo portare avanti, tutto l\u2019anno, perch\u00e9 \u2013 con le parole di Primo Levi &#8211; &#8216;se comprendere \u00e8 impossibile, conoscere \u00e8 necessario'&#8221;.<\/p>\n","protected":false},"excerpt":{"rendered":"<p>In occasione della &#8216;Giornata della memoria&#8217;, il primo cittadino di Frosinone, Nicola Ottaviani, ha dedicato un pensiero alle vittime della<\/p>\n","protected":false},"author":18,"featured_media":5633,"comment_status":"open","ping_status":"open","sticky":false,"template":"","format":"standard","meta":{"footnotes":""},"categories":[14],"tags":[93,2054,639,2053,117],"class_list":["post-5614","post","type-post","status-publish","format-standard","has-post-thumbnail","hentry","category-cultura","tag-frosinone","tag-giornata-della-memoria","tag-nicola-ottaviani","tag-shoah","tag-sindaco"],"yoast_head":"<!-- This site is optimized with the Yoast SEO plugin v23.9 - https:\/\/yoast.com\/wordpress\/plugins\/seo\/ -->\n<title>Shoah, Ottaviani: una spirale di terribile ferocia - IlCorriereDellaProvincia.it - News h24 e notizie di approfondimento<\/title>\n<meta name=\"description\" content=\"Il pensiero del sindaco di Frosinone Nicola Ottaviani in occasione della Giornata della Memoria per non dimenticare la tragedia della Shoah\" \/>\n<meta name=\"robots\" content=\"index, follow, max-snippet:-1, max-image-preview:large, max-video-preview:-1\" \/>\n<link rel=\"canonical\" href=\"https:\/\/www.tunews24.it\/ilcorrieredellaprovincia\/2019\/01\/27\/shoah-ottaviani-una-spirale-di-terribile-ferocia\/\" \/>\n<meta property=\"og:locale\" content=\"it_IT\" \/>\n<meta property=\"og:type\" content=\"article\" \/>\n<meta property=\"og:title\" content=\"Shoah, Ottaviani: una spirale di terribile ferocia - IlCorriereDellaProvincia.it - News h24 e notizie di approfondimento\" \/>\n<meta property=\"og:description\" content=\"Il pensiero del sindaco di Frosinone Nicola Ottaviani in occasione della Giornata della Memoria per non dimenticare la tragedia della Shoah\" \/>\n<meta property=\"og:url\" content=\"https:\/\/www.tunews24.it\/ilcorrieredellaprovincia\/2019\/01\/27\/shoah-ottaviani-una-spirale-di-terribile-ferocia\/\" \/>\n<meta property=\"og:site_name\" content=\"IlCorriereDellaProvincia.it - News h24 e notizie di approfondimento\" \/>\n<meta property=\"article:author\" content=\"www.facebook.com\/tunews24\" \/>\n<meta property=\"article:published_time\" content=\"2019-01-27T08:30:43+00:00\" \/>\n<meta property=\"article:modified_time\" content=\"2019-01-27T14:09:37+00:00\" \/>\n<meta property=\"og:image\" content=\"https:\/\/www.tunews24.it\/ilcorrieredellaprovincia\/wp-content\/uploads\/sites\/2\/2019\/01\/giorno-memoria-shoah-640x420.jpg\" \/>\n\t<meta property=\"og:image:width\" content=\"640\" \/>\n\t<meta property=\"og:image:height\" content=\"420\" \/>\n\t<meta property=\"og:image:type\" content=\"image\/jpeg\" \/>\n<meta name=\"author\" content=\"Redazione\" \/>\n<meta name=\"twitter:card\" content=\"summary_large_image\" \/>\n<meta name=\"twitter:label1\" content=\"Scritto da\" \/>\n\t<meta name=\"twitter:data1\" content=\"Redazione\" \/>\n\t<meta name=\"twitter:label2\" content=\"Tempo di lettura stimato\" \/>\n\t<meta name=\"twitter:data2\" content=\"1 minuto\" \/>\n<script type=\"application\/ld+json\" class=\"yoast-schema-graph\">{\"@context\":\"https:\/\/schema.org\",\"@graph\":[{\"@type\":\"Article\",\"@id\":\"https:\/\/www.tunews24.it\/ilcorrieredellaprovincia\/2019\/01\/27\/shoah-ottaviani-una-spirale-di-terribile-ferocia\/#article\",\"isPartOf\":{\"@id\":\"https:\/\/www.tunews24.it\/ilcorrieredellaprovincia\/2019\/01\/27\/shoah-ottaviani-una-spirale-di-terribile-ferocia\/\"},\"author\":{\"name\":\"Redazione\",\"@id\":\"https:\/\/www.tunews24.it\/ilcorrieredellaprovincia\/#\/schema\/person\/6d7f0a9120d0c03d0c552e9fdf49ed7d\"},\"headline\":\"Shoah, Ottaviani: una spirale di terribile ferocia\",\"datePublished\":\"2019-01-27T08:30:43+00:00\",\"dateModified\":\"2019-01-27T14:09:37+00:00\",\"mainEntityOfPage\":{\"@id\":\"https:\/\/www.tunews24.it\/ilcorrieredellaprovincia\/2019\/01\/27\/shoah-ottaviani-una-spirale-di-terribile-ferocia\/\"},\"wordCount\":225,\"commentCount\":0,\"publisher\":{\"@id\":\"https:\/\/www.tunews24.it\/ilcorrieredellaprovincia\/#organization\"},\"image\":{\"@id\":\"https:\/\/www.tunews24.it\/ilcorrieredellaprovincia\/2019\/01\/27\/shoah-ottaviani-una-spirale-di-terribile-ferocia\/#primaryimage\"},\"thumbnailUrl\":\"https:\/\/www.tunews24.it\/ilcorrieredellaprovincia\/wp-content\/uploads\/sites\/2\/2019\/01\/giorno-memoria-shoah-640x420.jpg\",\"keywords\":[\"Frosinone\",\"giornata della memoria\",\"nicola ottaviani\",\"shoah\",\"Sindaco\"],\"articleSection\":[\"Cultura e Spettacolo\"],\"inLanguage\":\"it-IT\",\"potentialAction\":[{\"@type\":\"CommentAction\",\"name\":\"Comment\",\"target\":[\"https:\/\/www.tunews24.it\/ilcorrieredellaprovincia\/2019\/01\/27\/shoah-ottaviani-una-spirale-di-terribile-ferocia\/#respond\"]}]},{\"@type\":\"WebPage\",\"@id\":\"https:\/\/www.tunews24.it\/ilcorrieredellaprovincia\/2019\/01\/27\/shoah-ottaviani-una-spirale-di-terribile-ferocia\/\",\"url\":\"https:\/\/www.tunews24.it\/ilcorrieredellaprovincia\/2019\/01\/27\/shoah-ottaviani-una-spirale-di-terribile-ferocia\/\",\"name\":\"Shoah, Ottaviani: una spirale di terribile ferocia - IlCorriereDellaProvincia.it - News h24 e notizie di approfondimento\",\"isPartOf\":{\"@id\":\"https:\/\/www.tunews24.it\/ilcorrieredellaprovincia\/#website\"},\"primaryImageOfPage\":{\"@id\":\"https:\/\/www.tunews24.it\/ilcorrieredellaprovincia\/2019\/01\/27\/shoah-ottaviani-una-spirale-di-terribile-ferocia\/#primaryimage\"},\"image\":{\"@id\":\"https:\/\/www.tunews24.it\/ilcorrieredellaprovincia\/2019\/01\/27\/shoah-ottaviani-una-spirale-di-terribile-ferocia\/#primaryimage\"},\"thumbnailUrl\":\"https:\/\/www.tunews24.it\/ilcorrieredellaprovincia\/wp-content\/uploads\/sites\/2\/2019\/01\/giorno-memoria-shoah-640x420.jpg\",\"datePublished\":\"2019-01-27T08:30:43+00:00\",\"dateModified\":\"2019-01-27T14:09:37+00:00\",\"description\":\"Il pensiero del sindaco di Frosinone Nicola Ottaviani in occasione della Giornata della Memoria per non dimenticare la tragedia della Shoah\",\"breadcrumb\":{\"@id\":\"https:\/\/www.tunews24.it\/ilcorrieredellaprovincia\/2019\/01\/27\/shoah-ottaviani-una-spirale-di-terribile-ferocia\/#breadcrumb\"},\"inLanguage\":\"it-IT\",\"potentialAction\":[{\"@type\":\"ReadAction\",\"target\":[\"https:\/\/www.tunews24.it\/ilcorrieredellaprovincia\/2019\/01\/27\/shoah-ottaviani-una-spirale-di-terribile-ferocia\/\"]}]},{\"@type\":\"ImageObject\",\"inLanguage\":\"it-IT\",\"@id\":\"https:\/\/www.tunews24.it\/ilcorrieredellaprovincia\/2019\/01\/27\/shoah-ottaviani-una-spirale-di-terribile-ferocia\/#primaryimage\",\"url\":\"https:\/\/www.tunews24.it\/ilcorrieredellaprovincia\/wp-content\/uploads\/sites\/2\/2019\/01\/giorno-memoria-shoah-640x420.jpg\",\"contentUrl\":\"https:\/\/www.tunews24.it\/ilcorrieredellaprovincia\/wp-content\/uploads\/sites\/2\/2019\/01\/giorno-memoria-shoah-640x420.jpg\",\"width\":640,\"height\":420},{\"@type\":\"BreadcrumbList\",\"@id\":\"https:\/\/www.tunews24.it\/ilcorrieredellaprovincia\/2019\/01\/27\/shoah-ottaviani-una-spirale-di-terribile-ferocia\/#breadcrumb\",\"itemListElement\":[{\"@type\":\"ListItem\",\"position\":1,\"name\":\"Home\",\"item\":\"https:\/\/www.tunews24.it\/ilcorrieredellaprovincia\/\"},{\"@type\":\"ListItem\",\"position\":2,\"name\":\"Shoah, Ottaviani: una spirale di terribile ferocia\"}]},{\"@type\":\"WebSite\",\"@id\":\"https:\/\/www.tunews24.it\/ilcorrieredellaprovincia\/#website\",\"url\":\"https:\/\/www.tunews24.it\/ilcorrieredellaprovincia\/\",\"name\":\"Il Corriere Delle Provincia\",\"description\":\"IlCorriereDellaProvincia.it, quotidiano web di politica, cronaca, inchiesta, lavoro, scuola, turismo, cultura e spettacolo, economia e finanza, salute e benessere. Approfondimenti e notizie aggiornate con foto e video della provincia di Frosinone ma anche news nazionali, dell\u2019Italia e del Mondo.\",\"publisher\":{\"@id\":\"https:\/\/www.tunews24.it\/ilcorrieredellaprovincia\/#organization\"},\"potentialAction\":[{\"@type\":\"SearchAction\",\"target\":{\"@type\":\"EntryPoint\",\"urlTemplate\":\"https:\/\/www.tunews24.it\/ilcorrieredellaprovincia\/?s={search_term_string}\"},\"query-input\":{\"@type\":\"PropertyValueSpecification\",\"valueRequired\":true,\"valueName\":\"search_term_string\"}}],\"inLanguage\":\"it-IT\"},{\"@type\":\"Organization\",\"@id\":\"https:\/\/www.tunews24.it\/ilcorrieredellaprovincia\/#organization\",\"name\":\"Globalpress s.r.l.\",\"url\":\"https:\/\/www.tunews24.it\/ilcorrieredellaprovincia\/\",\"logo\":{\"@type\":\"ImageObject\",\"inLanguage\":\"it-IT\",\"@id\":\"https:\/\/www.tunews24.it\/ilcorrieredellaprovincia\/#\/schema\/logo\/image\/\",\"url\":\"https:\/\/www.tunews24.it\/ilcorrieredellaprovincia\/wp-content\/uploads\/sites\/2\/2022\/11\/cropped-il-corriere-della-provincia-testata-web-scontornata.png\",\"contentUrl\":\"https:\/\/www.tunews24.it\/ilcorrieredellaprovincia\/wp-content\/uploads\/sites\/2\/2022\/11\/cropped-il-corriere-della-provincia-testata-web-scontornata.png\",\"width\":2911,\"height\":717,\"caption\":\"Globalpress s.r.l.\"},\"image\":{\"@id\":\"https:\/\/www.tunews24.it\/ilcorrieredellaprovincia\/#\/schema\/logo\/image\/\"}},{\"@type\":\"Person\",\"@id\":\"https:\/\/www.tunews24.it\/ilcorrieredellaprovincia\/#\/schema\/person\/6d7f0a9120d0c03d0c552e9fdf49ed7d\",\"name\":\"Redazione\",\"image\":{\"@type\":\"ImageObject\",\"inLanguage\":\"it-IT\",\"@id\":\"https:\/\/www.tunews24.it\/ilcorrieredellaprovincia\/#\/schema\/person\/image\/\",\"url\":\"https:\/\/secure.gravatar.com\/avatar\/b20622a119cb3fa611b12e3ef009da26?s=96&d=mm&r=g\",\"contentUrl\":\"https:\/\/secure.gravatar.com\/avatar\/b20622a119cb3fa611b12e3ef009da26?s=96&d=mm&r=g\",\"caption\":\"Redazione\"},\"description\":\"SEGUICI ANCHE SUI SOCIAL Facebook: TuNews24 e TuSport24 Instagram: TuNews24 e TuSport24 Youtube: TuNews24 Telegram: TuNews24 Puoi leggerci anche in formato cartaceo: il settimanale viene pubblicato e distribuito gratuitamente ogni venerd\u00ec in edicole, bar, centri commerciali e svariati esercizi. Ma \u00e8 possibile anche sfogliarlo comodamente online, cliccando su TU NEWS sfogliabile TU NEWS, PASSIONE PER L\u2019INFORMAZIONE\",\"sameAs\":[\"http:\/\/www.tunews24.it\",\"www.facebook.com\/tunews24\"],\"url\":\"https:\/\/www.tunews24.it\/ilcorrieredellaprovincia\/author\/senzafirma\/\"}]}<\/script>\n<!-- \/ Yoast SEO plugin. -->","yoast_head_json":{"title":"Shoah, Ottaviani: una spirale di terribile ferocia - IlCorriereDellaProvincia.it - News h24 e notizie di approfondimento","description":"Il pensiero del sindaco di Frosinone Nicola Ottaviani in occasione della Giornata della Memoria per non dimenticare la tragedia della Shoah","robots":{"index":"index","follow":"follow","max-snippet":"max-snippet:-1","max-image-preview":"max-image-preview:large","max-video-preview":"max-video-preview:-1"},"canonical":"https:\/\/www.tunews24.it\/ilcorrieredellaprovincia\/2019\/01\/27\/shoah-ottaviani-una-spirale-di-terribile-ferocia\/","og_locale":"it_IT","og_type":"article","og_title":"Shoah, Ottaviani: una spirale di terribile ferocia - IlCorriereDellaProvincia.it - News h24 e notizie di approfondimento","og_description":"Il pensiero del sindaco di Frosinone Nicola Ottaviani in occasione della Giornata della Memoria per non dimenticare la tragedia della Shoah","og_url":"https:\/\/www.tunews24.it\/ilcorrieredellaprovincia\/2019\/01\/27\/shoah-ottaviani-una-spirale-di-terribile-ferocia\/","og_site_name":"IlCorriereDellaProvincia.it - News h24 e notizie di approfondimento","article_author":"www.facebook.com\/tunews24","article_published_time":"2019-01-27T08:30:43+00:00","article_modified_time":"2019-01-27T14:09:37+00:00","og_image":[{"width":640,"height":420,"url":"https:\/\/www.tunews24.it\/ilcorrieredellaprovincia\/wp-content\/uploads\/sites\/2\/2019\/01\/giorno-memoria-shoah-640x420.jpg","type":"image\/jpeg"}],"author":"Redazione","twitter_card":"summary_large_image","twitter_misc":{"Scritto da":"Redazione","Tempo di lettura stimato":"1 minuto"},"schema":{"@context":"https:\/\/schema.org","@graph":[{"@type":"Article","@id":"https:\/\/www.tunews24.it\/ilcorrieredellaprovincia\/2019\/01\/27\/shoah-ottaviani-una-spirale-di-terribile-ferocia\/#article","isPartOf":{"@id":"https:\/\/www.tunews24.it\/ilcorrieredellaprovincia\/2019\/01\/27\/shoah-ottaviani-una-spirale-di-terribile-ferocia\/"},"author":{"name":"Redazione","@id":"https:\/\/www.tunews24.it\/ilcorrieredellaprovincia\/#\/schema\/person\/6d7f0a9120d0c03d0c552e9fdf49ed7d"},"headline":"Shoah, Ottaviani: una spirale di terribile ferocia","datePublished":"2019-01-27T08:30:43+00:00","dateModified":"2019-01-27T14:09:37+00:00","mainEntityOfPage":{"@id":"https:\/\/www.tunews24.it\/ilcorrieredellaprovincia\/2019\/01\/27\/shoah-ottaviani-una-spirale-di-terribile-ferocia\/"},"wordCount":225,"commentCount":0,"publisher":{"@id":"https:\/\/www.tunews24.it\/ilcorrieredellaprovincia\/#organization"},"image":{"@id":"https:\/\/www.tunews24.it\/ilcorrieredellaprovincia\/2019\/01\/27\/shoah-ottaviani-una-spirale-di-terribile-ferocia\/#primaryimage"},"thumbnailUrl":"https:\/\/www.tunews24.it\/ilcorrieredellaprovincia\/wp-content\/uploads\/sites\/2\/2019\/01\/giorno-memoria-shoah-640x420.jpg","keywords":["Frosinone","giornata della memoria","nicola ottaviani","shoah","Sindaco"],"articleSection":["Cultura e Spettacolo"],"inLanguage":"it-IT","potentialAction":[{"@type":"CommentAction","name":"Comment","target":["https:\/\/www.tunews24.it\/ilcorrieredellaprovincia\/2019\/01\/27\/shoah-ottaviani-una-spirale-di-terribile-ferocia\/#respond"]}]},{"@type":"WebPage","@id":"https:\/\/www.tunews24.it\/ilcorrieredellaprovincia\/2019\/01\/27\/shoah-ottaviani-una-spirale-di-terribile-ferocia\/","url":"https:\/\/www.tunews24.it\/ilcorrieredellaprovincia\/2019\/01\/27\/shoah-ottaviani-una-spirale-di-terribile-ferocia\/","name":"Shoah, Ottaviani: una spirale di terribile ferocia - IlCorriereDellaProvincia.it - News h24 e notizie di approfondimento","isPartOf":{"@id":"https:\/\/www.tunews24.it\/ilcorrieredellaprovincia\/#website"},"primaryImageOfPage":{"@id":"https:\/\/www.tunews24.it\/ilcorrieredellaprovincia\/2019\/01\/27\/shoah-ottaviani-una-spirale-di-terribile-ferocia\/#primaryimage"},"image":{"@id":"https:\/\/www.tunews24.it\/ilcorrieredellaprovincia\/2019\/01\/27\/shoah-ottaviani-una-spirale-di-terribile-ferocia\/#primaryimage"},"thumbnailUrl":"https:\/\/www.tunews24.it\/ilcorrieredellaprovincia\/wp-content\/uploads\/sites\/2\/2019\/01\/giorno-memoria-shoah-640x420.jpg","datePublished":"2019-01-27T08:30:43+00:00","dateModified":"2019-01-27T14:09:37+00:00","description":"Il pensiero del sindaco di Frosinone Nicola Ottaviani in occasione della Giornata della Memoria per non dimenticare la tragedia della Shoah","breadcrumb":{"@id":"https:\/\/www.tunews24.it\/ilcorrieredellaprovincia\/2019\/01\/27\/shoah-ottaviani-una-spirale-di-terribile-ferocia\/#breadcrumb"},"inLanguage":"it-IT","potentialAction":[{"@type":"ReadAction","target":["https:\/\/www.tunews24.it\/ilcorrieredellaprovincia\/2019\/01\/27\/shoah-ottaviani-una-spirale-di-terribile-ferocia\/"]}]},{"@type":"ImageObject","inLanguage":"it-IT","@id":"https:\/\/www.tunews24.it\/ilcorrieredellaprovincia\/2019\/01\/27\/shoah-ottaviani-una-spirale-di-terribile-ferocia\/#primaryimage","url":"https:\/\/www.tunews24.it\/ilcorrieredellaprovincia\/wp-content\/uploads\/sites\/2\/2019\/01\/giorno-memoria-shoah-640x420.jpg","contentUrl":"https:\/\/www.tunews24.it\/ilcorrieredellaprovincia\/wp-content\/uploads\/sites\/2\/2019\/01\/giorno-memoria-shoah-640x420.jpg","width":640,"height":420},{"@type":"BreadcrumbList","@id":"https:\/\/www.tunews24.it\/ilcorrieredellaprovincia\/2019\/01\/27\/shoah-ottaviani-una-spirale-di-terribile-ferocia\/#breadcrumb","itemListElement":[{"@type":"ListItem","position":1,"name":"Home","item":"https:\/\/www.tunews24.it\/ilcorrieredellaprovincia\/"},{"@type":"ListItem","position":2,"name":"Shoah, Ottaviani: una spirale di terribile ferocia"}]},{"@type":"WebSite","@id":"https:\/\/www.tunews24.it\/ilcorrieredellaprovincia\/#website","url":"https:\/\/www.tunews24.it\/ilcorrieredellaprovincia\/","name":"Il Corriere Delle Provincia","description":"IlCorriereDellaProvincia.it, quotidiano web di politica, cronaca, inchiesta, lavoro, scuola, turismo, cultura e spettacolo, economia e finanza, salute e benessere. Approfondimenti e notizie aggiornate con foto e video della provincia di Frosinone ma anche news nazionali, dell\u2019Italia e del Mondo.","publisher":{"@id":"https:\/\/www.tunews24.it\/ilcorrieredellaprovincia\/#organization"},"potentialAction":[{"@type":"SearchAction","target":{"@type":"EntryPoint","urlTemplate":"https:\/\/www.tunews24.it\/ilcorrieredellaprovincia\/?s={search_term_string}"},"query-input":{"@type":"PropertyValueSpecification","valueRequired":true,"valueName":"search_term_string"}}],"inLanguage":"it-IT"},{"@type":"Organization","@id":"https:\/\/www.tunews24.it\/ilcorrieredellaprovincia\/#organization","name":"Globalpress s.r.l.","url":"https:\/\/www.tunews24.it\/ilcorrieredellaprovincia\/","logo":{"@type":"ImageObject","inLanguage":"it-IT","@id":"https:\/\/www.tunews24.it\/ilcorrieredellaprovincia\/#\/schema\/logo\/image\/","url":"https:\/\/www.tunews24.it\/ilcorrieredellaprovincia\/wp-content\/uploads\/sites\/2\/2022\/11\/cropped-il-corriere-della-provincia-testata-web-scontornata.png","contentUrl":"https:\/\/www.tunews24.it\/ilcorrieredellaprovincia\/wp-content\/uploads\/sites\/2\/2022\/11\/cropped-il-corriere-della-provincia-testata-web-scontornata.png","width":2911,"height":717,"caption":"Globalpress s.r.l."},"image":{"@id":"https:\/\/www.tunews24.it\/ilcorrieredellaprovincia\/#\/schema\/logo\/image\/"}},{"@type":"Person","@id":"https:\/\/www.tunews24.it\/ilcorrieredellaprovincia\/#\/schema\/person\/6d7f0a9120d0c03d0c552e9fdf49ed7d","name":"Redazione","image":{"@type":"ImageObject","inLanguage":"it-IT","@id":"https:\/\/www.tunews24.it\/ilcorrieredellaprovincia\/#\/schema\/person\/image\/","url":"https:\/\/secure.gravatar.com\/avatar\/b20622a119cb3fa611b12e3ef009da26?s=96&d=mm&r=g","contentUrl":"https:\/\/secure.gravatar.com\/avatar\/b20622a119cb3fa611b12e3ef009da26?s=96&d=mm&r=g","caption":"Redazione"},"description":"SEGUICI ANCHE SUI SOCIAL Facebook: TuNews24 e TuSport24 Instagram: TuNews24 e TuSport24 Youtube: TuNews24 Telegram: TuNews24 Puoi leggerci anche in formato cartaceo: il settimanale viene pubblicato e distribuito gratuitamente ogni venerd\u00ec in edicole, bar, centri commerciali e svariati esercizi. Ma \u00e8 possibile anche sfogliarlo comodamente online, cliccando su TU NEWS sfogliabile TU NEWS, PASSIONE PER L\u2019INFORMAZIONE","sameAs":["http:\/\/www.tunews24.it","www.facebook.com\/tunews24"],"url":"https:\/\/www.tunews24.it\/ilcorrieredellaprovincia\/author\/senzafirma\/"}]}},"_links":{"self":[{"href":"https:\/\/www.tunews24.it\/ilcorrieredellaprovincia\/wp-json\/wp\/v2\/posts\/5614","targetHints":{"allow":["GET"]}}],"collection":[{"href":"https:\/\/www.tunews24.it\/ilcorrieredellaprovincia\/wp-json\/wp\/v2\/posts"}],"about":[{"href":"https:\/\/www.tunews24.it\/ilcorrieredellaprovincia\/wp-json\/wp\/v2\/types\/post"}],"author":[{"embeddable":true,"href":"https:\/\/www.tunews24.it\/ilcorrieredellaprovincia\/wp-json\/wp\/v2\/users\/18"}],"replies":[{"embeddable":true,"href":"https:\/\/www.tunews24.it\/ilcorrieredellaprovincia\/wp-json\/wp\/v2\/comments?post=5614"}],"version-history":[{"count":2,"href":"https:\/\/www.tunews24.it\/ilcorrieredellaprovincia\/wp-json\/wp\/v2\/posts\/5614\/revisions"}],"predecessor-version":[{"id":5634,"href":"https:\/\/www.tunews24.it\/ilcorrieredellaprovincia\/wp-json\/wp\/v2\/posts\/5614\/revisions\/5634"}],"wp:featuredmedia":[{"embeddable":true,"href":"https:\/\/www.tunews24.it\/ilcorrieredellaprovincia\/wp-json\/wp\/v2\/media\/5633"}],"wp:attachment":[{"href":"https:\/\/www.tunews24.it\/ilcorrieredellaprovincia\/wp-json\/wp\/v2\/media?parent=5614"}],"wp:term":[{"taxonomy":"category","embeddable":true,"href":"https:\/\/www.tunews24.it\/ilcorrieredellaprovincia\/wp-json\/wp\/v2\/categories?post=5614"},{"taxonomy":"post_tag","embeddable":true,"href":"https:\/\/www.tunews24.it\/ilcorrieredellaprovincia\/wp-json\/wp\/v2\/tags?post=5614"}],"curies":[{"name":"wp","href":"https:\/\/api.w.org\/{rel}","templated":true}]}}