{"id":5455,"date":"2019-01-24T18:16:20","date_gmt":"2019-01-24T17:16:20","guid":{"rendered":"https:\/\/www.tunews24.it\/ilcorrieredellaprovincia\/?p=5455"},"modified":"2019-01-25T13:59:51","modified_gmt":"2019-01-25T12:59:51","slug":"ecotassa-il-pd-con-gli-operai","status":"publish","type":"post","link":"https:\/\/www.tunews24.it\/ilcorrieredellaprovincia\/2019\/01\/24\/ecotassa-il-pd-con-gli-operai\/","title":{"rendered":"Ecotassa, il Pd con gli operai"},"content":{"rendered":"<p>&#8220;Questa manifestazione non \u00e8 contro la misura in s\u00e9, quanto, piuttosto, contro la tempistica&#8221;. <strong>Francesco De Angelis<\/strong>, a capo dell\u2019area<strong> Pensare democratico<\/strong>, non ha usato mezzi termini per descrivere la posizione del Pd nei confronti di una delle misure, l<strong>\u2019Ecotassa<\/strong>, che ha scatenato durissime critiche nei confronti del Governo Giallo-Verde.<\/p>\n<p><img loading=\"lazy\" decoding=\"async\" class=\"aligncenter wp-image-5457\" src=\"https:\/\/www.tunews24.it\/ilcorrieredellaprovincia\/wp-content\/uploads\/sites\/2\/2019\/01\/de-angelis-martina-del-rio-fca.jpg\" alt=\"de angelis martina del rio fca il corriere della provincia cassino frosinone ciociaria\" width=\"600\" height=\"400\" srcset=\"https:\/\/www.tunews24.it\/ilcorrieredellaprovincia\/wp-content\/uploads\/sites\/2\/2019\/01\/de-angelis-martina-del-rio-fca.jpg 709w, https:\/\/www.tunews24.it\/ilcorrieredellaprovincia\/wp-content\/uploads\/sites\/2\/2019\/01\/de-angelis-martina-del-rio-fca-300x200.jpg 300w, https:\/\/www.tunews24.it\/ilcorrieredellaprovincia\/wp-content\/uploads\/sites\/2\/2019\/01\/de-angelis-martina-del-rio-fca-500x334.jpg 500w, https:\/\/www.tunews24.it\/ilcorrieredellaprovincia\/wp-content\/uploads\/sites\/2\/2019\/01\/de-angelis-martina-del-rio-fca-272x182.jpg 272w\" sizes=\"auto, (max-width: 600px) 100vw, 600px\" \/><\/p>\n<h2>Sit-in davanti allo stabilimento Fca<\/h2>\n<p>Proteste che, in Ciociaria, sono sfociate in un sit-in davanti ai cancelli Fca di Piedimonte San Germano, organizzato dalla Federazione provinciale Pd insieme ai Circoli locale e quello di Cassino. Con lui, a distribuire volantini informativi sul provvedimento agli operai dello stabilimento, c\u2019erano i massimi esponenti del partito provinciali: i consiglieri regionali <strong>Mauro Buschini<\/strong> e<strong> Sara Battisti<\/strong>. Ma anche il segretario provinciale<strong> Domenico Alfieri<\/strong>.\u00a0 E a dimostrazione dell\u2019importanza dell\u2019iniziativa non hanno voluto fare mancare il proprio supporto, intervenendo di persona, l\u2019ex ministro<strong> Graziano Del Rio<\/strong>, l\u2019ex segretario nazionale Pd <strong>Maurizio Martina<\/strong> e l\u2019assessore regionale alle Attivit\u00e0 produttive <strong>Gian Paolo Manzella<\/strong>.<\/p>\n<p>&nbsp;<\/p>\n<p><img loading=\"lazy\" decoding=\"async\" class=\"aligncenter wp-image-5459\" src=\"https:\/\/www.tunews24.it\/ilcorrieredellaprovincia\/wp-content\/uploads\/sites\/2\/2019\/01\/manzella-de-angelis.jpg\" alt=\"\" width=\"600\" height=\"401\" srcset=\"https:\/\/www.tunews24.it\/ilcorrieredellaprovincia\/wp-content\/uploads\/sites\/2\/2019\/01\/manzella-de-angelis.jpg 443w, https:\/\/www.tunews24.it\/ilcorrieredellaprovincia\/wp-content\/uploads\/sites\/2\/2019\/01\/manzella-de-angelis-300x200.jpg 300w, https:\/\/www.tunews24.it\/ilcorrieredellaprovincia\/wp-content\/uploads\/sites\/2\/2019\/01\/manzella-de-angelis-272x182.jpg 272w\" sizes=\"auto, (max-width: 600px) 100vw, 600px\" \/><\/p>\n<h2>L&#8217;intervento di De Angelis<\/h2>\n<p>&#8220;Il Pd non parla di misura sbagliata \u2013 ha spiegato De Angelis \u2013 perch\u00e9 quello dell\u2019ambiente \u00e8 un tema serio e che a noi sta da sempre particolarmente a cuore. Contestiamo, invece, i tempi, che r<strong>ischiano di mettere in discussione gli investimenti Fca in Italia,<\/strong> con le drammatiche ripercussioni che si avrebbero non solo sul futuro dell\u2019industria, ma anche sul suo indotto e sui livelli occupazionali. Questo provvedimento \u2013 ha rincarato la dose De Angelis \u2013 cos\u00ec come approvato e senza una proroga non tiene in considerazione la realt\u00e0 industriale del nostro territorio ed \u00e8 per questo che deve essere ostacolato&#8221;.<\/p>\n<p><img loading=\"lazy\" decoding=\"async\" class=\"wp-image-5460 aligncenter\" src=\"https:\/\/www.tunews24.it\/ilcorrieredellaprovincia\/wp-content\/uploads\/sites\/2\/2019\/01\/francesco-de-angelis-volantini.jpg\" alt=\"\" width=\"600\" height=\"400\" srcset=\"https:\/\/www.tunews24.it\/ilcorrieredellaprovincia\/wp-content\/uploads\/sites\/2\/2019\/01\/francesco-de-angelis-volantini.jpg 886w, https:\/\/www.tunews24.it\/ilcorrieredellaprovincia\/wp-content\/uploads\/sites\/2\/2019\/01\/francesco-de-angelis-volantini-300x200.jpg 300w, https:\/\/www.tunews24.it\/ilcorrieredellaprovincia\/wp-content\/uploads\/sites\/2\/2019\/01\/francesco-de-angelis-volantini-768x512.jpg 768w, https:\/\/www.tunews24.it\/ilcorrieredellaprovincia\/wp-content\/uploads\/sites\/2\/2019\/01\/francesco-de-angelis-volantini-500x334.jpg 500w, https:\/\/www.tunews24.it\/ilcorrieredellaprovincia\/wp-content\/uploads\/sites\/2\/2019\/01\/francesco-de-angelis-volantini-272x182.jpg 272w\" sizes=\"auto, (max-width: 600px) 100vw, 600px\" \/><\/p>\n<h2>Obiettivo: tornare a vincere<\/h2>\n<p>E sull\u2019iniziativa messa in campo dalla Federazione provinciale del Pd, con i\u00a0 Circoli di Piedimonte e di Cassino ha aggiunto: &#8220;<strong>E\u2019 stata davvero una bella giornata<\/strong>, ricca di emozioni. Siamo finalmente tornati davanti alle fabbriche, tra gli operai ed \u00e8 questo ci\u00f2 che dobbiamo continuare a fare perch\u00e9 questa \u00e8 l\u2019unica strada percorribile per ricostruire una sintonia con il Paese e <strong>per tornare a vincere<\/strong>&#8220;.<\/p>\n<p>&nbsp;<\/p>\n","protected":false},"excerpt":{"rendered":"<p>&#8220;Questa manifestazione non \u00e8 contro la misura in s\u00e9, quanto, piuttosto, contro la tempistica&#8221;. Francesco De Angelis, a capo dell\u2019area<\/p>\n","protected":false},"author":18,"featured_media":5458,"comment_status":"open","ping_status":"open","sticky":false,"template":"","format":"standard","meta":{"footnotes":""},"categories":[28],"tags":[87,2013,1187,554,137,398],"class_list":["post-5455","post","type-post","status-publish","format-standard","has-post-thumbnail","hentry","category-politica","tag-de-angelis","tag-del-rio","tag-ecotassa","tag-fca","tag-manzella","tag-martina"],"yoast_head":"<!-- This site is optimized with the Yoast SEO plugin v23.9 - https:\/\/yoast.com\/wordpress\/plugins\/seo\/ -->\n<title>Ecotassa, il Pd con gli operai - IlCorriereDellaProvincia.it - News h24 e notizie di approfondimento<\/title>\n<meta name=\"robots\" content=\"index, follow, max-snippet:-1, max-image-preview:large, max-video-preview:-1\" \/>\n<link rel=\"canonical\" href=\"https:\/\/www.tunews24.it\/ilcorrieredellaprovincia\/2019\/01\/24\/ecotassa-il-pd-con-gli-operai\/\" \/>\n<meta property=\"og:locale\" content=\"it_IT\" \/>\n<meta property=\"og:type\" content=\"article\" \/>\n<meta property=\"og:title\" content=\"Ecotassa, il Pd con gli operai - IlCorriereDellaProvincia.it - News h24 e notizie di approfondimento\" \/>\n<meta property=\"og:description\" content=\"&#8220;Questa manifestazione non \u00e8 contro la misura in s\u00e9, quanto, piuttosto, contro la tempistica&#8221;. Francesco De Angelis, a capo dell\u2019area\" \/>\n<meta property=\"og:url\" content=\"https:\/\/www.tunews24.it\/ilcorrieredellaprovincia\/2019\/01\/24\/ecotassa-il-pd-con-gli-operai\/\" \/>\n<meta property=\"og:site_name\" content=\"IlCorriereDellaProvincia.it - News h24 e notizie di approfondimento\" \/>\n<meta property=\"article:author\" content=\"www.facebook.com\/tunews24\" \/>\n<meta property=\"article:published_time\" content=\"2019-01-24T17:16:20+00:00\" \/>\n<meta property=\"article:modified_time\" content=\"2019-01-25T12:59:51+00:00\" \/>\n<meta property=\"og:image\" content=\"https:\/\/www.tunews24.it\/ilcorrieredellaprovincia\/wp-content\/uploads\/sites\/2\/2019\/01\/fca-ecotassa-pd.jpg\" \/>\n\t<meta property=\"og:image:width\" content=\"709\" \/>\n\t<meta property=\"og:image:height\" content=\"473\" \/>\n\t<meta property=\"og:image:type\" content=\"image\/jpeg\" \/>\n<meta name=\"author\" content=\"Redazione\" \/>\n<meta name=\"twitter:card\" content=\"summary_large_image\" \/>\n<meta name=\"twitter:label1\" content=\"Scritto da\" \/>\n\t<meta name=\"twitter:data1\" content=\"Redazione\" \/>\n\t<meta name=\"twitter:label2\" content=\"Tempo di lettura stimato\" \/>\n\t<meta name=\"twitter:data2\" content=\"2 minuti\" \/>\n<script type=\"application\/ld+json\" class=\"yoast-schema-graph\">{\"@context\":\"https:\/\/schema.org\",\"@graph\":[{\"@type\":\"Article\",\"@id\":\"https:\/\/www.tunews24.it\/ilcorrieredellaprovincia\/2019\/01\/24\/ecotassa-il-pd-con-gli-operai\/#article\",\"isPartOf\":{\"@id\":\"https:\/\/www.tunews24.it\/ilcorrieredellaprovincia\/2019\/01\/24\/ecotassa-il-pd-con-gli-operai\/\"},\"author\":{\"name\":\"Redazione\",\"@id\":\"https:\/\/www.tunews24.it\/ilcorrieredellaprovincia\/#\/schema\/person\/6d7f0a9120d0c03d0c552e9fdf49ed7d\"},\"headline\":\"Ecotassa, il Pd con gli operai\",\"datePublished\":\"2019-01-24T17:16:20+00:00\",\"dateModified\":\"2019-01-25T12:59:51+00:00\",\"mainEntityOfPage\":{\"@id\":\"https:\/\/www.tunews24.it\/ilcorrieredellaprovincia\/2019\/01\/24\/ecotassa-il-pd-con-gli-operai\/\"},\"wordCount\":341,\"commentCount\":0,\"publisher\":{\"@id\":\"https:\/\/www.tunews24.it\/ilcorrieredellaprovincia\/#organization\"},\"image\":{\"@id\":\"https:\/\/www.tunews24.it\/ilcorrieredellaprovincia\/2019\/01\/24\/ecotassa-il-pd-con-gli-operai\/#primaryimage\"},\"thumbnailUrl\":\"https:\/\/www.tunews24.it\/ilcorrieredellaprovincia\/wp-content\/uploads\/sites\/2\/2019\/01\/fca-ecotassa-pd.jpg\",\"keywords\":[\"de angelis\",\"del rio\",\"Ecotassa\",\"Fca\",\"Manzella\",\"martina\"],\"articleSection\":[\"Evidenza\"],\"inLanguage\":\"it-IT\",\"potentialAction\":[{\"@type\":\"CommentAction\",\"name\":\"Comment\",\"target\":[\"https:\/\/www.tunews24.it\/ilcorrieredellaprovincia\/2019\/01\/24\/ecotassa-il-pd-con-gli-operai\/#respond\"]}]},{\"@type\":\"WebPage\",\"@id\":\"https:\/\/www.tunews24.it\/ilcorrieredellaprovincia\/2019\/01\/24\/ecotassa-il-pd-con-gli-operai\/\",\"url\":\"https:\/\/www.tunews24.it\/ilcorrieredellaprovincia\/2019\/01\/24\/ecotassa-il-pd-con-gli-operai\/\",\"name\":\"Ecotassa, il Pd con gli operai - IlCorriereDellaProvincia.it - News h24 e notizie di approfondimento\",\"isPartOf\":{\"@id\":\"https:\/\/www.tunews24.it\/ilcorrieredellaprovincia\/#website\"},\"primaryImageOfPage\":{\"@id\":\"https:\/\/www.tunews24.it\/ilcorrieredellaprovincia\/2019\/01\/24\/ecotassa-il-pd-con-gli-operai\/#primaryimage\"},\"image\":{\"@id\":\"https:\/\/www.tunews24.it\/ilcorrieredellaprovincia\/2019\/01\/24\/ecotassa-il-pd-con-gli-operai\/#primaryimage\"},\"thumbnailUrl\":\"https:\/\/www.tunews24.it\/ilcorrieredellaprovincia\/wp-content\/uploads\/sites\/2\/2019\/01\/fca-ecotassa-pd.jpg\",\"datePublished\":\"2019-01-24T17:16:20+00:00\",\"dateModified\":\"2019-01-25T12:59:51+00:00\",\"breadcrumb\":{\"@id\":\"https:\/\/www.tunews24.it\/ilcorrieredellaprovincia\/2019\/01\/24\/ecotassa-il-pd-con-gli-operai\/#breadcrumb\"},\"inLanguage\":\"it-IT\",\"potentialAction\":[{\"@type\":\"ReadAction\",\"target\":[\"https:\/\/www.tunews24.it\/ilcorrieredellaprovincia\/2019\/01\/24\/ecotassa-il-pd-con-gli-operai\/\"]}]},{\"@type\":\"ImageObject\",\"inLanguage\":\"it-IT\",\"@id\":\"https:\/\/www.tunews24.it\/ilcorrieredellaprovincia\/2019\/01\/24\/ecotassa-il-pd-con-gli-operai\/#primaryimage\",\"url\":\"https:\/\/www.tunews24.it\/ilcorrieredellaprovincia\/wp-content\/uploads\/sites\/2\/2019\/01\/fca-ecotassa-pd.jpg\",\"contentUrl\":\"https:\/\/www.tunews24.it\/ilcorrieredellaprovincia\/wp-content\/uploads\/sites\/2\/2019\/01\/fca-ecotassa-pd.jpg\",\"width\":709,\"height\":473,\"caption\":\"fca ecotassa pd il corriere della provincia ciociaria frosinone cassino\"},{\"@type\":\"BreadcrumbList\",\"@id\":\"https:\/\/www.tunews24.it\/ilcorrieredellaprovincia\/2019\/01\/24\/ecotassa-il-pd-con-gli-operai\/#breadcrumb\",\"itemListElement\":[{\"@type\":\"ListItem\",\"position\":1,\"name\":\"Home\",\"item\":\"https:\/\/www.tunews24.it\/ilcorrieredellaprovincia\/\"},{\"@type\":\"ListItem\",\"position\":2,\"name\":\"Ecotassa, il Pd con gli operai\"}]},{\"@type\":\"WebSite\",\"@id\":\"https:\/\/www.tunews24.it\/ilcorrieredellaprovincia\/#website\",\"url\":\"https:\/\/www.tunews24.it\/ilcorrieredellaprovincia\/\",\"name\":\"Il Corriere Delle Provincia\",\"description\":\"IlCorriereDellaProvincia.it, quotidiano web di politica, cronaca, inchiesta, lavoro, scuola, turismo, cultura e spettacolo, economia e finanza, salute e benessere. Approfondimenti e notizie aggiornate con foto e video della provincia di Frosinone ma anche news nazionali, dell\u2019Italia e del Mondo.\",\"publisher\":{\"@id\":\"https:\/\/www.tunews24.it\/ilcorrieredellaprovincia\/#organization\"},\"potentialAction\":[{\"@type\":\"SearchAction\",\"target\":{\"@type\":\"EntryPoint\",\"urlTemplate\":\"https:\/\/www.tunews24.it\/ilcorrieredellaprovincia\/?s={search_term_string}\"},\"query-input\":{\"@type\":\"PropertyValueSpecification\",\"valueRequired\":true,\"valueName\":\"search_term_string\"}}],\"inLanguage\":\"it-IT\"},{\"@type\":\"Organization\",\"@id\":\"https:\/\/www.tunews24.it\/ilcorrieredellaprovincia\/#organization\",\"name\":\"Globalpress s.r.l.\",\"url\":\"https:\/\/www.tunews24.it\/ilcorrieredellaprovincia\/\",\"logo\":{\"@type\":\"ImageObject\",\"inLanguage\":\"it-IT\",\"@id\":\"https:\/\/www.tunews24.it\/ilcorrieredellaprovincia\/#\/schema\/logo\/image\/\",\"url\":\"https:\/\/www.tunews24.it\/ilcorrieredellaprovincia\/wp-content\/uploads\/sites\/2\/2022\/11\/cropped-il-corriere-della-provincia-testata-web-scontornata.png\",\"contentUrl\":\"https:\/\/www.tunews24.it\/ilcorrieredellaprovincia\/wp-content\/uploads\/sites\/2\/2022\/11\/cropped-il-corriere-della-provincia-testata-web-scontornata.png\",\"width\":2911,\"height\":717,\"caption\":\"Globalpress s.r.l.\"},\"image\":{\"@id\":\"https:\/\/www.tunews24.it\/ilcorrieredellaprovincia\/#\/schema\/logo\/image\/\"}},{\"@type\":\"Person\",\"@id\":\"https:\/\/www.tunews24.it\/ilcorrieredellaprovincia\/#\/schema\/person\/6d7f0a9120d0c03d0c552e9fdf49ed7d\",\"name\":\"Redazione\",\"image\":{\"@type\":\"ImageObject\",\"inLanguage\":\"it-IT\",\"@id\":\"https:\/\/www.tunews24.it\/ilcorrieredellaprovincia\/#\/schema\/person\/image\/\",\"url\":\"https:\/\/secure.gravatar.com\/avatar\/b20622a119cb3fa611b12e3ef009da26?s=96&d=mm&r=g\",\"contentUrl\":\"https:\/\/secure.gravatar.com\/avatar\/b20622a119cb3fa611b12e3ef009da26?s=96&d=mm&r=g\",\"caption\":\"Redazione\"},\"description\":\"SEGUICI ANCHE SUI SOCIAL Facebook: TuNews24 e TuSport24 Instagram: TuNews24 e TuSport24 Youtube: TuNews24 Telegram: TuNews24 Puoi leggerci anche in formato cartaceo: il settimanale viene pubblicato e distribuito gratuitamente ogni venerd\u00ec in edicole, bar, centri commerciali e svariati esercizi. Ma \u00e8 possibile anche sfogliarlo comodamente online, cliccando su TU NEWS sfogliabile TU NEWS, PASSIONE PER L\u2019INFORMAZIONE\",\"sameAs\":[\"http:\/\/www.tunews24.it\",\"www.facebook.com\/tunews24\"],\"url\":\"https:\/\/www.tunews24.it\/ilcorrieredellaprovincia\/author\/senzafirma\/\"}]}<\/script>\n<!-- \/ Yoast SEO plugin. -->","yoast_head_json":{"title":"Ecotassa, il Pd con gli operai - IlCorriereDellaProvincia.it - News h24 e notizie di approfondimento","robots":{"index":"index","follow":"follow","max-snippet":"max-snippet:-1","max-image-preview":"max-image-preview:large","max-video-preview":"max-video-preview:-1"},"canonical":"https:\/\/www.tunews24.it\/ilcorrieredellaprovincia\/2019\/01\/24\/ecotassa-il-pd-con-gli-operai\/","og_locale":"it_IT","og_type":"article","og_title":"Ecotassa, il Pd con gli operai - IlCorriereDellaProvincia.it - News h24 e notizie di approfondimento","og_description":"&#8220;Questa manifestazione non \u00e8 contro la misura in s\u00e9, quanto, piuttosto, contro la tempistica&#8221;. Francesco De Angelis, a capo dell\u2019area","og_url":"https:\/\/www.tunews24.it\/ilcorrieredellaprovincia\/2019\/01\/24\/ecotassa-il-pd-con-gli-operai\/","og_site_name":"IlCorriereDellaProvincia.it - News h24 e notizie di approfondimento","article_author":"www.facebook.com\/tunews24","article_published_time":"2019-01-24T17:16:20+00:00","article_modified_time":"2019-01-25T12:59:51+00:00","og_image":[{"width":709,"height":473,"url":"https:\/\/www.tunews24.it\/ilcorrieredellaprovincia\/wp-content\/uploads\/sites\/2\/2019\/01\/fca-ecotassa-pd.jpg","type":"image\/jpeg"}],"author":"Redazione","twitter_card":"summary_large_image","twitter_misc":{"Scritto da":"Redazione","Tempo di lettura stimato":"2 minuti"},"schema":{"@context":"https:\/\/schema.org","@graph":[{"@type":"Article","@id":"https:\/\/www.tunews24.it\/ilcorrieredellaprovincia\/2019\/01\/24\/ecotassa-il-pd-con-gli-operai\/#article","isPartOf":{"@id":"https:\/\/www.tunews24.it\/ilcorrieredellaprovincia\/2019\/01\/24\/ecotassa-il-pd-con-gli-operai\/"},"author":{"name":"Redazione","@id":"https:\/\/www.tunews24.it\/ilcorrieredellaprovincia\/#\/schema\/person\/6d7f0a9120d0c03d0c552e9fdf49ed7d"},"headline":"Ecotassa, il Pd con gli operai","datePublished":"2019-01-24T17:16:20+00:00","dateModified":"2019-01-25T12:59:51+00:00","mainEntityOfPage":{"@id":"https:\/\/www.tunews24.it\/ilcorrieredellaprovincia\/2019\/01\/24\/ecotassa-il-pd-con-gli-operai\/"},"wordCount":341,"commentCount":0,"publisher":{"@id":"https:\/\/www.tunews24.it\/ilcorrieredellaprovincia\/#organization"},"image":{"@id":"https:\/\/www.tunews24.it\/ilcorrieredellaprovincia\/2019\/01\/24\/ecotassa-il-pd-con-gli-operai\/#primaryimage"},"thumbnailUrl":"https:\/\/www.tunews24.it\/ilcorrieredellaprovincia\/wp-content\/uploads\/sites\/2\/2019\/01\/fca-ecotassa-pd.jpg","keywords":["de angelis","del rio","Ecotassa","Fca","Manzella","martina"],"articleSection":["Evidenza"],"inLanguage":"it-IT","potentialAction":[{"@type":"CommentAction","name":"Comment","target":["https:\/\/www.tunews24.it\/ilcorrieredellaprovincia\/2019\/01\/24\/ecotassa-il-pd-con-gli-operai\/#respond"]}]},{"@type":"WebPage","@id":"https:\/\/www.tunews24.it\/ilcorrieredellaprovincia\/2019\/01\/24\/ecotassa-il-pd-con-gli-operai\/","url":"https:\/\/www.tunews24.it\/ilcorrieredellaprovincia\/2019\/01\/24\/ecotassa-il-pd-con-gli-operai\/","name":"Ecotassa, il Pd con gli operai - IlCorriereDellaProvincia.it - News h24 e notizie di approfondimento","isPartOf":{"@id":"https:\/\/www.tunews24.it\/ilcorrieredellaprovincia\/#website"},"primaryImageOfPage":{"@id":"https:\/\/www.tunews24.it\/ilcorrieredellaprovincia\/2019\/01\/24\/ecotassa-il-pd-con-gli-operai\/#primaryimage"},"image":{"@id":"https:\/\/www.tunews24.it\/ilcorrieredellaprovincia\/2019\/01\/24\/ecotassa-il-pd-con-gli-operai\/#primaryimage"},"thumbnailUrl":"https:\/\/www.tunews24.it\/ilcorrieredellaprovincia\/wp-content\/uploads\/sites\/2\/2019\/01\/fca-ecotassa-pd.jpg","datePublished":"2019-01-24T17:16:20+00:00","dateModified":"2019-01-25T12:59:51+00:00","breadcrumb":{"@id":"https:\/\/www.tunews24.it\/ilcorrieredellaprovincia\/2019\/01\/24\/ecotassa-il-pd-con-gli-operai\/#breadcrumb"},"inLanguage":"it-IT","potentialAction":[{"@type":"ReadAction","target":["https:\/\/www.tunews24.it\/ilcorrieredellaprovincia\/2019\/01\/24\/ecotassa-il-pd-con-gli-operai\/"]}]},{"@type":"ImageObject","inLanguage":"it-IT","@id":"https:\/\/www.tunews24.it\/ilcorrieredellaprovincia\/2019\/01\/24\/ecotassa-il-pd-con-gli-operai\/#primaryimage","url":"https:\/\/www.tunews24.it\/ilcorrieredellaprovincia\/wp-content\/uploads\/sites\/2\/2019\/01\/fca-ecotassa-pd.jpg","contentUrl":"https:\/\/www.tunews24.it\/ilcorrieredellaprovincia\/wp-content\/uploads\/sites\/2\/2019\/01\/fca-ecotassa-pd.jpg","width":709,"height":473,"caption":"fca ecotassa pd il corriere della provincia ciociaria frosinone cassino"},{"@type":"BreadcrumbList","@id":"https:\/\/www.tunews24.it\/ilcorrieredellaprovincia\/2019\/01\/24\/ecotassa-il-pd-con-gli-operai\/#breadcrumb","itemListElement":[{"@type":"ListItem","position":1,"name":"Home","item":"https:\/\/www.tunews24.it\/ilcorrieredellaprovincia\/"},{"@type":"ListItem","position":2,"name":"Ecotassa, il Pd con gli operai"}]},{"@type":"WebSite","@id":"https:\/\/www.tunews24.it\/ilcorrieredellaprovincia\/#website","url":"https:\/\/www.tunews24.it\/ilcorrieredellaprovincia\/","name":"Il Corriere Delle Provincia","description":"IlCorriereDellaProvincia.it, quotidiano web di politica, cronaca, inchiesta, lavoro, scuola, turismo, cultura e spettacolo, economia e finanza, salute e benessere. Approfondimenti e notizie aggiornate con foto e video della provincia di Frosinone ma anche news nazionali, dell\u2019Italia e del Mondo.","publisher":{"@id":"https:\/\/www.tunews24.it\/ilcorrieredellaprovincia\/#organization"},"potentialAction":[{"@type":"SearchAction","target":{"@type":"EntryPoint","urlTemplate":"https:\/\/www.tunews24.it\/ilcorrieredellaprovincia\/?s={search_term_string}"},"query-input":{"@type":"PropertyValueSpecification","valueRequired":true,"valueName":"search_term_string"}}],"inLanguage":"it-IT"},{"@type":"Organization","@id":"https:\/\/www.tunews24.it\/ilcorrieredellaprovincia\/#organization","name":"Globalpress s.r.l.","url":"https:\/\/www.tunews24.it\/ilcorrieredellaprovincia\/","logo":{"@type":"ImageObject","inLanguage":"it-IT","@id":"https:\/\/www.tunews24.it\/ilcorrieredellaprovincia\/#\/schema\/logo\/image\/","url":"https:\/\/www.tunews24.it\/ilcorrieredellaprovincia\/wp-content\/uploads\/sites\/2\/2022\/11\/cropped-il-corriere-della-provincia-testata-web-scontornata.png","contentUrl":"https:\/\/www.tunews24.it\/ilcorrieredellaprovincia\/wp-content\/uploads\/sites\/2\/2022\/11\/cropped-il-corriere-della-provincia-testata-web-scontornata.png","width":2911,"height":717,"caption":"Globalpress s.r.l."},"image":{"@id":"https:\/\/www.tunews24.it\/ilcorrieredellaprovincia\/#\/schema\/logo\/image\/"}},{"@type":"Person","@id":"https:\/\/www.tunews24.it\/ilcorrieredellaprovincia\/#\/schema\/person\/6d7f0a9120d0c03d0c552e9fdf49ed7d","name":"Redazione","image":{"@type":"ImageObject","inLanguage":"it-IT","@id":"https:\/\/www.tunews24.it\/ilcorrieredellaprovincia\/#\/schema\/person\/image\/","url":"https:\/\/secure.gravatar.com\/avatar\/b20622a119cb3fa611b12e3ef009da26?s=96&d=mm&r=g","contentUrl":"https:\/\/secure.gravatar.com\/avatar\/b20622a119cb3fa611b12e3ef009da26?s=96&d=mm&r=g","caption":"Redazione"},"description":"SEGUICI ANCHE SUI SOCIAL Facebook: TuNews24 e TuSport24 Instagram: TuNews24 e TuSport24 Youtube: TuNews24 Telegram: TuNews24 Puoi leggerci anche in formato cartaceo: il settimanale viene pubblicato e distribuito gratuitamente ogni venerd\u00ec in edicole, bar, centri commerciali e svariati esercizi. Ma \u00e8 possibile anche sfogliarlo comodamente online, cliccando su TU NEWS sfogliabile TU NEWS, PASSIONE PER L\u2019INFORMAZIONE","sameAs":["http:\/\/www.tunews24.it","www.facebook.com\/tunews24"],"url":"https:\/\/www.tunews24.it\/ilcorrieredellaprovincia\/author\/senzafirma\/"}]}},"_links":{"self":[{"href":"https:\/\/www.tunews24.it\/ilcorrieredellaprovincia\/wp-json\/wp\/v2\/posts\/5455","targetHints":{"allow":["GET"]}}],"collection":[{"href":"https:\/\/www.tunews24.it\/ilcorrieredellaprovincia\/wp-json\/wp\/v2\/posts"}],"about":[{"href":"https:\/\/www.tunews24.it\/ilcorrieredellaprovincia\/wp-json\/wp\/v2\/types\/post"}],"author":[{"embeddable":true,"href":"https:\/\/www.tunews24.it\/ilcorrieredellaprovincia\/wp-json\/wp\/v2\/users\/18"}],"replies":[{"embeddable":true,"href":"https:\/\/www.tunews24.it\/ilcorrieredellaprovincia\/wp-json\/wp\/v2\/comments?post=5455"}],"version-history":[{"count":4,"href":"https:\/\/www.tunews24.it\/ilcorrieredellaprovincia\/wp-json\/wp\/v2\/posts\/5455\/revisions"}],"predecessor-version":[{"id":5477,"href":"https:\/\/www.tunews24.it\/ilcorrieredellaprovincia\/wp-json\/wp\/v2\/posts\/5455\/revisions\/5477"}],"wp:featuredmedia":[{"embeddable":true,"href":"https:\/\/www.tunews24.it\/ilcorrieredellaprovincia\/wp-json\/wp\/v2\/media\/5458"}],"wp:attachment":[{"href":"https:\/\/www.tunews24.it\/ilcorrieredellaprovincia\/wp-json\/wp\/v2\/media?parent=5455"}],"wp:term":[{"taxonomy":"category","embeddable":true,"href":"https:\/\/www.tunews24.it\/ilcorrieredellaprovincia\/wp-json\/wp\/v2\/categories?post=5455"},{"taxonomy":"post_tag","embeddable":true,"href":"https:\/\/www.tunews24.it\/ilcorrieredellaprovincia\/wp-json\/wp\/v2\/tags?post=5455"}],"curies":[{"name":"wp","href":"https:\/\/api.w.org\/{rel}","templated":true}]}}