{"id":5418,"date":"2019-01-24T12:13:43","date_gmt":"2019-01-24T11:13:43","guid":{"rendered":"https:\/\/www.tunews24.it\/ilcorrieredellaprovincia\/?p=5418"},"modified":"2019-01-25T11:18:41","modified_gmt":"2019-01-25T10:18:41","slug":"open-day-al-cfp-di-cassino-al-via-i-corsi-gratuiti","status":"publish","type":"post","link":"https:\/\/www.tunews24.it\/ilcorrieredellaprovincia\/2019\/01\/24\/open-day-al-cfp-di-cassino-al-via-i-corsi-gratuiti\/","title":{"rendered":"Open day al Cfp di Cassino, al via i corsi gratuiti"},"content":{"rendered":"<p><strong>Il Centro di formazione professionale di Cassino<\/strong>\u00a0apre le porte a genitori e futuri alunni per farsi conoscere e auspicabilmente scegliere. Dopo il successo della manifestazione di <strong>sabato 19 gennaio<\/strong>, presso la scuola ci sar\u00e0 un nuovo open day<strong>\u00a0il\u00a026 gennaio dalle ore 9 alle 17<\/strong>\u00a0presso la sede di viale Bonomi, 2.<\/p>\n<h2>Opportunit\u00e0 per i giovani<\/h2>\n<p>Il CFP \u00e8 un istituto<strong> gestito dall\u2019Agenzia Provinciale Frosinone Formazion<\/strong>e. L\u2019attivit\u00e0 \u00e8 autorizzata dalla Regione Lazio con qualifica professionale valida in tutti i Paesi della Comunit\u00e0 Europea. Il\u00a0CFP\u00a0offre <strong>corsi gratuiti destinati a giovani di et\u00e0 compresa tra i 14 e i 18<\/strong> anni che sono in obbligo per l\u2019assolvimento dell\u2019istruzione formazione, della durata di tre anni con conseguimento di \u201cQualifica Professionale\u201d. Alla fine del percorso si co seguiranno le qualifiche di &#8216;<strong>Operatore del Benessere Acconciatura&#8217;<\/strong>, &#8216;<strong>Operatore del Benessere Estetica&#8217;<\/strong> e &#8216;<strong>Operatore alla riparazione dei veicoli a Motore \u2013 Meccatronica&#8217;<\/strong>. Per l&#8217;anno scolastico 2019\/2020 sar\u00e0 attivata una nuova proposta formativa, ovvero il corso di &#8216;<strong>Operatore Grafico Multimediale&#8217;<\/strong>.<\/p>\n<p><img loading=\"lazy\" decoding=\"async\" class=\"size-full wp-image-5422 aligncenter\" src=\"https:\/\/www.tunews24.it\/ilcorrieredellaprovincia\/wp-content\/uploads\/sites\/2\/2019\/01\/formazione-professionale-frosinone-cassino.jpg\" alt=\"formazione professionale il corrriere della provincia ciociaria\" width=\"660\" height=\"375\" srcset=\"https:\/\/www.tunews24.it\/ilcorrieredellaprovincia\/wp-content\/uploads\/sites\/2\/2019\/01\/formazione-professionale-frosinone-cassino.jpg 660w, https:\/\/www.tunews24.it\/ilcorrieredellaprovincia\/wp-content\/uploads\/sites\/2\/2019\/01\/formazione-professionale-frosinone-cassino-300x170.jpg 300w, https:\/\/www.tunews24.it\/ilcorrieredellaprovincia\/wp-content\/uploads\/sites\/2\/2019\/01\/formazione-professionale-frosinone-cassino-500x284.jpg 500w\" sizes=\"auto, (max-width: 660px) 100vw, 660px\" \/><\/p>\n<h2>Previsti stage aziendali<\/h2>\n<p>Durante l\u2019orario scolastico, inoltre, saranno attivati periodi di stage presso aziende del territorio con pre inserimento nel mondo del lavoro.\u00a0 Dopo il triennio \u00e8 previsto il<strong> corso di specializzazione gratuita<\/strong>, il quarto anno, con rilascio di \u201cDiploma Tecnico\u201d e \u201cabilitazione all\u2019esercizio della Professione\u201d in proprio, con alternanza scuola-lavoro, tirocinio e stage aziendali superiori a 4oo ore. L\u2019attivit\u00e0 didattica si svolge dal luned\u00ec al venerd\u00ec e grazie alla stessa si potr\u00e0 accedere direttamente al percorso dell\u2019istruzione scolastica per il conseguimento del \u201cDiploma di Maturit\u00e0\u201d.<\/p>\n<p>&nbsp;<\/p>\n<p>&nbsp;<\/p>\n<h2>Allestita una rappresentazione teatrale<\/h2>\n<p>Durante lo scorso Open day del 19 gennaio il Centro di Formazione Professionale ha presentato un quadro artistico dal tema \u201cL\u2019albero della vita\u201d. Le studentesse dei corsi per operatore del benessere &#8220;acconciatura ed estetica&#8221;, coordinati dal lavoro degli insegnanti della tecnica professionale hanno preso le sembianze di madre natura e dei quattro elementi: fuoco, acqua, aria e terra. Il lavoro sar\u00e0 riproposto per la giornata di<strong> open day del 26 gennaio<\/strong>. Sar\u00e0 anche allestita una rappresentazione teatrale che vedr\u00e0 coinvolte le classi primo anno estetista e secondo anno acconciatore che, coadiuvati sempre dagli insegnanti, affronteranno nella pi\u00e8ce un tema piuttosto sentito nel nostro paese, la presenza della mafia e della camorra. Lo spettacolo prende spunto dal film e la seguente fiction televisiva:&#8221;La mafia uccide solo d&#8217;estate&#8221;.<br \/>\n<strong>Il direttore<\/strong> del Centro Formazione Professionale di Cassino, il dottor Giuliano Cefaloni <strong>invita alla partecipazione sia le istituzioni del territorio che i genitori e allievi<\/strong>.<\/p>\n<div class=\"yj6qo\"><\/div>\n<div class=\"adL\"><\/div>\n","protected":false},"excerpt":{"rendered":"<p>Il Centro di formazione professionale di Cassino\u00a0apre le porte a genitori e futuri alunni per farsi conoscere e auspicabilmente scegliere.<\/p>\n","protected":false},"author":18,"featured_media":5421,"comment_status":"open","ping_status":"open","sticky":false,"template":"","format":"standard","meta":{"footnotes":""},"categories":[4,1,38],"tags":[216,1999,1998,93,2000,2001,2003,2002],"class_list":["post-5418","post","type-post","status-publish","format-standard","has-post-thumbnail","hentry","category-primo-piano","category-news","category-scuola","tag-cassino","tag-corsi-gratuiti","tag-formazione-professionale","tag-frosinone","tag-operatore-del-benessere-acconciatura","tag-operatore-del-benessere-estetica","tag-operatore-grafico-multimediale","tag-peratore-alla-riparazione-dei-veicoli-a-motore-meccatronica"],"yoast_head":"<!-- This site is optimized with the Yoast SEO plugin v23.9 - https:\/\/yoast.com\/wordpress\/plugins\/seo\/ -->\n<title>Open day al Cfp di Cassino, al via i corsi gratuiti - IlCorriereDellaProvincia.it - News h24 e notizie di approfondimento<\/title>\n<meta name=\"description\" content=\"Il 26 gennaio dalle ore 9 alle 17, nell sede di viale Bonomi 2, il direttore accoglier\u00e0 famiglie e studenti per illustrare le opportunit\u00e0.\" \/>\n<meta name=\"robots\" content=\"index, follow, max-snippet:-1, max-image-preview:large, max-video-preview:-1\" \/>\n<link rel=\"canonical\" href=\"https:\/\/www.tunews24.it\/ilcorrieredellaprovincia\/2019\/01\/24\/open-day-al-cfp-di-cassino-al-via-i-corsi-gratuiti\/\" \/>\n<meta property=\"og:locale\" content=\"it_IT\" \/>\n<meta property=\"og:type\" content=\"article\" \/>\n<meta property=\"og:title\" content=\"Open day al Cfp di Cassino, al via i corsi gratuiti - IlCorriereDellaProvincia.it - News h24 e notizie di approfondimento\" \/>\n<meta property=\"og:description\" content=\"Il 26 gennaio dalle ore 9 alle 17, nell sede di viale Bonomi 2, il direttore accoglier\u00e0 famiglie e studenti per illustrare le opportunit\u00e0.\" \/>\n<meta property=\"og:url\" content=\"https:\/\/www.tunews24.it\/ilcorrieredellaprovincia\/2019\/01\/24\/open-day-al-cfp-di-cassino-al-via-i-corsi-gratuiti\/\" \/>\n<meta property=\"og:site_name\" content=\"IlCorriereDellaProvincia.it - News h24 e notizie di approfondimento\" \/>\n<meta property=\"article:author\" content=\"www.facebook.com\/tunews24\" \/>\n<meta property=\"article:published_time\" content=\"2019-01-24T11:13:43+00:00\" \/>\n<meta property=\"article:modified_time\" content=\"2019-01-25T10:18:41+00:00\" \/>\n<meta property=\"og:image\" content=\"https:\/\/www.tunews24.it\/ilcorrieredellaprovincia\/wp-content\/uploads\/sites\/2\/2019\/01\/formazione-professionale-il-corrriere-della-provincia-ciociaria.jpg\" \/>\n\t<meta property=\"og:image:width\" content=\"640\" \/>\n\t<meta property=\"og:image:height\" content=\"475\" \/>\n\t<meta property=\"og:image:type\" content=\"image\/jpeg\" \/>\n<meta name=\"author\" content=\"Redazione\" \/>\n<meta name=\"twitter:card\" content=\"summary_large_image\" \/>\n<meta name=\"twitter:label1\" content=\"Scritto da\" \/>\n\t<meta name=\"twitter:data1\" content=\"Redazione\" \/>\n\t<meta name=\"twitter:label2\" content=\"Tempo di lettura stimato\" \/>\n\t<meta name=\"twitter:data2\" content=\"2 minuti\" \/>\n<script type=\"application\/ld+json\" class=\"yoast-schema-graph\">{\"@context\":\"https:\/\/schema.org\",\"@graph\":[{\"@type\":\"Article\",\"@id\":\"https:\/\/www.tunews24.it\/ilcorrieredellaprovincia\/2019\/01\/24\/open-day-al-cfp-di-cassino-al-via-i-corsi-gratuiti\/#article\",\"isPartOf\":{\"@id\":\"https:\/\/www.tunews24.it\/ilcorrieredellaprovincia\/2019\/01\/24\/open-day-al-cfp-di-cassino-al-via-i-corsi-gratuiti\/\"},\"author\":{\"name\":\"Redazione\",\"@id\":\"https:\/\/www.tunews24.it\/ilcorrieredellaprovincia\/#\/schema\/person\/6d7f0a9120d0c03d0c552e9fdf49ed7d\"},\"headline\":\"Open day al Cfp di Cassino, al via i corsi gratuiti\",\"datePublished\":\"2019-01-24T11:13:43+00:00\",\"dateModified\":\"2019-01-25T10:18:41+00:00\",\"mainEntityOfPage\":{\"@id\":\"https:\/\/www.tunews24.it\/ilcorrieredellaprovincia\/2019\/01\/24\/open-day-al-cfp-di-cassino-al-via-i-corsi-gratuiti\/\"},\"wordCount\":419,\"commentCount\":0,\"publisher\":{\"@id\":\"https:\/\/www.tunews24.it\/ilcorrieredellaprovincia\/#organization\"},\"image\":{\"@id\":\"https:\/\/www.tunews24.it\/ilcorrieredellaprovincia\/2019\/01\/24\/open-day-al-cfp-di-cassino-al-via-i-corsi-gratuiti\/#primaryimage\"},\"thumbnailUrl\":\"https:\/\/www.tunews24.it\/ilcorrieredellaprovincia\/wp-content\/uploads\/sites\/2\/2019\/01\/formazione-professionale-il-corrriere-della-provincia-ciociaria.jpg\",\"keywords\":[\"Cassino\",\"Corsi gratuiti\",\"Formazione professionale\",\"Frosinone\",\"Operatore del Benessere Acconciatura\",\"Operatore del Benessere Estetica\",\"Operatore Grafico Multimediale\",\"peratore alla riparazione dei veicoli a Motore \u2013 Meccatronica\"],\"articleSection\":[\"*PRIMO PIANO*\",\"News\",\"Scuola\"],\"inLanguage\":\"it-IT\",\"potentialAction\":[{\"@type\":\"CommentAction\",\"name\":\"Comment\",\"target\":[\"https:\/\/www.tunews24.it\/ilcorrieredellaprovincia\/2019\/01\/24\/open-day-al-cfp-di-cassino-al-via-i-corsi-gratuiti\/#respond\"]}]},{\"@type\":\"WebPage\",\"@id\":\"https:\/\/www.tunews24.it\/ilcorrieredellaprovincia\/2019\/01\/24\/open-day-al-cfp-di-cassino-al-via-i-corsi-gratuiti\/\",\"url\":\"https:\/\/www.tunews24.it\/ilcorrieredellaprovincia\/2019\/01\/24\/open-day-al-cfp-di-cassino-al-via-i-corsi-gratuiti\/\",\"name\":\"Open day al Cfp di Cassino, al via i corsi gratuiti - IlCorriereDellaProvincia.it - News h24 e notizie di approfondimento\",\"isPartOf\":{\"@id\":\"https:\/\/www.tunews24.it\/ilcorrieredellaprovincia\/#website\"},\"primaryImageOfPage\":{\"@id\":\"https:\/\/www.tunews24.it\/ilcorrieredellaprovincia\/2019\/01\/24\/open-day-al-cfp-di-cassino-al-via-i-corsi-gratuiti\/#primaryimage\"},\"image\":{\"@id\":\"https:\/\/www.tunews24.it\/ilcorrieredellaprovincia\/2019\/01\/24\/open-day-al-cfp-di-cassino-al-via-i-corsi-gratuiti\/#primaryimage\"},\"thumbnailUrl\":\"https:\/\/www.tunews24.it\/ilcorrieredellaprovincia\/wp-content\/uploads\/sites\/2\/2019\/01\/formazione-professionale-il-corrriere-della-provincia-ciociaria.jpg\",\"datePublished\":\"2019-01-24T11:13:43+00:00\",\"dateModified\":\"2019-01-25T10:18:41+00:00\",\"description\":\"Il 26 gennaio dalle ore 9 alle 17, nell sede di viale Bonomi 2, il direttore accoglier\u00e0 famiglie e studenti per illustrare le opportunit\u00e0.\",\"breadcrumb\":{\"@id\":\"https:\/\/www.tunews24.it\/ilcorrieredellaprovincia\/2019\/01\/24\/open-day-al-cfp-di-cassino-al-via-i-corsi-gratuiti\/#breadcrumb\"},\"inLanguage\":\"it-IT\",\"potentialAction\":[{\"@type\":\"ReadAction\",\"target\":[\"https:\/\/www.tunews24.it\/ilcorrieredellaprovincia\/2019\/01\/24\/open-day-al-cfp-di-cassino-al-via-i-corsi-gratuiti\/\"]}]},{\"@type\":\"ImageObject\",\"inLanguage\":\"it-IT\",\"@id\":\"https:\/\/www.tunews24.it\/ilcorrieredellaprovincia\/2019\/01\/24\/open-day-al-cfp-di-cassino-al-via-i-corsi-gratuiti\/#primaryimage\",\"url\":\"https:\/\/www.tunews24.it\/ilcorrieredellaprovincia\/wp-content\/uploads\/sites\/2\/2019\/01\/formazione-professionale-il-corrriere-della-provincia-ciociaria.jpg\",\"contentUrl\":\"https:\/\/www.tunews24.it\/ilcorrieredellaprovincia\/wp-content\/uploads\/sites\/2\/2019\/01\/formazione-professionale-il-corrriere-della-provincia-ciociaria.jpg\",\"width\":640,\"height\":475,\"caption\":\"formazione professionale il corrriere della provincia ciociaria cassino forsinone\"},{\"@type\":\"BreadcrumbList\",\"@id\":\"https:\/\/www.tunews24.it\/ilcorrieredellaprovincia\/2019\/01\/24\/open-day-al-cfp-di-cassino-al-via-i-corsi-gratuiti\/#breadcrumb\",\"itemListElement\":[{\"@type\":\"ListItem\",\"position\":1,\"name\":\"Home\",\"item\":\"https:\/\/www.tunews24.it\/ilcorrieredellaprovincia\/\"},{\"@type\":\"ListItem\",\"position\":2,\"name\":\"Open day al Cfp di Cassino, al via i corsi gratuiti\"}]},{\"@type\":\"WebSite\",\"@id\":\"https:\/\/www.tunews24.it\/ilcorrieredellaprovincia\/#website\",\"url\":\"https:\/\/www.tunews24.it\/ilcorrieredellaprovincia\/\",\"name\":\"Il Corriere Delle Provincia\",\"description\":\"IlCorriereDellaProvincia.it, quotidiano web di politica, cronaca, inchiesta, lavoro, scuola, turismo, cultura e spettacolo, economia e finanza, salute e benessere. Approfondimenti e notizie aggiornate con foto e video della provincia di Frosinone ma anche news nazionali, dell\u2019Italia e del Mondo.\",\"publisher\":{\"@id\":\"https:\/\/www.tunews24.it\/ilcorrieredellaprovincia\/#organization\"},\"potentialAction\":[{\"@type\":\"SearchAction\",\"target\":{\"@type\":\"EntryPoint\",\"urlTemplate\":\"https:\/\/www.tunews24.it\/ilcorrieredellaprovincia\/?s={search_term_string}\"},\"query-input\":{\"@type\":\"PropertyValueSpecification\",\"valueRequired\":true,\"valueName\":\"search_term_string\"}}],\"inLanguage\":\"it-IT\"},{\"@type\":\"Organization\",\"@id\":\"https:\/\/www.tunews24.it\/ilcorrieredellaprovincia\/#organization\",\"name\":\"Globalpress s.r.l.\",\"url\":\"https:\/\/www.tunews24.it\/ilcorrieredellaprovincia\/\",\"logo\":{\"@type\":\"ImageObject\",\"inLanguage\":\"it-IT\",\"@id\":\"https:\/\/www.tunews24.it\/ilcorrieredellaprovincia\/#\/schema\/logo\/image\/\",\"url\":\"https:\/\/www.tunews24.it\/ilcorrieredellaprovincia\/wp-content\/uploads\/sites\/2\/2022\/11\/cropped-il-corriere-della-provincia-testata-web-scontornata.png\",\"contentUrl\":\"https:\/\/www.tunews24.it\/ilcorrieredellaprovincia\/wp-content\/uploads\/sites\/2\/2022\/11\/cropped-il-corriere-della-provincia-testata-web-scontornata.png\",\"width\":2911,\"height\":717,\"caption\":\"Globalpress s.r.l.\"},\"image\":{\"@id\":\"https:\/\/www.tunews24.it\/ilcorrieredellaprovincia\/#\/schema\/logo\/image\/\"}},{\"@type\":\"Person\",\"@id\":\"https:\/\/www.tunews24.it\/ilcorrieredellaprovincia\/#\/schema\/person\/6d7f0a9120d0c03d0c552e9fdf49ed7d\",\"name\":\"Redazione\",\"image\":{\"@type\":\"ImageObject\",\"inLanguage\":\"it-IT\",\"@id\":\"https:\/\/www.tunews24.it\/ilcorrieredellaprovincia\/#\/schema\/person\/image\/\",\"url\":\"https:\/\/secure.gravatar.com\/avatar\/b20622a119cb3fa611b12e3ef009da26?s=96&d=mm&r=g\",\"contentUrl\":\"https:\/\/secure.gravatar.com\/avatar\/b20622a119cb3fa611b12e3ef009da26?s=96&d=mm&r=g\",\"caption\":\"Redazione\"},\"description\":\"SEGUICI ANCHE SUI SOCIAL Facebook: TuNews24 e TuSport24 Instagram: TuNews24 e TuSport24 Youtube: TuNews24 Telegram: TuNews24 Puoi leggerci anche in formato cartaceo: il settimanale viene pubblicato e distribuito gratuitamente ogni venerd\u00ec in edicole, bar, centri commerciali e svariati esercizi. Ma \u00e8 possibile anche sfogliarlo comodamente online, cliccando su TU NEWS sfogliabile TU NEWS, PASSIONE PER L\u2019INFORMAZIONE\",\"sameAs\":[\"http:\/\/www.tunews24.it\",\"www.facebook.com\/tunews24\"],\"url\":\"https:\/\/www.tunews24.it\/ilcorrieredellaprovincia\/author\/senzafirma\/\"}]}<\/script>\n<!-- \/ Yoast SEO plugin. -->","yoast_head_json":{"title":"Open day al Cfp di Cassino, al via i corsi gratuiti - IlCorriereDellaProvincia.it - News h24 e notizie di approfondimento","description":"Il 26 gennaio dalle ore 9 alle 17, nell sede di viale Bonomi 2, il direttore accoglier\u00e0 famiglie e studenti per illustrare le opportunit\u00e0.","robots":{"index":"index","follow":"follow","max-snippet":"max-snippet:-1","max-image-preview":"max-image-preview:large","max-video-preview":"max-video-preview:-1"},"canonical":"https:\/\/www.tunews24.it\/ilcorrieredellaprovincia\/2019\/01\/24\/open-day-al-cfp-di-cassino-al-via-i-corsi-gratuiti\/","og_locale":"it_IT","og_type":"article","og_title":"Open day al Cfp di Cassino, al via i corsi gratuiti - IlCorriereDellaProvincia.it - News h24 e notizie di approfondimento","og_description":"Il 26 gennaio dalle ore 9 alle 17, nell sede di viale Bonomi 2, il direttore accoglier\u00e0 famiglie e studenti per illustrare le opportunit\u00e0.","og_url":"https:\/\/www.tunews24.it\/ilcorrieredellaprovincia\/2019\/01\/24\/open-day-al-cfp-di-cassino-al-via-i-corsi-gratuiti\/","og_site_name":"IlCorriereDellaProvincia.it - News h24 e notizie di approfondimento","article_author":"www.facebook.com\/tunews24","article_published_time":"2019-01-24T11:13:43+00:00","article_modified_time":"2019-01-25T10:18:41+00:00","og_image":[{"width":640,"height":475,"url":"https:\/\/www.tunews24.it\/ilcorrieredellaprovincia\/wp-content\/uploads\/sites\/2\/2019\/01\/formazione-professionale-il-corrriere-della-provincia-ciociaria.jpg","type":"image\/jpeg"}],"author":"Redazione","twitter_card":"summary_large_image","twitter_misc":{"Scritto da":"Redazione","Tempo di lettura stimato":"2 minuti"},"schema":{"@context":"https:\/\/schema.org","@graph":[{"@type":"Article","@id":"https:\/\/www.tunews24.it\/ilcorrieredellaprovincia\/2019\/01\/24\/open-day-al-cfp-di-cassino-al-via-i-corsi-gratuiti\/#article","isPartOf":{"@id":"https:\/\/www.tunews24.it\/ilcorrieredellaprovincia\/2019\/01\/24\/open-day-al-cfp-di-cassino-al-via-i-corsi-gratuiti\/"},"author":{"name":"Redazione","@id":"https:\/\/www.tunews24.it\/ilcorrieredellaprovincia\/#\/schema\/person\/6d7f0a9120d0c03d0c552e9fdf49ed7d"},"headline":"Open day al Cfp di Cassino, al via i corsi gratuiti","datePublished":"2019-01-24T11:13:43+00:00","dateModified":"2019-01-25T10:18:41+00:00","mainEntityOfPage":{"@id":"https:\/\/www.tunews24.it\/ilcorrieredellaprovincia\/2019\/01\/24\/open-day-al-cfp-di-cassino-al-via-i-corsi-gratuiti\/"},"wordCount":419,"commentCount":0,"publisher":{"@id":"https:\/\/www.tunews24.it\/ilcorrieredellaprovincia\/#organization"},"image":{"@id":"https:\/\/www.tunews24.it\/ilcorrieredellaprovincia\/2019\/01\/24\/open-day-al-cfp-di-cassino-al-via-i-corsi-gratuiti\/#primaryimage"},"thumbnailUrl":"https:\/\/www.tunews24.it\/ilcorrieredellaprovincia\/wp-content\/uploads\/sites\/2\/2019\/01\/formazione-professionale-il-corrriere-della-provincia-ciociaria.jpg","keywords":["Cassino","Corsi gratuiti","Formazione professionale","Frosinone","Operatore del Benessere Acconciatura","Operatore del Benessere Estetica","Operatore Grafico Multimediale","peratore alla riparazione dei veicoli a Motore \u2013 Meccatronica"],"articleSection":["*PRIMO PIANO*","News","Scuola"],"inLanguage":"it-IT","potentialAction":[{"@type":"CommentAction","name":"Comment","target":["https:\/\/www.tunews24.it\/ilcorrieredellaprovincia\/2019\/01\/24\/open-day-al-cfp-di-cassino-al-via-i-corsi-gratuiti\/#respond"]}]},{"@type":"WebPage","@id":"https:\/\/www.tunews24.it\/ilcorrieredellaprovincia\/2019\/01\/24\/open-day-al-cfp-di-cassino-al-via-i-corsi-gratuiti\/","url":"https:\/\/www.tunews24.it\/ilcorrieredellaprovincia\/2019\/01\/24\/open-day-al-cfp-di-cassino-al-via-i-corsi-gratuiti\/","name":"Open day al Cfp di Cassino, al via i corsi gratuiti - IlCorriereDellaProvincia.it - News h24 e notizie di approfondimento","isPartOf":{"@id":"https:\/\/www.tunews24.it\/ilcorrieredellaprovincia\/#website"},"primaryImageOfPage":{"@id":"https:\/\/www.tunews24.it\/ilcorrieredellaprovincia\/2019\/01\/24\/open-day-al-cfp-di-cassino-al-via-i-corsi-gratuiti\/#primaryimage"},"image":{"@id":"https:\/\/www.tunews24.it\/ilcorrieredellaprovincia\/2019\/01\/24\/open-day-al-cfp-di-cassino-al-via-i-corsi-gratuiti\/#primaryimage"},"thumbnailUrl":"https:\/\/www.tunews24.it\/ilcorrieredellaprovincia\/wp-content\/uploads\/sites\/2\/2019\/01\/formazione-professionale-il-corrriere-della-provincia-ciociaria.jpg","datePublished":"2019-01-24T11:13:43+00:00","dateModified":"2019-01-25T10:18:41+00:00","description":"Il 26 gennaio dalle ore 9 alle 17, nell sede di viale Bonomi 2, il direttore accoglier\u00e0 famiglie e studenti per illustrare le opportunit\u00e0.","breadcrumb":{"@id":"https:\/\/www.tunews24.it\/ilcorrieredellaprovincia\/2019\/01\/24\/open-day-al-cfp-di-cassino-al-via-i-corsi-gratuiti\/#breadcrumb"},"inLanguage":"it-IT","potentialAction":[{"@type":"ReadAction","target":["https:\/\/www.tunews24.it\/ilcorrieredellaprovincia\/2019\/01\/24\/open-day-al-cfp-di-cassino-al-via-i-corsi-gratuiti\/"]}]},{"@type":"ImageObject","inLanguage":"it-IT","@id":"https:\/\/www.tunews24.it\/ilcorrieredellaprovincia\/2019\/01\/24\/open-day-al-cfp-di-cassino-al-via-i-corsi-gratuiti\/#primaryimage","url":"https:\/\/www.tunews24.it\/ilcorrieredellaprovincia\/wp-content\/uploads\/sites\/2\/2019\/01\/formazione-professionale-il-corrriere-della-provincia-ciociaria.jpg","contentUrl":"https:\/\/www.tunews24.it\/ilcorrieredellaprovincia\/wp-content\/uploads\/sites\/2\/2019\/01\/formazione-professionale-il-corrriere-della-provincia-ciociaria.jpg","width":640,"height":475,"caption":"formazione professionale il corrriere della provincia ciociaria cassino forsinone"},{"@type":"BreadcrumbList","@id":"https:\/\/www.tunews24.it\/ilcorrieredellaprovincia\/2019\/01\/24\/open-day-al-cfp-di-cassino-al-via-i-corsi-gratuiti\/#breadcrumb","itemListElement":[{"@type":"ListItem","position":1,"name":"Home","item":"https:\/\/www.tunews24.it\/ilcorrieredellaprovincia\/"},{"@type":"ListItem","position":2,"name":"Open day al Cfp di Cassino, al via i corsi gratuiti"}]},{"@type":"WebSite","@id":"https:\/\/www.tunews24.it\/ilcorrieredellaprovincia\/#website","url":"https:\/\/www.tunews24.it\/ilcorrieredellaprovincia\/","name":"Il Corriere Delle Provincia","description":"IlCorriereDellaProvincia.it, quotidiano web di politica, cronaca, inchiesta, lavoro, scuola, turismo, cultura e spettacolo, economia e finanza, salute e benessere. Approfondimenti e notizie aggiornate con foto e video della provincia di Frosinone ma anche news nazionali, dell\u2019Italia e del Mondo.","publisher":{"@id":"https:\/\/www.tunews24.it\/ilcorrieredellaprovincia\/#organization"},"potentialAction":[{"@type":"SearchAction","target":{"@type":"EntryPoint","urlTemplate":"https:\/\/www.tunews24.it\/ilcorrieredellaprovincia\/?s={search_term_string}"},"query-input":{"@type":"PropertyValueSpecification","valueRequired":true,"valueName":"search_term_string"}}],"inLanguage":"it-IT"},{"@type":"Organization","@id":"https:\/\/www.tunews24.it\/ilcorrieredellaprovincia\/#organization","name":"Globalpress s.r.l.","url":"https:\/\/www.tunews24.it\/ilcorrieredellaprovincia\/","logo":{"@type":"ImageObject","inLanguage":"it-IT","@id":"https:\/\/www.tunews24.it\/ilcorrieredellaprovincia\/#\/schema\/logo\/image\/","url":"https:\/\/www.tunews24.it\/ilcorrieredellaprovincia\/wp-content\/uploads\/sites\/2\/2022\/11\/cropped-il-corriere-della-provincia-testata-web-scontornata.png","contentUrl":"https:\/\/www.tunews24.it\/ilcorrieredellaprovincia\/wp-content\/uploads\/sites\/2\/2022\/11\/cropped-il-corriere-della-provincia-testata-web-scontornata.png","width":2911,"height":717,"caption":"Globalpress s.r.l."},"image":{"@id":"https:\/\/www.tunews24.it\/ilcorrieredellaprovincia\/#\/schema\/logo\/image\/"}},{"@type":"Person","@id":"https:\/\/www.tunews24.it\/ilcorrieredellaprovincia\/#\/schema\/person\/6d7f0a9120d0c03d0c552e9fdf49ed7d","name":"Redazione","image":{"@type":"ImageObject","inLanguage":"it-IT","@id":"https:\/\/www.tunews24.it\/ilcorrieredellaprovincia\/#\/schema\/person\/image\/","url":"https:\/\/secure.gravatar.com\/avatar\/b20622a119cb3fa611b12e3ef009da26?s=96&d=mm&r=g","contentUrl":"https:\/\/secure.gravatar.com\/avatar\/b20622a119cb3fa611b12e3ef009da26?s=96&d=mm&r=g","caption":"Redazione"},"description":"SEGUICI ANCHE SUI SOCIAL Facebook: TuNews24 e TuSport24 Instagram: TuNews24 e TuSport24 Youtube: TuNews24 Telegram: TuNews24 Puoi leggerci anche in formato cartaceo: il settimanale viene pubblicato e distribuito gratuitamente ogni venerd\u00ec in edicole, bar, centri commerciali e svariati esercizi. Ma \u00e8 possibile anche sfogliarlo comodamente online, cliccando su TU NEWS sfogliabile TU NEWS, PASSIONE PER L\u2019INFORMAZIONE","sameAs":["http:\/\/www.tunews24.it","www.facebook.com\/tunews24"],"url":"https:\/\/www.tunews24.it\/ilcorrieredellaprovincia\/author\/senzafirma\/"}]}},"_links":{"self":[{"href":"https:\/\/www.tunews24.it\/ilcorrieredellaprovincia\/wp-json\/wp\/v2\/posts\/5418","targetHints":{"allow":["GET"]}}],"collection":[{"href":"https:\/\/www.tunews24.it\/ilcorrieredellaprovincia\/wp-json\/wp\/v2\/posts"}],"about":[{"href":"https:\/\/www.tunews24.it\/ilcorrieredellaprovincia\/wp-json\/wp\/v2\/types\/post"}],"author":[{"embeddable":true,"href":"https:\/\/www.tunews24.it\/ilcorrieredellaprovincia\/wp-json\/wp\/v2\/users\/18"}],"replies":[{"embeddable":true,"href":"https:\/\/www.tunews24.it\/ilcorrieredellaprovincia\/wp-json\/wp\/v2\/comments?post=5418"}],"version-history":[{"count":3,"href":"https:\/\/www.tunews24.it\/ilcorrieredellaprovincia\/wp-json\/wp\/v2\/posts\/5418\/revisions"}],"predecessor-version":[{"id":5423,"href":"https:\/\/www.tunews24.it\/ilcorrieredellaprovincia\/wp-json\/wp\/v2\/posts\/5418\/revisions\/5423"}],"wp:featuredmedia":[{"embeddable":true,"href":"https:\/\/www.tunews24.it\/ilcorrieredellaprovincia\/wp-json\/wp\/v2\/media\/5421"}],"wp:attachment":[{"href":"https:\/\/www.tunews24.it\/ilcorrieredellaprovincia\/wp-json\/wp\/v2\/media?parent=5418"}],"wp:term":[{"taxonomy":"category","embeddable":true,"href":"https:\/\/www.tunews24.it\/ilcorrieredellaprovincia\/wp-json\/wp\/v2\/categories?post=5418"},{"taxonomy":"post_tag","embeddable":true,"href":"https:\/\/www.tunews24.it\/ilcorrieredellaprovincia\/wp-json\/wp\/v2\/tags?post=5418"}],"curies":[{"name":"wp","href":"https:\/\/api.w.org\/{rel}","templated":true}]}}