{"id":53790,"date":"2021-02-26T17:00:47","date_gmt":"2021-02-26T16:00:47","guid":{"rendered":"https:\/\/www.tunews24.it\/ilcorrieredellaprovincia\/?p=53790"},"modified":"2021-02-26T17:00:49","modified_gmt":"2021-02-26T16:00:49","slug":"giovanni-acampora-al-timone-delleconomia-del-mare-eletto-presidente-di-assonautica","status":"publish","type":"post","link":"https:\/\/www.tunews24.it\/ilcorrieredellaprovincia\/2021\/02\/26\/giovanni-acampora-al-timone-delleconomia-del-mare-eletto-presidente-di-assonautica\/","title":{"rendered":"Giovanni Acampora al timone dell\u2019Economia del Mare: eletto presidente di Assonautica"},"content":{"rendered":"\n<p><strong>Giovanni Acampora, Presidente della Camera di Commercio di Frosinone-Latina e vice Presidente Unioncamere Lazio, \u00e8 stato eletto  a Roma presidente nazionale di Assonautica. <\/strong>Un\u2019elezione avvenuta all\u2019unanimit\u00e0, con la totale condivisione da parte di tutti i soci e, dunque, delle Assonautiche territoriali, del sistema camerale e di Unioncamere Nazionale; apprezzatissimo l\u2019intervento del Segretario Giuseppe Tripoli che ha rimarcato i temi della Blue Economy e delle filiere dell\u2019economia del Mare.<\/p>\n\n\n\n<h3 class=\"wp-block-heading\">La squadra<\/h3>\n\n\n\n<p>Fanno parte del Consiglio Direttivo per il prossimo quinquennio Ciulla Andrea, Dal Buono Paolo, D\u2019Amore Antonio, De Gioia Roberto, Del Principe Amedeo, Di Filippo Francesco, Gargano Giovanni, Lupi Enrico, Malorgio Vinicio Mauro, Masiero Marino, Pesto Fabio, Rosito Alba, Sabatini Gino e Senes Italo.<\/p>\n\n\n\n<p>Il Collegio dei Revisori \u00e8 composto dal dott. Salvatore Di Cecca con funzioni di Presidente, dott. Marco Di Nucci, dott. Alessandro Fasciani e come membri supplenti dott. Dario Pettinato e dott.ssa Maria Teresa Corrado. Il Collegio dei Probi Viri \u00e8 costituito dall\u2019avv. Liliana Cataldi con funzioni di Presidente, l\u2019avv. Ernesto Schiano e l\u2019avv. Paolo Gamba e membri supplenti il dott. Ferdinando D&#8217;Urgolo e l\u2019avv. Andrea Di Croce.<\/p>\n\n\n\n<h3 class=\"wp-block-heading\">L&#8217;intervento<\/h3>\n\n\n\n<p><strong>\u201cIl mare \u2013 ha tenuto a sottolineare Acampora \u2013 \u00e8 sempre stato una delle pi\u00f9 grandi sfide dell\u2019uomo,<\/strong> spazio da conquistare e nel contempo risorsa da tutelare e proteggere; dalla risorsa mare l\u2019uomo ricava costantemente alimenti, materie prime e anche energia. Cos\u00ec, il mare, presentandosi come un\u2019importante leva sulla quale fondare parte dello sviluppo economico, deve stimolare un attento studio su tutte quelle attivit\u00e0 che sono il frutto, o possono trovare giovamento, dalla presenza di questa risorsa\u201d.<\/p>\n\n\n\n<p>\u201cLa mia elezione \u2013 ha proseguito Acampora \u2013 arriva in un momento fondamentale, di \u201ccambiamento epocale\u201d per l\u2019Assonautica, che arriva al suo 50esimo anno di attivit\u00e0, dove con un senso pragmatico porteremo l\u2019Associazione ad essere il vero braccio operativo di tutto il sistema camerale nazionale e delle Assonautiche locali, cos\u00ec da assistere le imprese attraverso azioni, progetti ed interventi di semplificazione amministrativa, piani di investimento in innovazione tecnologica, di processo, di prodotto ed i tipo organizzativo, di sviluppo industriale e commerciale, per mezzo di comportamenti sostenibili, ecocompatibili ed innovativi, facilitando e promuovendo, nel contempo, fenomeni di aggregazioni di piccole e medie imprese operanti nelle filiere produttive legate alla risorsa \u201cMare\u201d<\/p>\n\n\n\n<p><strong>Prima di esporre le sue linee programmatiche, il neo Presidente Acampora ha ricordato il compianto Presidente Malcarne<\/strong>, un uomo dalle grandi intuizioni, al quale ha riconosciuto il merito di aver pensato nuovi orizzonti operativi e margini di manovra per questa prestigiosa associazione. Un merito riconosciuto al Presidente Malcarne ed alla governance uscente di aver inserito nello Statuto (che comunque va rimodulato e riformato) il concetto di Economia del Mare, dal quale comincia la nuova avventura dell\u2019Assonautica nazionale.<\/p>\n\n\n\n<p><strong>\u201cGuardando al paese \u2013 illustra Acampora &#8211; l&#8217;Italia, baricentrica nel Mediterraneo, dispone di 7468 Km<\/strong> di coste, 15 regioni ed oltre 600 comuni bagnati dal mare (circa 20 milioni di abitanti) nonch\u00e9, a livello europeo, il maggior numero di spiagge (pi\u00f9 di 5 mila siti di balneazione sui 13 mila europei, pari al 35,8% del totale delle coste balneabili.<\/p>\n\n\n\n<p><strong>Il turismo marino \u00e8 l\u2019ambito dove si concentra la maggior parte delle imprese della blue economy, poich\u00e9 pi\u00f9 del 40% delle imprese<\/strong> dell\u2019economia del mare \u00e8 costituito da quelle che operano nel settore dei servizi di alloggio e ristorazione (pi\u00f9 di 77mila imprese). Vi \u00e8 poi un altro 16% circa del tessuto imprenditoriale che riguarda il settore delle attivit\u00e0 sportive e ricreative. Il settore della filiera ittica, invece, connesso in parte al turismo per ci\u00f2 che concerne la filiera \u201cdal mare alla tavola\u201d, \u00e8 il secondo settore della blue economy per numerosit\u00e0 imprenditoriale e conta quasi 33.800 imprese, pari al 18,2% del totale imprese dell\u2019economia del mare. La filiera della cantieristica navale, poi, \u00e9 uno dei comparti tradizionalmente pi\u00f9 caratteristici dell\u2019economia del mare sui mercati internazionali, ed \u00e8 formata da 27.400 imprese, quasi il 15% del totale. Assume poi un ruolo fondamentale la movimentazione marittima di merci e persone (definiti anche come \u201ctrasporti marittimi\u201d), che comprende 11 mila imprese, pari al 6,0% del totale imprenditoriale della blue economy. Oltre 6.600 imprese operano infine nel settore della ricerca, regolamentazione e tutela ambientale (3,6%) e poco pi\u00f9 di 500 in campo estrattivo marino.<\/p>\n\n\n\n<p>L\u2019ultimo rapporto di studio sull\u2019Economia del Mare, unico nel suo genere, promosso dalla camera di Commercio che rappresento, in sinergia con Si.Camera, sotto l&#8217;egida di Unioncamere Nazionale (ultimi dati 2019 pre-covid), ci racconta come le imprese del mare sfiorino le 200 mila unit\u00e0, rappresentando il 3,3% del totale complessivo dell\u2019imprenditoria nazionale. Non solo, ma la numerosit\u00e0 delle imprese ha mostrato, negli ultimi cinque anni, una dinamica espansiva del +9,5%, contro un valore che non arriva al +1% per il totale dell\u2019economia. Una forza imprenditoriale, quindi, che rappresenta un volano per la produzione economica, con il valore aggiunto prodotto dalla blue economy arrivato, prima della crisi pandemica, a circa 46,7 miliardi di euro, pari al 3,0% del totale economia, mentre il dato \u2019occupazionale \u00e8 stato pari a 885,2 mila unit\u00e0 impiegato nel comparto, un dato che incide per il 3,5% sul totale dell\u2019occupazione del Paese. Se si tiene conto della capacit\u00e0 di attivazione dell\u2019intero sistema mare sul resto dell\u2019economia, pari ad 1,9 euro per ogni euro prodotto direttamente, si arriva ad un valore aggiunto prodotto dalla filiera complessivamente considerata (produzione diretta e indiretta) di 134,5 miliardi di euro: l\u20198,5% del totale dell\u2019economia italiana.\u201d<\/p>\n\n\n\n<p>&nbsp;\u201cE\u2019 un traguardo importante \u2013 prosegue Acampora \u2013 con il mio impegno orientato all\u2019unitariet\u00e0 ed alla collaborazione tra la rete delle Assonautiche locali, al rilancio della portualit\u00e0 turistica, al sostegno dello sviluppo del turismo sportivo, al rilancio di una politica di sviluppo culturale nel Mediterraneo. Questa Presidenza sar\u00e0 improntata all\u2019equilibrio, all\u2019innovazione e al cambiamento sia da un punto di vista strettamente finanziario che associativo per una stagione di pacificazione e rilancio.<\/p>\n\n\n\n<p>Un nuovo quadro di riferimento per l\u2019Assonautica italiana e per le sue articolazioni territoriali in uno scenario che deve farsi maggiormente CONTAMINARE dal tema del turismo e dei beni culturali e delle attivit\u00e0 dirette e indirette in una nuova e strategica competenza delle Camere di Commercio, di cui l\u2019Assonautica \u00e8 e dovr\u00e0 essere sempre pi\u00f9 presente.\u201d<\/p>\n\n\n\n<p>L\u2019Assonautica, con Acampora al timone, andr\u00e0 ad elaborare la propria azione sotto l\u2019egida dell\u2019innovazione tecnologica e dello sviluppo sostenibile, funzionali ad un rilancio occupazionale dei territori ed alla nascita di realt\u00e0 imprenditoriali Green oriented, con anche azioni di divulgazione scientifica per la presentazione di progettualit\u00e0 tecniche di interesse strategico e trasversale al settore dell\u2019Economia del Mare.<\/p>\n\n\n\n<p>\u201cA nessuno dovr\u00e0 sfuggire \u2013 conclude Acampora- che il mio impegno sar\u00e0 orientato allo sviluppo di queste tematiche con una Presidenza fortemente improntata all\u2019equilibrio, all&#8217;innovazione e al cambiamento sia da un punto di vista strettamente finanziario che associativo, per una nuova stagione di pacificazione e rilancio. Ed \u00e9 su questi temi e con questa vision che chiedo a tutti voi di sostenere questo nuovo corso che voglio sintetizzare con la formula delle 8R che semplifico in questo modo. Resilienza e resistenza, per resistere e contenere i danni della crisi pandemica; Revisione statutaria, per una revisione dello statuto in sintonia con i nostri nuovi indirizzi; Riequilibrio economico finanziario; Rafforzamento dei rapporti con il sistema camerale e con le associazioni territoriali; Riposizionamento istituzionale nell\u2019avviare una interlocuzione forte e credibile con tutti i portatori di interesse nazionali; Rilancio di una nuova immagine e del nuovo ruolo dell\u2019Associazione; Recupero di una credibilit\u00e0 con il mondo delle imprese delle associazioni datoriali ed degli stakeholder. R come\u2026. ricominciare a navigare\u201d.<\/p>\n","protected":false},"excerpt":{"rendered":"<p>Giovanni Acampora, Presidente della Camera di Commercio di Frosinone-Latina e vice Presidente Unioncamere Lazio, \u00e8 stato eletto a Roma presidente<\/p>\n","protected":false},"author":18,"featured_media":53791,"comment_status":"closed","ping_status":"closed","sticky":false,"template":"","format":"standard","meta":{"footnotes":""},"categories":[5],"tags":[12558,1013,93,8826,513],"class_list":["post-53790","post","type-post","status-publish","format-standard","has-post-thumbnail","hentry","category-economia","tag-assonautica","tag-camera-di-commercio","tag-frosinone","tag-giovanni-acampora","tag-latina"],"yoast_head":"<!-- This site is optimized with the Yoast SEO plugin v23.9 - https:\/\/yoast.com\/wordpress\/plugins\/seo\/ -->\n<title>Giovanni Acampora al timone dell\u2019Economia del Mare: eletto presidente di Assonautica - IlCorriereDellaProvincia.it - News h24 e notizie di approfondimento<\/title>\n<meta name=\"robots\" content=\"index, follow, max-snippet:-1, max-image-preview:large, max-video-preview:-1\" \/>\n<link rel=\"canonical\" href=\"https:\/\/www.tunews24.it\/ilcorrieredellaprovincia\/2021\/02\/26\/giovanni-acampora-al-timone-delleconomia-del-mare-eletto-presidente-di-assonautica\/\" \/>\n<meta property=\"og:locale\" content=\"it_IT\" \/>\n<meta property=\"og:type\" content=\"article\" \/>\n<meta property=\"og:title\" content=\"Giovanni Acampora al timone dell\u2019Economia del Mare: eletto presidente di Assonautica - IlCorriereDellaProvincia.it - News h24 e notizie di approfondimento\" \/>\n<meta property=\"og:description\" content=\"Giovanni Acampora, Presidente della Camera di Commercio di Frosinone-Latina e vice Presidente Unioncamere Lazio, \u00e8 stato eletto a Roma presidente\" \/>\n<meta property=\"og:url\" content=\"https:\/\/www.tunews24.it\/ilcorrieredellaprovincia\/2021\/02\/26\/giovanni-acampora-al-timone-delleconomia-del-mare-eletto-presidente-di-assonautica\/\" \/>\n<meta property=\"og:site_name\" content=\"IlCorriereDellaProvincia.it - News h24 e notizie di approfondimento\" \/>\n<meta property=\"article:author\" content=\"www.facebook.com\/tunews24\" \/>\n<meta property=\"article:published_time\" content=\"2021-02-26T16:00:47+00:00\" \/>\n<meta property=\"article:modified_time\" content=\"2021-02-26T16:00:49+00:00\" \/>\n<meta property=\"og:image\" content=\"https:\/\/www.tunews24.it\/ilcorrieredellaprovincia\/wp-content\/uploads\/sites\/2\/2021\/02\/Acampora.jpg\" \/>\n\t<meta property=\"og:image:width\" content=\"757\" \/>\n\t<meta property=\"og:image:height\" content=\"522\" \/>\n\t<meta property=\"og:image:type\" content=\"image\/jpeg\" \/>\n<meta name=\"author\" content=\"Redazione\" \/>\n<meta name=\"twitter:card\" content=\"summary_large_image\" \/>\n<meta name=\"twitter:label1\" content=\"Scritto da\" \/>\n\t<meta name=\"twitter:data1\" content=\"Redazione\" \/>\n\t<meta name=\"twitter:label2\" content=\"Tempo di lettura stimato\" \/>\n\t<meta name=\"twitter:data2\" content=\"6 minuti\" \/>\n<script type=\"application\/ld+json\" class=\"yoast-schema-graph\">{\"@context\":\"https:\/\/schema.org\",\"@graph\":[{\"@type\":\"Article\",\"@id\":\"https:\/\/www.tunews24.it\/ilcorrieredellaprovincia\/2021\/02\/26\/giovanni-acampora-al-timone-delleconomia-del-mare-eletto-presidente-di-assonautica\/#article\",\"isPartOf\":{\"@id\":\"https:\/\/www.tunews24.it\/ilcorrieredellaprovincia\/2021\/02\/26\/giovanni-acampora-al-timone-delleconomia-del-mare-eletto-presidente-di-assonautica\/\"},\"author\":{\"name\":\"Redazione\",\"@id\":\"https:\/\/www.tunews24.it\/ilcorrieredellaprovincia\/#\/schema\/person\/6d7f0a9120d0c03d0c552e9fdf49ed7d\"},\"headline\":\"Giovanni Acampora al timone dell\u2019Economia del Mare: eletto presidente di Assonautica\",\"datePublished\":\"2021-02-26T16:00:47+00:00\",\"dateModified\":\"2021-02-26T16:00:49+00:00\",\"mainEntityOfPage\":{\"@id\":\"https:\/\/www.tunews24.it\/ilcorrieredellaprovincia\/2021\/02\/26\/giovanni-acampora-al-timone-delleconomia-del-mare-eletto-presidente-di-assonautica\/\"},\"wordCount\":1243,\"publisher\":{\"@id\":\"https:\/\/www.tunews24.it\/ilcorrieredellaprovincia\/#organization\"},\"image\":{\"@id\":\"https:\/\/www.tunews24.it\/ilcorrieredellaprovincia\/2021\/02\/26\/giovanni-acampora-al-timone-delleconomia-del-mare-eletto-presidente-di-assonautica\/#primaryimage\"},\"thumbnailUrl\":\"https:\/\/www.tunews24.it\/ilcorrieredellaprovincia\/wp-content\/uploads\/sites\/2\/2021\/02\/Acampora.jpg\",\"keywords\":[\"assonautica\",\"Camera di Commercio\",\"Frosinone\",\"giovanni acampora\",\"latina\"],\"articleSection\":[\"Economia e Finanza\"],\"inLanguage\":\"it-IT\"},{\"@type\":\"WebPage\",\"@id\":\"https:\/\/www.tunews24.it\/ilcorrieredellaprovincia\/2021\/02\/26\/giovanni-acampora-al-timone-delleconomia-del-mare-eletto-presidente-di-assonautica\/\",\"url\":\"https:\/\/www.tunews24.it\/ilcorrieredellaprovincia\/2021\/02\/26\/giovanni-acampora-al-timone-delleconomia-del-mare-eletto-presidente-di-assonautica\/\",\"name\":\"Giovanni Acampora al timone dell\u2019Economia del Mare: eletto presidente di Assonautica - IlCorriereDellaProvincia.it - News h24 e notizie di approfondimento\",\"isPartOf\":{\"@id\":\"https:\/\/www.tunews24.it\/ilcorrieredellaprovincia\/#website\"},\"primaryImageOfPage\":{\"@id\":\"https:\/\/www.tunews24.it\/ilcorrieredellaprovincia\/2021\/02\/26\/giovanni-acampora-al-timone-delleconomia-del-mare-eletto-presidente-di-assonautica\/#primaryimage\"},\"image\":{\"@id\":\"https:\/\/www.tunews24.it\/ilcorrieredellaprovincia\/2021\/02\/26\/giovanni-acampora-al-timone-delleconomia-del-mare-eletto-presidente-di-assonautica\/#primaryimage\"},\"thumbnailUrl\":\"https:\/\/www.tunews24.it\/ilcorrieredellaprovincia\/wp-content\/uploads\/sites\/2\/2021\/02\/Acampora.jpg\",\"datePublished\":\"2021-02-26T16:00:47+00:00\",\"dateModified\":\"2021-02-26T16:00:49+00:00\",\"breadcrumb\":{\"@id\":\"https:\/\/www.tunews24.it\/ilcorrieredellaprovincia\/2021\/02\/26\/giovanni-acampora-al-timone-delleconomia-del-mare-eletto-presidente-di-assonautica\/#breadcrumb\"},\"inLanguage\":\"it-IT\",\"potentialAction\":[{\"@type\":\"ReadAction\",\"target\":[\"https:\/\/www.tunews24.it\/ilcorrieredellaprovincia\/2021\/02\/26\/giovanni-acampora-al-timone-delleconomia-del-mare-eletto-presidente-di-assonautica\/\"]}]},{\"@type\":\"ImageObject\",\"inLanguage\":\"it-IT\",\"@id\":\"https:\/\/www.tunews24.it\/ilcorrieredellaprovincia\/2021\/02\/26\/giovanni-acampora-al-timone-delleconomia-del-mare-eletto-presidente-di-assonautica\/#primaryimage\",\"url\":\"https:\/\/www.tunews24.it\/ilcorrieredellaprovincia\/wp-content\/uploads\/sites\/2\/2021\/02\/Acampora.jpg\",\"contentUrl\":\"https:\/\/www.tunews24.it\/ilcorrieredellaprovincia\/wp-content\/uploads\/sites\/2\/2021\/02\/Acampora.jpg\",\"width\":757,\"height\":522},{\"@type\":\"BreadcrumbList\",\"@id\":\"https:\/\/www.tunews24.it\/ilcorrieredellaprovincia\/2021\/02\/26\/giovanni-acampora-al-timone-delleconomia-del-mare-eletto-presidente-di-assonautica\/#breadcrumb\",\"itemListElement\":[{\"@type\":\"ListItem\",\"position\":1,\"name\":\"Home\",\"item\":\"https:\/\/www.tunews24.it\/ilcorrieredellaprovincia\/\"},{\"@type\":\"ListItem\",\"position\":2,\"name\":\"Giovanni Acampora al timone dell\u2019Economia del Mare: eletto presidente di Assonautica\"}]},{\"@type\":\"WebSite\",\"@id\":\"https:\/\/www.tunews24.it\/ilcorrieredellaprovincia\/#website\",\"url\":\"https:\/\/www.tunews24.it\/ilcorrieredellaprovincia\/\",\"name\":\"Il Corriere Delle Provincia\",\"description\":\"IlCorriereDellaProvincia.it, quotidiano web di politica, cronaca, inchiesta, lavoro, scuola, turismo, cultura e spettacolo, economia e finanza, salute e benessere. Approfondimenti e notizie aggiornate con foto e video della provincia di Frosinone ma anche news nazionali, dell\u2019Italia e del Mondo.\",\"publisher\":{\"@id\":\"https:\/\/www.tunews24.it\/ilcorrieredellaprovincia\/#organization\"},\"potentialAction\":[{\"@type\":\"SearchAction\",\"target\":{\"@type\":\"EntryPoint\",\"urlTemplate\":\"https:\/\/www.tunews24.it\/ilcorrieredellaprovincia\/?s={search_term_string}\"},\"query-input\":{\"@type\":\"PropertyValueSpecification\",\"valueRequired\":true,\"valueName\":\"search_term_string\"}}],\"inLanguage\":\"it-IT\"},{\"@type\":\"Organization\",\"@id\":\"https:\/\/www.tunews24.it\/ilcorrieredellaprovincia\/#organization\",\"name\":\"Globalpress s.r.l.\",\"url\":\"https:\/\/www.tunews24.it\/ilcorrieredellaprovincia\/\",\"logo\":{\"@type\":\"ImageObject\",\"inLanguage\":\"it-IT\",\"@id\":\"https:\/\/www.tunews24.it\/ilcorrieredellaprovincia\/#\/schema\/logo\/image\/\",\"url\":\"https:\/\/www.tunews24.it\/ilcorrieredellaprovincia\/wp-content\/uploads\/sites\/2\/2022\/11\/cropped-il-corriere-della-provincia-testata-web-scontornata.png\",\"contentUrl\":\"https:\/\/www.tunews24.it\/ilcorrieredellaprovincia\/wp-content\/uploads\/sites\/2\/2022\/11\/cropped-il-corriere-della-provincia-testata-web-scontornata.png\",\"width\":2911,\"height\":717,\"caption\":\"Globalpress s.r.l.\"},\"image\":{\"@id\":\"https:\/\/www.tunews24.it\/ilcorrieredellaprovincia\/#\/schema\/logo\/image\/\"}},{\"@type\":\"Person\",\"@id\":\"https:\/\/www.tunews24.it\/ilcorrieredellaprovincia\/#\/schema\/person\/6d7f0a9120d0c03d0c552e9fdf49ed7d\",\"name\":\"Redazione\",\"image\":{\"@type\":\"ImageObject\",\"inLanguage\":\"it-IT\",\"@id\":\"https:\/\/www.tunews24.it\/ilcorrieredellaprovincia\/#\/schema\/person\/image\/\",\"url\":\"https:\/\/secure.gravatar.com\/avatar\/b20622a119cb3fa611b12e3ef009da26?s=96&d=mm&r=g\",\"contentUrl\":\"https:\/\/secure.gravatar.com\/avatar\/b20622a119cb3fa611b12e3ef009da26?s=96&d=mm&r=g\",\"caption\":\"Redazione\"},\"description\":\"SEGUICI ANCHE SUI SOCIAL Facebook: TuNews24 e TuSport24 Instagram: TuNews24 e TuSport24 Youtube: TuNews24 Telegram: TuNews24 Puoi leggerci anche in formato cartaceo: il settimanale viene pubblicato e distribuito gratuitamente ogni venerd\u00ec in edicole, bar, centri commerciali e svariati esercizi. Ma \u00e8 possibile anche sfogliarlo comodamente online, cliccando su TU NEWS sfogliabile TU NEWS, PASSIONE PER L\u2019INFORMAZIONE\",\"sameAs\":[\"http:\/\/www.tunews24.it\",\"www.facebook.com\/tunews24\"],\"url\":\"https:\/\/www.tunews24.it\/ilcorrieredellaprovincia\/author\/senzafirma\/\"}]}<\/script>\n<!-- \/ Yoast SEO plugin. -->","yoast_head_json":{"title":"Giovanni Acampora al timone dell\u2019Economia del Mare: eletto presidente di Assonautica - IlCorriereDellaProvincia.it - News h24 e notizie di approfondimento","robots":{"index":"index","follow":"follow","max-snippet":"max-snippet:-1","max-image-preview":"max-image-preview:large","max-video-preview":"max-video-preview:-1"},"canonical":"https:\/\/www.tunews24.it\/ilcorrieredellaprovincia\/2021\/02\/26\/giovanni-acampora-al-timone-delleconomia-del-mare-eletto-presidente-di-assonautica\/","og_locale":"it_IT","og_type":"article","og_title":"Giovanni Acampora al timone dell\u2019Economia del Mare: eletto presidente di Assonautica - IlCorriereDellaProvincia.it - News h24 e notizie di approfondimento","og_description":"Giovanni Acampora, Presidente della Camera di Commercio di Frosinone-Latina e vice Presidente Unioncamere Lazio, \u00e8 stato eletto a Roma presidente","og_url":"https:\/\/www.tunews24.it\/ilcorrieredellaprovincia\/2021\/02\/26\/giovanni-acampora-al-timone-delleconomia-del-mare-eletto-presidente-di-assonautica\/","og_site_name":"IlCorriereDellaProvincia.it - News h24 e notizie di approfondimento","article_author":"www.facebook.com\/tunews24","article_published_time":"2021-02-26T16:00:47+00:00","article_modified_time":"2021-02-26T16:00:49+00:00","og_image":[{"width":757,"height":522,"url":"https:\/\/www.tunews24.it\/ilcorrieredellaprovincia\/wp-content\/uploads\/sites\/2\/2021\/02\/Acampora.jpg","type":"image\/jpeg"}],"author":"Redazione","twitter_card":"summary_large_image","twitter_misc":{"Scritto da":"Redazione","Tempo di lettura stimato":"6 minuti"},"schema":{"@context":"https:\/\/schema.org","@graph":[{"@type":"Article","@id":"https:\/\/www.tunews24.it\/ilcorrieredellaprovincia\/2021\/02\/26\/giovanni-acampora-al-timone-delleconomia-del-mare-eletto-presidente-di-assonautica\/#article","isPartOf":{"@id":"https:\/\/www.tunews24.it\/ilcorrieredellaprovincia\/2021\/02\/26\/giovanni-acampora-al-timone-delleconomia-del-mare-eletto-presidente-di-assonautica\/"},"author":{"name":"Redazione","@id":"https:\/\/www.tunews24.it\/ilcorrieredellaprovincia\/#\/schema\/person\/6d7f0a9120d0c03d0c552e9fdf49ed7d"},"headline":"Giovanni Acampora al timone dell\u2019Economia del Mare: eletto presidente di Assonautica","datePublished":"2021-02-26T16:00:47+00:00","dateModified":"2021-02-26T16:00:49+00:00","mainEntityOfPage":{"@id":"https:\/\/www.tunews24.it\/ilcorrieredellaprovincia\/2021\/02\/26\/giovanni-acampora-al-timone-delleconomia-del-mare-eletto-presidente-di-assonautica\/"},"wordCount":1243,"publisher":{"@id":"https:\/\/www.tunews24.it\/ilcorrieredellaprovincia\/#organization"},"image":{"@id":"https:\/\/www.tunews24.it\/ilcorrieredellaprovincia\/2021\/02\/26\/giovanni-acampora-al-timone-delleconomia-del-mare-eletto-presidente-di-assonautica\/#primaryimage"},"thumbnailUrl":"https:\/\/www.tunews24.it\/ilcorrieredellaprovincia\/wp-content\/uploads\/sites\/2\/2021\/02\/Acampora.jpg","keywords":["assonautica","Camera di Commercio","Frosinone","giovanni acampora","latina"],"articleSection":["Economia e Finanza"],"inLanguage":"it-IT"},{"@type":"WebPage","@id":"https:\/\/www.tunews24.it\/ilcorrieredellaprovincia\/2021\/02\/26\/giovanni-acampora-al-timone-delleconomia-del-mare-eletto-presidente-di-assonautica\/","url":"https:\/\/www.tunews24.it\/ilcorrieredellaprovincia\/2021\/02\/26\/giovanni-acampora-al-timone-delleconomia-del-mare-eletto-presidente-di-assonautica\/","name":"Giovanni Acampora al timone dell\u2019Economia del Mare: eletto presidente di Assonautica - IlCorriereDellaProvincia.it - News h24 e notizie di approfondimento","isPartOf":{"@id":"https:\/\/www.tunews24.it\/ilcorrieredellaprovincia\/#website"},"primaryImageOfPage":{"@id":"https:\/\/www.tunews24.it\/ilcorrieredellaprovincia\/2021\/02\/26\/giovanni-acampora-al-timone-delleconomia-del-mare-eletto-presidente-di-assonautica\/#primaryimage"},"image":{"@id":"https:\/\/www.tunews24.it\/ilcorrieredellaprovincia\/2021\/02\/26\/giovanni-acampora-al-timone-delleconomia-del-mare-eletto-presidente-di-assonautica\/#primaryimage"},"thumbnailUrl":"https:\/\/www.tunews24.it\/ilcorrieredellaprovincia\/wp-content\/uploads\/sites\/2\/2021\/02\/Acampora.jpg","datePublished":"2021-02-26T16:00:47+00:00","dateModified":"2021-02-26T16:00:49+00:00","breadcrumb":{"@id":"https:\/\/www.tunews24.it\/ilcorrieredellaprovincia\/2021\/02\/26\/giovanni-acampora-al-timone-delleconomia-del-mare-eletto-presidente-di-assonautica\/#breadcrumb"},"inLanguage":"it-IT","potentialAction":[{"@type":"ReadAction","target":["https:\/\/www.tunews24.it\/ilcorrieredellaprovincia\/2021\/02\/26\/giovanni-acampora-al-timone-delleconomia-del-mare-eletto-presidente-di-assonautica\/"]}]},{"@type":"ImageObject","inLanguage":"it-IT","@id":"https:\/\/www.tunews24.it\/ilcorrieredellaprovincia\/2021\/02\/26\/giovanni-acampora-al-timone-delleconomia-del-mare-eletto-presidente-di-assonautica\/#primaryimage","url":"https:\/\/www.tunews24.it\/ilcorrieredellaprovincia\/wp-content\/uploads\/sites\/2\/2021\/02\/Acampora.jpg","contentUrl":"https:\/\/www.tunews24.it\/ilcorrieredellaprovincia\/wp-content\/uploads\/sites\/2\/2021\/02\/Acampora.jpg","width":757,"height":522},{"@type":"BreadcrumbList","@id":"https:\/\/www.tunews24.it\/ilcorrieredellaprovincia\/2021\/02\/26\/giovanni-acampora-al-timone-delleconomia-del-mare-eletto-presidente-di-assonautica\/#breadcrumb","itemListElement":[{"@type":"ListItem","position":1,"name":"Home","item":"https:\/\/www.tunews24.it\/ilcorrieredellaprovincia\/"},{"@type":"ListItem","position":2,"name":"Giovanni Acampora al timone dell\u2019Economia del Mare: eletto presidente di Assonautica"}]},{"@type":"WebSite","@id":"https:\/\/www.tunews24.it\/ilcorrieredellaprovincia\/#website","url":"https:\/\/www.tunews24.it\/ilcorrieredellaprovincia\/","name":"Il Corriere Delle Provincia","description":"IlCorriereDellaProvincia.it, quotidiano web di politica, cronaca, inchiesta, lavoro, scuola, turismo, cultura e spettacolo, economia e finanza, salute e benessere. Approfondimenti e notizie aggiornate con foto e video della provincia di Frosinone ma anche news nazionali, dell\u2019Italia e del Mondo.","publisher":{"@id":"https:\/\/www.tunews24.it\/ilcorrieredellaprovincia\/#organization"},"potentialAction":[{"@type":"SearchAction","target":{"@type":"EntryPoint","urlTemplate":"https:\/\/www.tunews24.it\/ilcorrieredellaprovincia\/?s={search_term_string}"},"query-input":{"@type":"PropertyValueSpecification","valueRequired":true,"valueName":"search_term_string"}}],"inLanguage":"it-IT"},{"@type":"Organization","@id":"https:\/\/www.tunews24.it\/ilcorrieredellaprovincia\/#organization","name":"Globalpress s.r.l.","url":"https:\/\/www.tunews24.it\/ilcorrieredellaprovincia\/","logo":{"@type":"ImageObject","inLanguage":"it-IT","@id":"https:\/\/www.tunews24.it\/ilcorrieredellaprovincia\/#\/schema\/logo\/image\/","url":"https:\/\/www.tunews24.it\/ilcorrieredellaprovincia\/wp-content\/uploads\/sites\/2\/2022\/11\/cropped-il-corriere-della-provincia-testata-web-scontornata.png","contentUrl":"https:\/\/www.tunews24.it\/ilcorrieredellaprovincia\/wp-content\/uploads\/sites\/2\/2022\/11\/cropped-il-corriere-della-provincia-testata-web-scontornata.png","width":2911,"height":717,"caption":"Globalpress s.r.l."},"image":{"@id":"https:\/\/www.tunews24.it\/ilcorrieredellaprovincia\/#\/schema\/logo\/image\/"}},{"@type":"Person","@id":"https:\/\/www.tunews24.it\/ilcorrieredellaprovincia\/#\/schema\/person\/6d7f0a9120d0c03d0c552e9fdf49ed7d","name":"Redazione","image":{"@type":"ImageObject","inLanguage":"it-IT","@id":"https:\/\/www.tunews24.it\/ilcorrieredellaprovincia\/#\/schema\/person\/image\/","url":"https:\/\/secure.gravatar.com\/avatar\/b20622a119cb3fa611b12e3ef009da26?s=96&d=mm&r=g","contentUrl":"https:\/\/secure.gravatar.com\/avatar\/b20622a119cb3fa611b12e3ef009da26?s=96&d=mm&r=g","caption":"Redazione"},"description":"SEGUICI ANCHE SUI SOCIAL Facebook: TuNews24 e TuSport24 Instagram: TuNews24 e TuSport24 Youtube: TuNews24 Telegram: TuNews24 Puoi leggerci anche in formato cartaceo: il settimanale viene pubblicato e distribuito gratuitamente ogni venerd\u00ec in edicole, bar, centri commerciali e svariati esercizi. Ma \u00e8 possibile anche sfogliarlo comodamente online, cliccando su TU NEWS sfogliabile TU NEWS, PASSIONE PER L\u2019INFORMAZIONE","sameAs":["http:\/\/www.tunews24.it","www.facebook.com\/tunews24"],"url":"https:\/\/www.tunews24.it\/ilcorrieredellaprovincia\/author\/senzafirma\/"}]}},"_links":{"self":[{"href":"https:\/\/www.tunews24.it\/ilcorrieredellaprovincia\/wp-json\/wp\/v2\/posts\/53790","targetHints":{"allow":["GET"]}}],"collection":[{"href":"https:\/\/www.tunews24.it\/ilcorrieredellaprovincia\/wp-json\/wp\/v2\/posts"}],"about":[{"href":"https:\/\/www.tunews24.it\/ilcorrieredellaprovincia\/wp-json\/wp\/v2\/types\/post"}],"author":[{"embeddable":true,"href":"https:\/\/www.tunews24.it\/ilcorrieredellaprovincia\/wp-json\/wp\/v2\/users\/18"}],"replies":[{"embeddable":true,"href":"https:\/\/www.tunews24.it\/ilcorrieredellaprovincia\/wp-json\/wp\/v2\/comments?post=53790"}],"version-history":[{"count":1,"href":"https:\/\/www.tunews24.it\/ilcorrieredellaprovincia\/wp-json\/wp\/v2\/posts\/53790\/revisions"}],"predecessor-version":[{"id":53792,"href":"https:\/\/www.tunews24.it\/ilcorrieredellaprovincia\/wp-json\/wp\/v2\/posts\/53790\/revisions\/53792"}],"wp:featuredmedia":[{"embeddable":true,"href":"https:\/\/www.tunews24.it\/ilcorrieredellaprovincia\/wp-json\/wp\/v2\/media\/53791"}],"wp:attachment":[{"href":"https:\/\/www.tunews24.it\/ilcorrieredellaprovincia\/wp-json\/wp\/v2\/media?parent=53790"}],"wp:term":[{"taxonomy":"category","embeddable":true,"href":"https:\/\/www.tunews24.it\/ilcorrieredellaprovincia\/wp-json\/wp\/v2\/categories?post=53790"},{"taxonomy":"post_tag","embeddable":true,"href":"https:\/\/www.tunews24.it\/ilcorrieredellaprovincia\/wp-json\/wp\/v2\/tags?post=53790"}],"curies":[{"name":"wp","href":"https:\/\/api.w.org\/{rel}","templated":true}]}}