{"id":5131,"date":"2019-01-19T13:04:46","date_gmt":"2019-01-19T12:04:46","guid":{"rendered":"https:\/\/www.tunews24.it\/ilcorrieredellaprovincia\/?p=5131"},"modified":"2019-01-19T13:04:46","modified_gmt":"2019-01-19T12:04:46","slug":"sanita-il-primato-peggiore-al-lazio-quadrini-contro-i-tagli","status":"publish","type":"post","link":"https:\/\/www.tunews24.it\/ilcorrieredellaprovincia\/2019\/01\/19\/sanita-il-primato-peggiore-al-lazio-quadrini-contro-i-tagli\/","title":{"rendered":"Sanit\u00e0, il primato peggiore? Al Lazio. Quadrini contro i tagli"},"content":{"rendered":"<p><strong>Dopo 8 anni di cure dimagranti<\/strong>, l\u2019organico del sistema sanitario laziale si \u00e8 rinsecchito: ha perduto 16 ospedali, il 14% del personale e 3.600 posti letto finendo sotto la media nazionale dei 3 letti ogni mille residenti.Le Regioni che registrano i tempi di attesa maggiori per i codici gialli risultano le Marche (42,9 minuti) e il Lazio (28,5 minuti)\u00bb, quantifica il \u00abRapporto Oasi 2018\u00bb, curato dal Centro di Ricerche sulla Gestione dell\u2019Assistenza Sanitaria e Sociale dell\u2019Universit\u00e0 Bocconi.<\/p>\n<p>\u201cQuesto rappresenta il fallimento di un comparto vitale e la paralisi nelle prestazioni offerte ai cittadini della nostra Regione. <strong>\u2013dichiara il consigliere provinciale e presidente della XV Comunit\u00e0 Montana Gianluca Quadrini<\/strong>&#8211; I pronto soccorso intasati, la carenza di personale e mezzi, i reparti chiusi e le strutture fatiscenti sono il quadro dei nosocomi della capitale e della provincia di Frosinone che a dispetto degli annunci trionfalistici di Zingaretti sono al collasso. Dove sono le promesse del presidente della Regione? \u00a0La verit\u00e0 \u00e8 che dopo sei anni di governo Zingaretti il Lazio \u00e8 diventata una regione peggiore \u00a0Non \u00a0uscir\u00e0 neppure dal commissariamento della Sanit\u00e0. L\u2019annunciato \u00abrientro nella gestione ordinaria entro il 31 dicembre 2018\u00bb deliberato dal governo Gentiloni il \u00a0primo dicembre 2017, per ora non \u00e8 in agenda. Questo \u00e8 grave\u201d.<\/p>\n<p><img loading=\"lazy\" decoding=\"async\" class=\"size-full wp-image-4640 aligncenter\" src=\"https:\/\/www.tunews24.it\/ilcorrieredellaprovincia\/wp-content\/uploads\/sites\/2\/2019\/01\/FROSINONE_ASL_INSEGNA-620x350.jpg\" alt=\"\" width=\"620\" height=\"350\" srcset=\"https:\/\/www.tunews24.it\/ilcorrieredellaprovincia\/wp-content\/uploads\/sites\/2\/2019\/01\/FROSINONE_ASL_INSEGNA-620x350.jpg 620w, https:\/\/www.tunews24.it\/ilcorrieredellaprovincia\/wp-content\/uploads\/sites\/2\/2019\/01\/FROSINONE_ASL_INSEGNA-620x350-300x169.jpg 300w, https:\/\/www.tunews24.it\/ilcorrieredellaprovincia\/wp-content\/uploads\/sites\/2\/2019\/01\/FROSINONE_ASL_INSEGNA-620x350-500x282.jpg 500w\" sizes=\"auto, (max-width: 620px) 100vw, 620px\" \/><\/p>\n<h2>Liste d&#8217;attesa infinite<\/h2>\n<p>Le liste di attesa per le principali prestazioni sanitarie sono state sempre un problema per i cittadini laziali, che pero\u0300 facevano molta meno fila prima che al comando della Regione arrivasse proprio Zingaretti. Perche\u0301 da quel momento la situazione invece di migliorare e\u0300 progressivamente precipitata, e i <strong>tempi di attesa medi<\/strong> sono nel 50% dei casi <strong>raddoppiati o triplicat<\/strong>i, nel 90% dei casi.\u00a0\u201cIl decantato piano di rientro del presidente Zingaretti, che a mio avviso \u00e8 solo un piano di impoverimento, si \u00e8 rivelato un flop perch\u00e9 non ha fatto altro che tagliare i servizi, tant\u2019\u00e8 che spesso per curarsi i cittadini sono costretti ad andare fuori regione.<\/p>\n<h2>Personale aggredito<\/h2>\n<p>&#8220;In Ciociaria negli ultimi tempi sono<strong> aumentate le aggressioni verbali e fisiche nei confronti di medici e infermieri<\/strong> come successo allo Spaziani che, complice la cronica carenza di organico, sono sottoposti a turni massacranti.\u00a0Proprio nel capoluogo il personale sanitario si trova ad operare in condizioni di estrema difficolt\u00e0 tanto da doversi districare tra le barelle col rischio concreto di aumentare la percentuale di errore umano. Senza tralasciare il pronto soccorso del Santa Scolastica di Cassino che da tre giorni non riesce a smaltire l\u2019affluenza dei pazienti a causa della carenza di posti letto e di personale medico oppure le difficolt\u00e0 del SS Trinit\u00e0 con i tagli dei reparti.\u00a0\u00c8 semplicemente assurdo che un territorio vasto come quello della nostra provincia con circa 3.500 km quadri, con 91 comuni e mezzo milione di abitanti, di cui la met\u00e0 in area montana, abbia solo quattro presidi ospedalieri. <strong>Occorre che la politica faccia un salto di qualit\u00e0<\/strong> e torni a parlare dei problemi del territorio che sono tanti e improcastinabili, in primis quello della salute, che merita pi\u00f9 di tutti attenzione per il rispetto dei cittadini\u201d.<\/p>\n","protected":false},"excerpt":{"rendered":"<p>Dopo 8 anni di cure dimagranti, l\u2019organico del sistema sanitario laziale si \u00e8 rinsecchito: ha perduto 16 ospedali, il 14%<\/p>\n","protected":false},"author":18,"featured_media":3468,"comment_status":"open","ping_status":"open","sticky":false,"template":"","format":"standard","meta":{"footnotes":""},"categories":[28],"tags":[370,562,107],"class_list":["post-5131","post","type-post","status-publish","format-standard","has-post-thumbnail","hentry","category-politica","tag-quadrini","tag-regione-lazio","tag-sanita"],"yoast_head":"<!-- This site is optimized with the Yoast SEO plugin v23.9 - https:\/\/yoast.com\/wordpress\/plugins\/seo\/ -->\n<title>Sanit\u00e0, il primato peggiore? Al Lazio. Quadrini contro i tagli - IlCorriereDellaProvincia.it - News h24 e notizie di approfondimento<\/title>\n<meta name=\"robots\" content=\"index, follow, max-snippet:-1, max-image-preview:large, max-video-preview:-1\" \/>\n<link rel=\"canonical\" href=\"https:\/\/www.tunews24.it\/ilcorrieredellaprovincia\/2019\/01\/19\/sanita-il-primato-peggiore-al-lazio-quadrini-contro-i-tagli\/\" \/>\n<meta property=\"og:locale\" content=\"it_IT\" \/>\n<meta property=\"og:type\" content=\"article\" \/>\n<meta property=\"og:title\" content=\"Sanit\u00e0, il primato peggiore? Al Lazio. Quadrini contro i tagli - IlCorriereDellaProvincia.it - News h24 e notizie di approfondimento\" \/>\n<meta property=\"og:description\" content=\"Dopo 8 anni di cure dimagranti, l\u2019organico del sistema sanitario laziale si \u00e8 rinsecchito: ha perduto 16 ospedali, il 14%\" \/>\n<meta property=\"og:url\" content=\"https:\/\/www.tunews24.it\/ilcorrieredellaprovincia\/2019\/01\/19\/sanita-il-primato-peggiore-al-lazio-quadrini-contro-i-tagli\/\" \/>\n<meta property=\"og:site_name\" content=\"IlCorriereDellaProvincia.it - News h24 e notizie di approfondimento\" \/>\n<meta property=\"article:author\" content=\"www.facebook.com\/tunews24\" \/>\n<meta property=\"article:published_time\" content=\"2019-01-19T12:04:46+00:00\" \/>\n<meta property=\"og:image\" content=\"https:\/\/www.tunews24.it\/ilcorrieredellaprovincia\/wp-content\/uploads\/sites\/2\/2018\/12\/quadrini-gianluca-1.jpg\" \/>\n\t<meta property=\"og:image:width\" content=\"680\" \/>\n\t<meta property=\"og:image:height\" content=\"365\" \/>\n\t<meta property=\"og:image:type\" content=\"image\/jpeg\" \/>\n<meta name=\"author\" content=\"Redazione\" \/>\n<meta name=\"twitter:card\" content=\"summary_large_image\" \/>\n<meta name=\"twitter:label1\" content=\"Scritto da\" \/>\n\t<meta name=\"twitter:data1\" content=\"Redazione\" \/>\n\t<meta name=\"twitter:label2\" content=\"Tempo di lettura stimato\" \/>\n\t<meta name=\"twitter:data2\" content=\"2 minuti\" \/>\n<script type=\"application\/ld+json\" class=\"yoast-schema-graph\">{\"@context\":\"https:\/\/schema.org\",\"@graph\":[{\"@type\":\"Article\",\"@id\":\"https:\/\/www.tunews24.it\/ilcorrieredellaprovincia\/2019\/01\/19\/sanita-il-primato-peggiore-al-lazio-quadrini-contro-i-tagli\/#article\",\"isPartOf\":{\"@id\":\"https:\/\/www.tunews24.it\/ilcorrieredellaprovincia\/2019\/01\/19\/sanita-il-primato-peggiore-al-lazio-quadrini-contro-i-tagli\/\"},\"author\":{\"name\":\"Redazione\",\"@id\":\"https:\/\/www.tunews24.it\/ilcorrieredellaprovincia\/#\/schema\/person\/6d7f0a9120d0c03d0c552e9fdf49ed7d\"},\"headline\":\"Sanit\u00e0, il primato peggiore? Al Lazio. Quadrini contro i tagli\",\"datePublished\":\"2019-01-19T12:04:46+00:00\",\"dateModified\":\"2019-01-19T12:04:46+00:00\",\"mainEntityOfPage\":{\"@id\":\"https:\/\/www.tunews24.it\/ilcorrieredellaprovincia\/2019\/01\/19\/sanita-il-primato-peggiore-al-lazio-quadrini-contro-i-tagli\/\"},\"wordCount\":498,\"commentCount\":0,\"publisher\":{\"@id\":\"https:\/\/www.tunews24.it\/ilcorrieredellaprovincia\/#organization\"},\"image\":{\"@id\":\"https:\/\/www.tunews24.it\/ilcorrieredellaprovincia\/2019\/01\/19\/sanita-il-primato-peggiore-al-lazio-quadrini-contro-i-tagli\/#primaryimage\"},\"thumbnailUrl\":\"https:\/\/www.tunews24.it\/ilcorrieredellaprovincia\/wp-content\/uploads\/sites\/2\/2018\/12\/quadrini-gianluca-1.jpg\",\"keywords\":[\"Quadrini\",\"regione lazio\",\"Sanit\u00e0\"],\"articleSection\":[\"Evidenza\"],\"inLanguage\":\"it-IT\",\"potentialAction\":[{\"@type\":\"CommentAction\",\"name\":\"Comment\",\"target\":[\"https:\/\/www.tunews24.it\/ilcorrieredellaprovincia\/2019\/01\/19\/sanita-il-primato-peggiore-al-lazio-quadrini-contro-i-tagli\/#respond\"]}]},{\"@type\":\"WebPage\",\"@id\":\"https:\/\/www.tunews24.it\/ilcorrieredellaprovincia\/2019\/01\/19\/sanita-il-primato-peggiore-al-lazio-quadrini-contro-i-tagli\/\",\"url\":\"https:\/\/www.tunews24.it\/ilcorrieredellaprovincia\/2019\/01\/19\/sanita-il-primato-peggiore-al-lazio-quadrini-contro-i-tagli\/\",\"name\":\"Sanit\u00e0, il primato peggiore? Al Lazio. Quadrini contro i tagli - IlCorriereDellaProvincia.it - News h24 e notizie di approfondimento\",\"isPartOf\":{\"@id\":\"https:\/\/www.tunews24.it\/ilcorrieredellaprovincia\/#website\"},\"primaryImageOfPage\":{\"@id\":\"https:\/\/www.tunews24.it\/ilcorrieredellaprovincia\/2019\/01\/19\/sanita-il-primato-peggiore-al-lazio-quadrini-contro-i-tagli\/#primaryimage\"},\"image\":{\"@id\":\"https:\/\/www.tunews24.it\/ilcorrieredellaprovincia\/2019\/01\/19\/sanita-il-primato-peggiore-al-lazio-quadrini-contro-i-tagli\/#primaryimage\"},\"thumbnailUrl\":\"https:\/\/www.tunews24.it\/ilcorrieredellaprovincia\/wp-content\/uploads\/sites\/2\/2018\/12\/quadrini-gianluca-1.jpg\",\"datePublished\":\"2019-01-19T12:04:46+00:00\",\"dateModified\":\"2019-01-19T12:04:46+00:00\",\"breadcrumb\":{\"@id\":\"https:\/\/www.tunews24.it\/ilcorrieredellaprovincia\/2019\/01\/19\/sanita-il-primato-peggiore-al-lazio-quadrini-contro-i-tagli\/#breadcrumb\"},\"inLanguage\":\"it-IT\",\"potentialAction\":[{\"@type\":\"ReadAction\",\"target\":[\"https:\/\/www.tunews24.it\/ilcorrieredellaprovincia\/2019\/01\/19\/sanita-il-primato-peggiore-al-lazio-quadrini-contro-i-tagli\/\"]}]},{\"@type\":\"ImageObject\",\"inLanguage\":\"it-IT\",\"@id\":\"https:\/\/www.tunews24.it\/ilcorrieredellaprovincia\/2019\/01\/19\/sanita-il-primato-peggiore-al-lazio-quadrini-contro-i-tagli\/#primaryimage\",\"url\":\"https:\/\/www.tunews24.it\/ilcorrieredellaprovincia\/wp-content\/uploads\/sites\/2\/2018\/12\/quadrini-gianluca-1.jpg\",\"contentUrl\":\"https:\/\/www.tunews24.it\/ilcorrieredellaprovincia\/wp-content\/uploads\/sites\/2\/2018\/12\/quadrini-gianluca-1.jpg\",\"width\":680,\"height\":365,\"caption\":\"quadrini asl frosinone il corriere della provincia ciociaria\"},{\"@type\":\"BreadcrumbList\",\"@id\":\"https:\/\/www.tunews24.it\/ilcorrieredellaprovincia\/2019\/01\/19\/sanita-il-primato-peggiore-al-lazio-quadrini-contro-i-tagli\/#breadcrumb\",\"itemListElement\":[{\"@type\":\"ListItem\",\"position\":1,\"name\":\"Home\",\"item\":\"https:\/\/www.tunews24.it\/ilcorrieredellaprovincia\/\"},{\"@type\":\"ListItem\",\"position\":2,\"name\":\"Sanit\u00e0, il primato peggiore? Al Lazio. Quadrini contro i tagli\"}]},{\"@type\":\"WebSite\",\"@id\":\"https:\/\/www.tunews24.it\/ilcorrieredellaprovincia\/#website\",\"url\":\"https:\/\/www.tunews24.it\/ilcorrieredellaprovincia\/\",\"name\":\"Il Corriere Delle Provincia\",\"description\":\"IlCorriereDellaProvincia.it, quotidiano web di politica, cronaca, inchiesta, lavoro, scuola, turismo, cultura e spettacolo, economia e finanza, salute e benessere. Approfondimenti e notizie aggiornate con foto e video della provincia di Frosinone ma anche news nazionali, dell\u2019Italia e del Mondo.\",\"publisher\":{\"@id\":\"https:\/\/www.tunews24.it\/ilcorrieredellaprovincia\/#organization\"},\"potentialAction\":[{\"@type\":\"SearchAction\",\"target\":{\"@type\":\"EntryPoint\",\"urlTemplate\":\"https:\/\/www.tunews24.it\/ilcorrieredellaprovincia\/?s={search_term_string}\"},\"query-input\":{\"@type\":\"PropertyValueSpecification\",\"valueRequired\":true,\"valueName\":\"search_term_string\"}}],\"inLanguage\":\"it-IT\"},{\"@type\":\"Organization\",\"@id\":\"https:\/\/www.tunews24.it\/ilcorrieredellaprovincia\/#organization\",\"name\":\"Globalpress s.r.l.\",\"url\":\"https:\/\/www.tunews24.it\/ilcorrieredellaprovincia\/\",\"logo\":{\"@type\":\"ImageObject\",\"inLanguage\":\"it-IT\",\"@id\":\"https:\/\/www.tunews24.it\/ilcorrieredellaprovincia\/#\/schema\/logo\/image\/\",\"url\":\"https:\/\/www.tunews24.it\/ilcorrieredellaprovincia\/wp-content\/uploads\/sites\/2\/2022\/11\/cropped-il-corriere-della-provincia-testata-web-scontornata.png\",\"contentUrl\":\"https:\/\/www.tunews24.it\/ilcorrieredellaprovincia\/wp-content\/uploads\/sites\/2\/2022\/11\/cropped-il-corriere-della-provincia-testata-web-scontornata.png\",\"width\":2911,\"height\":717,\"caption\":\"Globalpress s.r.l.\"},\"image\":{\"@id\":\"https:\/\/www.tunews24.it\/ilcorrieredellaprovincia\/#\/schema\/logo\/image\/\"}},{\"@type\":\"Person\",\"@id\":\"https:\/\/www.tunews24.it\/ilcorrieredellaprovincia\/#\/schema\/person\/6d7f0a9120d0c03d0c552e9fdf49ed7d\",\"name\":\"Redazione\",\"image\":{\"@type\":\"ImageObject\",\"inLanguage\":\"it-IT\",\"@id\":\"https:\/\/www.tunews24.it\/ilcorrieredellaprovincia\/#\/schema\/person\/image\/\",\"url\":\"https:\/\/secure.gravatar.com\/avatar\/b20622a119cb3fa611b12e3ef009da26?s=96&d=mm&r=g\",\"contentUrl\":\"https:\/\/secure.gravatar.com\/avatar\/b20622a119cb3fa611b12e3ef009da26?s=96&d=mm&r=g\",\"caption\":\"Redazione\"},\"description\":\"SEGUICI ANCHE SUI SOCIAL Facebook: TuNews24 e TuSport24 Instagram: TuNews24 e TuSport24 Youtube: TuNews24 Telegram: TuNews24 Puoi leggerci anche in formato cartaceo: il settimanale viene pubblicato e distribuito gratuitamente ogni venerd\u00ec in edicole, bar, centri commerciali e svariati esercizi. Ma \u00e8 possibile anche sfogliarlo comodamente online, cliccando su TU NEWS sfogliabile TU NEWS, PASSIONE PER L\u2019INFORMAZIONE\",\"sameAs\":[\"http:\/\/www.tunews24.it\",\"www.facebook.com\/tunews24\"],\"url\":\"https:\/\/www.tunews24.it\/ilcorrieredellaprovincia\/author\/senzafirma\/\"}]}<\/script>\n<!-- \/ Yoast SEO plugin. -->","yoast_head_json":{"title":"Sanit\u00e0, il primato peggiore? Al Lazio. Quadrini contro i tagli - IlCorriereDellaProvincia.it - News h24 e notizie di approfondimento","robots":{"index":"index","follow":"follow","max-snippet":"max-snippet:-1","max-image-preview":"max-image-preview:large","max-video-preview":"max-video-preview:-1"},"canonical":"https:\/\/www.tunews24.it\/ilcorrieredellaprovincia\/2019\/01\/19\/sanita-il-primato-peggiore-al-lazio-quadrini-contro-i-tagli\/","og_locale":"it_IT","og_type":"article","og_title":"Sanit\u00e0, il primato peggiore? Al Lazio. Quadrini contro i tagli - IlCorriereDellaProvincia.it - News h24 e notizie di approfondimento","og_description":"Dopo 8 anni di cure dimagranti, l\u2019organico del sistema sanitario laziale si \u00e8 rinsecchito: ha perduto 16 ospedali, il 14%","og_url":"https:\/\/www.tunews24.it\/ilcorrieredellaprovincia\/2019\/01\/19\/sanita-il-primato-peggiore-al-lazio-quadrini-contro-i-tagli\/","og_site_name":"IlCorriereDellaProvincia.it - News h24 e notizie di approfondimento","article_author":"www.facebook.com\/tunews24","article_published_time":"2019-01-19T12:04:46+00:00","og_image":[{"width":680,"height":365,"url":"https:\/\/www.tunews24.it\/ilcorrieredellaprovincia\/wp-content\/uploads\/sites\/2\/2018\/12\/quadrini-gianluca-1.jpg","type":"image\/jpeg"}],"author":"Redazione","twitter_card":"summary_large_image","twitter_misc":{"Scritto da":"Redazione","Tempo di lettura stimato":"2 minuti"},"schema":{"@context":"https:\/\/schema.org","@graph":[{"@type":"Article","@id":"https:\/\/www.tunews24.it\/ilcorrieredellaprovincia\/2019\/01\/19\/sanita-il-primato-peggiore-al-lazio-quadrini-contro-i-tagli\/#article","isPartOf":{"@id":"https:\/\/www.tunews24.it\/ilcorrieredellaprovincia\/2019\/01\/19\/sanita-il-primato-peggiore-al-lazio-quadrini-contro-i-tagli\/"},"author":{"name":"Redazione","@id":"https:\/\/www.tunews24.it\/ilcorrieredellaprovincia\/#\/schema\/person\/6d7f0a9120d0c03d0c552e9fdf49ed7d"},"headline":"Sanit\u00e0, il primato peggiore? Al Lazio. Quadrini contro i tagli","datePublished":"2019-01-19T12:04:46+00:00","dateModified":"2019-01-19T12:04:46+00:00","mainEntityOfPage":{"@id":"https:\/\/www.tunews24.it\/ilcorrieredellaprovincia\/2019\/01\/19\/sanita-il-primato-peggiore-al-lazio-quadrini-contro-i-tagli\/"},"wordCount":498,"commentCount":0,"publisher":{"@id":"https:\/\/www.tunews24.it\/ilcorrieredellaprovincia\/#organization"},"image":{"@id":"https:\/\/www.tunews24.it\/ilcorrieredellaprovincia\/2019\/01\/19\/sanita-il-primato-peggiore-al-lazio-quadrini-contro-i-tagli\/#primaryimage"},"thumbnailUrl":"https:\/\/www.tunews24.it\/ilcorrieredellaprovincia\/wp-content\/uploads\/sites\/2\/2018\/12\/quadrini-gianluca-1.jpg","keywords":["Quadrini","regione lazio","Sanit\u00e0"],"articleSection":["Evidenza"],"inLanguage":"it-IT","potentialAction":[{"@type":"CommentAction","name":"Comment","target":["https:\/\/www.tunews24.it\/ilcorrieredellaprovincia\/2019\/01\/19\/sanita-il-primato-peggiore-al-lazio-quadrini-contro-i-tagli\/#respond"]}]},{"@type":"WebPage","@id":"https:\/\/www.tunews24.it\/ilcorrieredellaprovincia\/2019\/01\/19\/sanita-il-primato-peggiore-al-lazio-quadrini-contro-i-tagli\/","url":"https:\/\/www.tunews24.it\/ilcorrieredellaprovincia\/2019\/01\/19\/sanita-il-primato-peggiore-al-lazio-quadrini-contro-i-tagli\/","name":"Sanit\u00e0, il primato peggiore? Al Lazio. Quadrini contro i tagli - IlCorriereDellaProvincia.it - News h24 e notizie di approfondimento","isPartOf":{"@id":"https:\/\/www.tunews24.it\/ilcorrieredellaprovincia\/#website"},"primaryImageOfPage":{"@id":"https:\/\/www.tunews24.it\/ilcorrieredellaprovincia\/2019\/01\/19\/sanita-il-primato-peggiore-al-lazio-quadrini-contro-i-tagli\/#primaryimage"},"image":{"@id":"https:\/\/www.tunews24.it\/ilcorrieredellaprovincia\/2019\/01\/19\/sanita-il-primato-peggiore-al-lazio-quadrini-contro-i-tagli\/#primaryimage"},"thumbnailUrl":"https:\/\/www.tunews24.it\/ilcorrieredellaprovincia\/wp-content\/uploads\/sites\/2\/2018\/12\/quadrini-gianluca-1.jpg","datePublished":"2019-01-19T12:04:46+00:00","dateModified":"2019-01-19T12:04:46+00:00","breadcrumb":{"@id":"https:\/\/www.tunews24.it\/ilcorrieredellaprovincia\/2019\/01\/19\/sanita-il-primato-peggiore-al-lazio-quadrini-contro-i-tagli\/#breadcrumb"},"inLanguage":"it-IT","potentialAction":[{"@type":"ReadAction","target":["https:\/\/www.tunews24.it\/ilcorrieredellaprovincia\/2019\/01\/19\/sanita-il-primato-peggiore-al-lazio-quadrini-contro-i-tagli\/"]}]},{"@type":"ImageObject","inLanguage":"it-IT","@id":"https:\/\/www.tunews24.it\/ilcorrieredellaprovincia\/2019\/01\/19\/sanita-il-primato-peggiore-al-lazio-quadrini-contro-i-tagli\/#primaryimage","url":"https:\/\/www.tunews24.it\/ilcorrieredellaprovincia\/wp-content\/uploads\/sites\/2\/2018\/12\/quadrini-gianluca-1.jpg","contentUrl":"https:\/\/www.tunews24.it\/ilcorrieredellaprovincia\/wp-content\/uploads\/sites\/2\/2018\/12\/quadrini-gianluca-1.jpg","width":680,"height":365,"caption":"quadrini asl frosinone il corriere della provincia ciociaria"},{"@type":"BreadcrumbList","@id":"https:\/\/www.tunews24.it\/ilcorrieredellaprovincia\/2019\/01\/19\/sanita-il-primato-peggiore-al-lazio-quadrini-contro-i-tagli\/#breadcrumb","itemListElement":[{"@type":"ListItem","position":1,"name":"Home","item":"https:\/\/www.tunews24.it\/ilcorrieredellaprovincia\/"},{"@type":"ListItem","position":2,"name":"Sanit\u00e0, il primato peggiore? Al Lazio. Quadrini contro i tagli"}]},{"@type":"WebSite","@id":"https:\/\/www.tunews24.it\/ilcorrieredellaprovincia\/#website","url":"https:\/\/www.tunews24.it\/ilcorrieredellaprovincia\/","name":"Il Corriere Delle Provincia","description":"IlCorriereDellaProvincia.it, quotidiano web di politica, cronaca, inchiesta, lavoro, scuola, turismo, cultura e spettacolo, economia e finanza, salute e benessere. Approfondimenti e notizie aggiornate con foto e video della provincia di Frosinone ma anche news nazionali, dell\u2019Italia e del Mondo.","publisher":{"@id":"https:\/\/www.tunews24.it\/ilcorrieredellaprovincia\/#organization"},"potentialAction":[{"@type":"SearchAction","target":{"@type":"EntryPoint","urlTemplate":"https:\/\/www.tunews24.it\/ilcorrieredellaprovincia\/?s={search_term_string}"},"query-input":{"@type":"PropertyValueSpecification","valueRequired":true,"valueName":"search_term_string"}}],"inLanguage":"it-IT"},{"@type":"Organization","@id":"https:\/\/www.tunews24.it\/ilcorrieredellaprovincia\/#organization","name":"Globalpress s.r.l.","url":"https:\/\/www.tunews24.it\/ilcorrieredellaprovincia\/","logo":{"@type":"ImageObject","inLanguage":"it-IT","@id":"https:\/\/www.tunews24.it\/ilcorrieredellaprovincia\/#\/schema\/logo\/image\/","url":"https:\/\/www.tunews24.it\/ilcorrieredellaprovincia\/wp-content\/uploads\/sites\/2\/2022\/11\/cropped-il-corriere-della-provincia-testata-web-scontornata.png","contentUrl":"https:\/\/www.tunews24.it\/ilcorrieredellaprovincia\/wp-content\/uploads\/sites\/2\/2022\/11\/cropped-il-corriere-della-provincia-testata-web-scontornata.png","width":2911,"height":717,"caption":"Globalpress s.r.l."},"image":{"@id":"https:\/\/www.tunews24.it\/ilcorrieredellaprovincia\/#\/schema\/logo\/image\/"}},{"@type":"Person","@id":"https:\/\/www.tunews24.it\/ilcorrieredellaprovincia\/#\/schema\/person\/6d7f0a9120d0c03d0c552e9fdf49ed7d","name":"Redazione","image":{"@type":"ImageObject","inLanguage":"it-IT","@id":"https:\/\/www.tunews24.it\/ilcorrieredellaprovincia\/#\/schema\/person\/image\/","url":"https:\/\/secure.gravatar.com\/avatar\/b20622a119cb3fa611b12e3ef009da26?s=96&d=mm&r=g","contentUrl":"https:\/\/secure.gravatar.com\/avatar\/b20622a119cb3fa611b12e3ef009da26?s=96&d=mm&r=g","caption":"Redazione"},"description":"SEGUICI ANCHE SUI SOCIAL Facebook: TuNews24 e TuSport24 Instagram: TuNews24 e TuSport24 Youtube: TuNews24 Telegram: TuNews24 Puoi leggerci anche in formato cartaceo: il settimanale viene pubblicato e distribuito gratuitamente ogni venerd\u00ec in edicole, bar, centri commerciali e svariati esercizi. Ma \u00e8 possibile anche sfogliarlo comodamente online, cliccando su TU NEWS sfogliabile TU NEWS, PASSIONE PER L\u2019INFORMAZIONE","sameAs":["http:\/\/www.tunews24.it","www.facebook.com\/tunews24"],"url":"https:\/\/www.tunews24.it\/ilcorrieredellaprovincia\/author\/senzafirma\/"}]}},"_links":{"self":[{"href":"https:\/\/www.tunews24.it\/ilcorrieredellaprovincia\/wp-json\/wp\/v2\/posts\/5131","targetHints":{"allow":["GET"]}}],"collection":[{"href":"https:\/\/www.tunews24.it\/ilcorrieredellaprovincia\/wp-json\/wp\/v2\/posts"}],"about":[{"href":"https:\/\/www.tunews24.it\/ilcorrieredellaprovincia\/wp-json\/wp\/v2\/types\/post"}],"author":[{"embeddable":true,"href":"https:\/\/www.tunews24.it\/ilcorrieredellaprovincia\/wp-json\/wp\/v2\/users\/18"}],"replies":[{"embeddable":true,"href":"https:\/\/www.tunews24.it\/ilcorrieredellaprovincia\/wp-json\/wp\/v2\/comments?post=5131"}],"version-history":[{"count":1,"href":"https:\/\/www.tunews24.it\/ilcorrieredellaprovincia\/wp-json\/wp\/v2\/posts\/5131\/revisions"}],"predecessor-version":[{"id":5132,"href":"https:\/\/www.tunews24.it\/ilcorrieredellaprovincia\/wp-json\/wp\/v2\/posts\/5131\/revisions\/5132"}],"wp:featuredmedia":[{"embeddable":true,"href":"https:\/\/www.tunews24.it\/ilcorrieredellaprovincia\/wp-json\/wp\/v2\/media\/3468"}],"wp:attachment":[{"href":"https:\/\/www.tunews24.it\/ilcorrieredellaprovincia\/wp-json\/wp\/v2\/media?parent=5131"}],"wp:term":[{"taxonomy":"category","embeddable":true,"href":"https:\/\/www.tunews24.it\/ilcorrieredellaprovincia\/wp-json\/wp\/v2\/categories?post=5131"},{"taxonomy":"post_tag","embeddable":true,"href":"https:\/\/www.tunews24.it\/ilcorrieredellaprovincia\/wp-json\/wp\/v2\/tags?post=5131"}],"curies":[{"name":"wp","href":"https:\/\/api.w.org\/{rel}","templated":true}]}}