{"id":51154,"date":"2021-01-05T12:50:19","date_gmt":"2021-01-05T11:50:19","guid":{"rendered":"https:\/\/www.tunews24.it\/ilcorrieredellaprovincia\/?p=51154"},"modified":"2021-01-05T12:54:46","modified_gmt":"2021-01-05T11:54:46","slug":"provincia-dal-palazzo-ducale-di-atina-il-gran-gala-dellepifania","status":"publish","type":"post","link":"https:\/\/www.tunews24.it\/ilcorrieredellaprovincia\/2021\/01\/05\/provincia-dal-palazzo-ducale-di-atina-il-gran-gala-dellepifania\/","title":{"rendered":"Provincia: dal Palazzo Ducale di Atina il Gran Gal\u00e0 dell\u2019Epifania"},"content":{"rendered":"\n<p>Dopo lo straordinario successo dei concerti di Natale e Capodanno, l\u2019Amministrazione Provinciale di Frosinone, sar\u00e0 protagonista anche all\u2019Epifania.&nbsp; In onda <strong>mercoled\u00ec 6 gennaio alle 18.30<\/strong>, dall\u2019incantevole Palazzo Ducale di Atina, nel <strong>cuore della Val di Comino<\/strong>.<\/p>\n\n\n\n<p>Come sempre nel rispetto delle norme imposte dalla pandemia, l\u2019evento si terr\u00e0 in diretta streaming, web e tv. L\u2019Ente, guidato da Antonio Pompeo, continua cos\u00ec, a segnare dei veri e propri primati in ambito culturale. Sia per l\u2019incredibile numero di eventi prodotti, che per l\u2019ideazione secondo le nuove modalit\u00e0 di organizzazione e fruizione degli appuntamenti. <strong>Fu proprio la Provincia di Frosinone a produrre il primo spettacolo in streaming e tv, gi\u00e0 nei giorni pi\u00f9 bui della prima ondata della pandemia<\/strong>. Da quella data zero, tenuta a Palazzo Jacobucci, il progetto ideato dal vicepresidente e delegato alla cultura Luigi Vacana, ne ha fatta di strada. Segnando record di ascolti, ma non solo. Vedendosi aperte le porte del Palazzo del Governo, in occasione della Festa del 2 giugno e trasferendosi da nord a sud alla scoperta dei tesori della Ciociaria.<\/p>\n\n\n\n<p><\/p>\n\n\n\n<div class=\"wp-block-image\"><figure class=\"aligncenter size-large\"><img loading=\"lazy\" decoding=\"async\" width=\"960\" height=\"720\" src=\"https:\/\/www.tunews24.it\/ilcorrieredellaprovincia\/wp-content\/uploads\/sites\/2\/2021\/01\/Prove-1.jpg\" alt=\"palazzo ducale atina \" class=\"wp-image-51158\" srcset=\"https:\/\/www.tunews24.it\/ilcorrieredellaprovincia\/wp-content\/uploads\/sites\/2\/2021\/01\/Prove-1.jpg 960w, https:\/\/www.tunews24.it\/ilcorrieredellaprovincia\/wp-content\/uploads\/sites\/2\/2021\/01\/Prove-1-300x225.jpg 300w, https:\/\/www.tunews24.it\/ilcorrieredellaprovincia\/wp-content\/uploads\/sites\/2\/2021\/01\/Prove-1-768x576.jpg 768w\" sizes=\"auto, (max-width: 960px) 100vw, 960px\" \/><figcaption>Un momento delle prove nel Palazzo Ducale di Atina<\/figcaption><\/figure><\/div>\n\n\n\n<p><\/p>\n\n\n\n<p>Dopo Anagni e Ausonia, il tour invernale far\u00e0 tappa ad Atina. Ad assicurare, anche qui, una qualit\u00e0 unica nella produzione, le musiche dell&#8217;Orchestra da Camera di Frosinone, con una doppia regia audio\/video, 8 telecamere fisse e mobili e il supporto di droni, interni ed esterni. Il tutto \u00e8 reso possibile, lo ricordiamo, dal partenariato con strutture leader nei propri settori, come \u201cExtra Tv\u201d, ma anche \u201cCiociaria Turismo\u201d e \u201cRadio Parco\u201d, insieme ai Comuni sede delle iniziative.<\/p>\n\n\n\n<h3 class=\"wp-block-heading\">Una location unica e suggestiva<\/h3>\n\n\n\n<p>Presentazione della serata affidata a <strong>Tonino Bernardelli<\/strong>, che insieme al padrone di casa <strong>Adolfo Valente<\/strong> accompagner\u00e0 virtualmente gli spettatori anche alla scoperta dei tesori del Palazzo Ducale. <strong>Una location davvero unica, dove fa bella mostra di s\u00e9 un grande mosaico romano, databile intorno al II sec. d. C.<\/strong>. Raffigurante un guerriero sannita, in quattro posizioni di assalto, il meraviglioso mosaico porta a ricordare la cultura fortemente Sannita, conservata e tramandata anche quando Roma aveva conquistato tutto il mondo. Come scriveva Cicerone &#8220;La Prefettura di Atina \u00e8 piena di uomini fortissimi cos\u00ec ch\u00e9 nessun&#8217;altra pu\u00f2 essere ritenuta pi\u00f9 ricca in tutta l&#8217;Italia&#8221;. Di grandissimo pregio, nello stesso Palazzo, una cappella privata intitolata a Sant\u2019Onofrio.<\/p>\n\n\n\n<p><\/p>\n\n\n\n<div class=\"wp-block-image\"><figure class=\"aligncenter size-large\"><img loading=\"lazy\" decoding=\"async\" width=\"768\" height=\"1024\" src=\"https:\/\/www.tunews24.it\/ilcorrieredellaprovincia\/wp-content\/uploads\/sites\/2\/2021\/01\/Prove-7-768x1024.jpg\" alt=\"palazzo ducale atina\" class=\"wp-image-51161\" srcset=\"https:\/\/www.tunews24.it\/ilcorrieredellaprovincia\/wp-content\/uploads\/sites\/2\/2021\/01\/Prove-7-768x1024.jpg 768w, https:\/\/www.tunews24.it\/ilcorrieredellaprovincia\/wp-content\/uploads\/sites\/2\/2021\/01\/Prove-7-225x300.jpg 225w, https:\/\/www.tunews24.it\/ilcorrieredellaprovincia\/wp-content\/uploads\/sites\/2\/2021\/01\/Prove-7.jpg 907w\" sizes=\"auto, (max-width: 768px) 100vw, 768px\" \/><\/figure><\/div>\n\n\n\n<p><\/p>\n\n\n\n<p>Musica, storia, ma anche arte e letteratura. Il progetto, gi\u00e0 da questa data, riguarder\u00e0 anche l\u2019arte e altre forme di creativit\u00e0. <strong>Cornice d\u2019eccezione all\u2019esibizioni musicali, un live painting affidato a Alessia Alonzi, <\/strong>giovanissima artista del territorio e un recital de \u201cLa Ragazza perduta\u201d di Lawrence \u2013 lo scrittore inglese che soggiorn\u00f2 proprio qui &#8211; curato da Oreste Capoccia, anch\u2019egli valcominese Doc.<\/p>\n\n\n\n<h3 class=\"wp-block-heading\">Pompeo e Vacana: un viaggio alla scoperta dei nostri tesori che continuer\u00e0<\/h3>\n\n\n\n<p>&#8220;Fieri di aver animato culturalmente anche le festivit\u00e0 portando la bellezza direttamente nelle case \u2013 <strong>dichiarano entusiasti Pompeo e Vacana<\/strong> \u2013 Facciamo conoscere il nostro straordinario territorio, ma anche i nostri talenti e le nostre eccellenze. Promuoviamo il bello attraverso il bello, il modo migliore per valorizzare la nostra Provincia. Un viaggio che continuer\u00e0 nei prossimi mesi&#8221;.<\/p>\n\n\n\n<p><\/p>\n\n\n\n<figure class=\"wp-block-image size-large\"><img loading=\"lazy\" decoding=\"async\" width=\"864\" height=\"624\" src=\"https:\/\/www.tunews24.it\/ilcorrieredellaprovincia\/wp-content\/uploads\/sites\/2\/2020\/12\/Pompeo-e-Vacana-1.jpg\" alt=\"\" class=\"wp-image-50842\" srcset=\"https:\/\/www.tunews24.it\/ilcorrieredellaprovincia\/wp-content\/uploads\/sites\/2\/2020\/12\/Pompeo-e-Vacana-1.jpg 864w, https:\/\/www.tunews24.it\/ilcorrieredellaprovincia\/wp-content\/uploads\/sites\/2\/2020\/12\/Pompeo-e-Vacana-1-300x217.jpg 300w, https:\/\/www.tunews24.it\/ilcorrieredellaprovincia\/wp-content\/uploads\/sites\/2\/2020\/12\/Pompeo-e-Vacana-1-768x555.jpg 768w\" sizes=\"auto, (max-width: 864px) 100vw, 864px\" \/><figcaption>Il presidente Antonio Pompeo e il vicepresidente Luigi Vacana<\/figcaption><\/figure>\n\n\n\n<p><\/p>\n\n\n\n<p>Una programmazione dunque intensa, che continuer\u00e0, alla scoperta delle meraviglie del territorio valorizzando i suoi talenti. La macchina ora \u00e8 in moto, la strada del successo \u00e8 segnata e il viaggio continua. In migliaia non vedono l&#8217;ora e non aspettano altro.<\/p>\n","protected":false},"excerpt":{"rendered":"<p>Si terr\u00e0 dal palazzo ducale di Atina il Gran Gal\u00e0 della Provincia nel giorno dell&#8217;Epifania<\/p>\n","protected":false},"author":18,"featured_media":51160,"comment_status":"closed","ping_status":"closed","sticky":false,"template":"","format":"standard","meta":{"footnotes":""},"categories":[4,14],"tags":[842,199,94,1089,1609,93,883,1289,200,9832,3085],"class_list":["post-51154","post","type-post","status-publish","format-standard","has-post-thumbnail","hentry","category-primo-piano","category-cultura","tag-antonio-pompeo","tag-atina","tag-ciociaria","tag-concerto","tag-epifania","tag-frosinone","tag-luigi-vacana","tag-orchestra-da-camera","tag-palazzo-ducale","tag-provincia-creativa","tag-valcomino"],"yoast_head":"<!-- This site is optimized with the Yoast SEO plugin v23.9 - https:\/\/yoast.com\/wordpress\/plugins\/seo\/ -->\n<title>Provincia: dal Palazzo Ducale di Atina il Gran Gal\u00e0 dell\u2019Epifania - IlCorriereDellaProvincia.it - News h24 e notizie di approfondimento<\/title>\n<meta name=\"robots\" content=\"index, follow, max-snippet:-1, max-image-preview:large, max-video-preview:-1\" \/>\n<link rel=\"canonical\" href=\"https:\/\/www.tunews24.it\/ilcorrieredellaprovincia\/2021\/01\/05\/provincia-dal-palazzo-ducale-di-atina-il-gran-gala-dellepifania\/\" \/>\n<meta property=\"og:locale\" content=\"it_IT\" \/>\n<meta property=\"og:type\" content=\"article\" \/>\n<meta property=\"og:title\" content=\"Provincia: dal Palazzo Ducale di Atina il Gran Gal\u00e0 dell\u2019Epifania - IlCorriereDellaProvincia.it - News h24 e notizie di approfondimento\" \/>\n<meta property=\"og:description\" content=\"Si terr\u00e0 dal palazzo ducale di Atina il Gran Gal\u00e0 della Provincia nel giorno dell&#039;Epifania\" \/>\n<meta property=\"og:url\" content=\"https:\/\/www.tunews24.it\/ilcorrieredellaprovincia\/2021\/01\/05\/provincia-dal-palazzo-ducale-di-atina-il-gran-gala-dellepifania\/\" \/>\n<meta property=\"og:site_name\" content=\"IlCorriereDellaProvincia.it - News h24 e notizie di approfondimento\" \/>\n<meta property=\"article:author\" content=\"www.facebook.com\/tunews24\" \/>\n<meta property=\"article:published_time\" content=\"2021-01-05T11:50:19+00:00\" \/>\n<meta property=\"article:modified_time\" content=\"2021-01-05T11:54:46+00:00\" \/>\n<meta property=\"og:image\" content=\"https:\/\/www.tunews24.it\/ilcorrieredellaprovincia\/wp-content\/uploads\/sites\/2\/2021\/01\/Prove-4.jpg\" \/>\n\t<meta property=\"og:image:width\" content=\"960\" \/>\n\t<meta property=\"og:image:height\" content=\"720\" \/>\n\t<meta property=\"og:image:type\" content=\"image\/jpeg\" \/>\n<meta name=\"author\" content=\"Redazione\" \/>\n<meta name=\"twitter:card\" content=\"summary_large_image\" \/>\n<meta name=\"twitter:label1\" content=\"Scritto da\" \/>\n\t<meta name=\"twitter:data1\" content=\"Redazione\" \/>\n\t<meta name=\"twitter:label2\" content=\"Tempo di lettura stimato\" \/>\n\t<meta name=\"twitter:data2\" content=\"3 minuti\" \/>\n<script type=\"application\/ld+json\" class=\"yoast-schema-graph\">{\"@context\":\"https:\/\/schema.org\",\"@graph\":[{\"@type\":\"Article\",\"@id\":\"https:\/\/www.tunews24.it\/ilcorrieredellaprovincia\/2021\/01\/05\/provincia-dal-palazzo-ducale-di-atina-il-gran-gala-dellepifania\/#article\",\"isPartOf\":{\"@id\":\"https:\/\/www.tunews24.it\/ilcorrieredellaprovincia\/2021\/01\/05\/provincia-dal-palazzo-ducale-di-atina-il-gran-gala-dellepifania\/\"},\"author\":{\"name\":\"Redazione\",\"@id\":\"https:\/\/www.tunews24.it\/ilcorrieredellaprovincia\/#\/schema\/person\/6d7f0a9120d0c03d0c552e9fdf49ed7d\"},\"headline\":\"Provincia: dal Palazzo Ducale di Atina il Gran Gal\u00e0 dell\u2019Epifania\",\"datePublished\":\"2021-01-05T11:50:19+00:00\",\"dateModified\":\"2021-01-05T11:54:46+00:00\",\"mainEntityOfPage\":{\"@id\":\"https:\/\/www.tunews24.it\/ilcorrieredellaprovincia\/2021\/01\/05\/provincia-dal-palazzo-ducale-di-atina-il-gran-gala-dellepifania\/\"},\"wordCount\":575,\"publisher\":{\"@id\":\"https:\/\/www.tunews24.it\/ilcorrieredellaprovincia\/#organization\"},\"image\":{\"@id\":\"https:\/\/www.tunews24.it\/ilcorrieredellaprovincia\/2021\/01\/05\/provincia-dal-palazzo-ducale-di-atina-il-gran-gala-dellepifania\/#primaryimage\"},\"thumbnailUrl\":\"https:\/\/www.tunews24.it\/ilcorrieredellaprovincia\/wp-content\/uploads\/sites\/2\/2021\/01\/Prove-4.jpg\",\"keywords\":[\"antonio pompeo\",\"Atina\",\"Ciociaria\",\"concerto\",\"epifania\",\"Frosinone\",\"luigi vacana\",\"orchestra da camera\",\"Palazzo Ducale\",\"provincia creativa\",\"valcomino\"],\"articleSection\":[\"*PRIMO PIANO*\",\"Cultura e Spettacolo\"],\"inLanguage\":\"it-IT\"},{\"@type\":\"WebPage\",\"@id\":\"https:\/\/www.tunews24.it\/ilcorrieredellaprovincia\/2021\/01\/05\/provincia-dal-palazzo-ducale-di-atina-il-gran-gala-dellepifania\/\",\"url\":\"https:\/\/www.tunews24.it\/ilcorrieredellaprovincia\/2021\/01\/05\/provincia-dal-palazzo-ducale-di-atina-il-gran-gala-dellepifania\/\",\"name\":\"Provincia: dal Palazzo Ducale di Atina il Gran Gal\u00e0 dell\u2019Epifania - IlCorriereDellaProvincia.it - News h24 e notizie di approfondimento\",\"isPartOf\":{\"@id\":\"https:\/\/www.tunews24.it\/ilcorrieredellaprovincia\/#website\"},\"primaryImageOfPage\":{\"@id\":\"https:\/\/www.tunews24.it\/ilcorrieredellaprovincia\/2021\/01\/05\/provincia-dal-palazzo-ducale-di-atina-il-gran-gala-dellepifania\/#primaryimage\"},\"image\":{\"@id\":\"https:\/\/www.tunews24.it\/ilcorrieredellaprovincia\/2021\/01\/05\/provincia-dal-palazzo-ducale-di-atina-il-gran-gala-dellepifania\/#primaryimage\"},\"thumbnailUrl\":\"https:\/\/www.tunews24.it\/ilcorrieredellaprovincia\/wp-content\/uploads\/sites\/2\/2021\/01\/Prove-4.jpg\",\"datePublished\":\"2021-01-05T11:50:19+00:00\",\"dateModified\":\"2021-01-05T11:54:46+00:00\",\"breadcrumb\":{\"@id\":\"https:\/\/www.tunews24.it\/ilcorrieredellaprovincia\/2021\/01\/05\/provincia-dal-palazzo-ducale-di-atina-il-gran-gala-dellepifania\/#breadcrumb\"},\"inLanguage\":\"it-IT\",\"potentialAction\":[{\"@type\":\"ReadAction\",\"target\":[\"https:\/\/www.tunews24.it\/ilcorrieredellaprovincia\/2021\/01\/05\/provincia-dal-palazzo-ducale-di-atina-il-gran-gala-dellepifania\/\"]}]},{\"@type\":\"ImageObject\",\"inLanguage\":\"it-IT\",\"@id\":\"https:\/\/www.tunews24.it\/ilcorrieredellaprovincia\/2021\/01\/05\/provincia-dal-palazzo-ducale-di-atina-il-gran-gala-dellepifania\/#primaryimage\",\"url\":\"https:\/\/www.tunews24.it\/ilcorrieredellaprovincia\/wp-content\/uploads\/sites\/2\/2021\/01\/Prove-4.jpg\",\"contentUrl\":\"https:\/\/www.tunews24.it\/ilcorrieredellaprovincia\/wp-content\/uploads\/sites\/2\/2021\/01\/Prove-4.jpg\",\"width\":960,\"height\":720,\"caption\":\"Prove del concerto dell'Epifania dal Palazzo ducale di Atina\"},{\"@type\":\"BreadcrumbList\",\"@id\":\"https:\/\/www.tunews24.it\/ilcorrieredellaprovincia\/2021\/01\/05\/provincia-dal-palazzo-ducale-di-atina-il-gran-gala-dellepifania\/#breadcrumb\",\"itemListElement\":[{\"@type\":\"ListItem\",\"position\":1,\"name\":\"Home\",\"item\":\"https:\/\/www.tunews24.it\/ilcorrieredellaprovincia\/\"},{\"@type\":\"ListItem\",\"position\":2,\"name\":\"Provincia: dal Palazzo Ducale di Atina il Gran Gal\u00e0 dell\u2019Epifania\"}]},{\"@type\":\"WebSite\",\"@id\":\"https:\/\/www.tunews24.it\/ilcorrieredellaprovincia\/#website\",\"url\":\"https:\/\/www.tunews24.it\/ilcorrieredellaprovincia\/\",\"name\":\"Il Corriere Delle Provincia\",\"description\":\"IlCorriereDellaProvincia.it, quotidiano web di politica, cronaca, inchiesta, lavoro, scuola, turismo, cultura e spettacolo, economia e finanza, salute e benessere. Approfondimenti e notizie aggiornate con foto e video della provincia di Frosinone ma anche news nazionali, dell\u2019Italia e del Mondo.\",\"publisher\":{\"@id\":\"https:\/\/www.tunews24.it\/ilcorrieredellaprovincia\/#organization\"},\"potentialAction\":[{\"@type\":\"SearchAction\",\"target\":{\"@type\":\"EntryPoint\",\"urlTemplate\":\"https:\/\/www.tunews24.it\/ilcorrieredellaprovincia\/?s={search_term_string}\"},\"query-input\":{\"@type\":\"PropertyValueSpecification\",\"valueRequired\":true,\"valueName\":\"search_term_string\"}}],\"inLanguage\":\"it-IT\"},{\"@type\":\"Organization\",\"@id\":\"https:\/\/www.tunews24.it\/ilcorrieredellaprovincia\/#organization\",\"name\":\"Globalpress s.r.l.\",\"url\":\"https:\/\/www.tunews24.it\/ilcorrieredellaprovincia\/\",\"logo\":{\"@type\":\"ImageObject\",\"inLanguage\":\"it-IT\",\"@id\":\"https:\/\/www.tunews24.it\/ilcorrieredellaprovincia\/#\/schema\/logo\/image\/\",\"url\":\"https:\/\/www.tunews24.it\/ilcorrieredellaprovincia\/wp-content\/uploads\/sites\/2\/2022\/11\/cropped-il-corriere-della-provincia-testata-web-scontornata.png\",\"contentUrl\":\"https:\/\/www.tunews24.it\/ilcorrieredellaprovincia\/wp-content\/uploads\/sites\/2\/2022\/11\/cropped-il-corriere-della-provincia-testata-web-scontornata.png\",\"width\":2911,\"height\":717,\"caption\":\"Globalpress s.r.l.\"},\"image\":{\"@id\":\"https:\/\/www.tunews24.it\/ilcorrieredellaprovincia\/#\/schema\/logo\/image\/\"}},{\"@type\":\"Person\",\"@id\":\"https:\/\/www.tunews24.it\/ilcorrieredellaprovincia\/#\/schema\/person\/6d7f0a9120d0c03d0c552e9fdf49ed7d\",\"name\":\"Redazione\",\"image\":{\"@type\":\"ImageObject\",\"inLanguage\":\"it-IT\",\"@id\":\"https:\/\/www.tunews24.it\/ilcorrieredellaprovincia\/#\/schema\/person\/image\/\",\"url\":\"https:\/\/secure.gravatar.com\/avatar\/b20622a119cb3fa611b12e3ef009da26?s=96&d=mm&r=g\",\"contentUrl\":\"https:\/\/secure.gravatar.com\/avatar\/b20622a119cb3fa611b12e3ef009da26?s=96&d=mm&r=g\",\"caption\":\"Redazione\"},\"description\":\"SEGUICI ANCHE SUI SOCIAL Facebook: TuNews24 e TuSport24 Instagram: TuNews24 e TuSport24 Youtube: TuNews24 Telegram: TuNews24 Puoi leggerci anche in formato cartaceo: il settimanale viene pubblicato e distribuito gratuitamente ogni venerd\u00ec in edicole, bar, centri commerciali e svariati esercizi. Ma \u00e8 possibile anche sfogliarlo comodamente online, cliccando su TU NEWS sfogliabile TU NEWS, PASSIONE PER L\u2019INFORMAZIONE\",\"sameAs\":[\"http:\/\/www.tunews24.it\",\"www.facebook.com\/tunews24\"],\"url\":\"https:\/\/www.tunews24.it\/ilcorrieredellaprovincia\/author\/senzafirma\/\"}]}<\/script>\n<!-- \/ Yoast SEO plugin. -->","yoast_head_json":{"title":"Provincia: dal Palazzo Ducale di Atina il Gran Gal\u00e0 dell\u2019Epifania - IlCorriereDellaProvincia.it - News h24 e notizie di approfondimento","robots":{"index":"index","follow":"follow","max-snippet":"max-snippet:-1","max-image-preview":"max-image-preview:large","max-video-preview":"max-video-preview:-1"},"canonical":"https:\/\/www.tunews24.it\/ilcorrieredellaprovincia\/2021\/01\/05\/provincia-dal-palazzo-ducale-di-atina-il-gran-gala-dellepifania\/","og_locale":"it_IT","og_type":"article","og_title":"Provincia: dal Palazzo Ducale di Atina il Gran Gal\u00e0 dell\u2019Epifania - IlCorriereDellaProvincia.it - News h24 e notizie di approfondimento","og_description":"Si terr\u00e0 dal palazzo ducale di Atina il Gran Gal\u00e0 della Provincia nel giorno dell'Epifania","og_url":"https:\/\/www.tunews24.it\/ilcorrieredellaprovincia\/2021\/01\/05\/provincia-dal-palazzo-ducale-di-atina-il-gran-gala-dellepifania\/","og_site_name":"IlCorriereDellaProvincia.it - News h24 e notizie di approfondimento","article_author":"www.facebook.com\/tunews24","article_published_time":"2021-01-05T11:50:19+00:00","article_modified_time":"2021-01-05T11:54:46+00:00","og_image":[{"width":960,"height":720,"url":"https:\/\/www.tunews24.it\/ilcorrieredellaprovincia\/wp-content\/uploads\/sites\/2\/2021\/01\/Prove-4.jpg","type":"image\/jpeg"}],"author":"Redazione","twitter_card":"summary_large_image","twitter_misc":{"Scritto da":"Redazione","Tempo di lettura stimato":"3 minuti"},"schema":{"@context":"https:\/\/schema.org","@graph":[{"@type":"Article","@id":"https:\/\/www.tunews24.it\/ilcorrieredellaprovincia\/2021\/01\/05\/provincia-dal-palazzo-ducale-di-atina-il-gran-gala-dellepifania\/#article","isPartOf":{"@id":"https:\/\/www.tunews24.it\/ilcorrieredellaprovincia\/2021\/01\/05\/provincia-dal-palazzo-ducale-di-atina-il-gran-gala-dellepifania\/"},"author":{"name":"Redazione","@id":"https:\/\/www.tunews24.it\/ilcorrieredellaprovincia\/#\/schema\/person\/6d7f0a9120d0c03d0c552e9fdf49ed7d"},"headline":"Provincia: dal Palazzo Ducale di Atina il Gran Gal\u00e0 dell\u2019Epifania","datePublished":"2021-01-05T11:50:19+00:00","dateModified":"2021-01-05T11:54:46+00:00","mainEntityOfPage":{"@id":"https:\/\/www.tunews24.it\/ilcorrieredellaprovincia\/2021\/01\/05\/provincia-dal-palazzo-ducale-di-atina-il-gran-gala-dellepifania\/"},"wordCount":575,"publisher":{"@id":"https:\/\/www.tunews24.it\/ilcorrieredellaprovincia\/#organization"},"image":{"@id":"https:\/\/www.tunews24.it\/ilcorrieredellaprovincia\/2021\/01\/05\/provincia-dal-palazzo-ducale-di-atina-il-gran-gala-dellepifania\/#primaryimage"},"thumbnailUrl":"https:\/\/www.tunews24.it\/ilcorrieredellaprovincia\/wp-content\/uploads\/sites\/2\/2021\/01\/Prove-4.jpg","keywords":["antonio pompeo","Atina","Ciociaria","concerto","epifania","Frosinone","luigi vacana","orchestra da camera","Palazzo Ducale","provincia creativa","valcomino"],"articleSection":["*PRIMO PIANO*","Cultura e Spettacolo"],"inLanguage":"it-IT"},{"@type":"WebPage","@id":"https:\/\/www.tunews24.it\/ilcorrieredellaprovincia\/2021\/01\/05\/provincia-dal-palazzo-ducale-di-atina-il-gran-gala-dellepifania\/","url":"https:\/\/www.tunews24.it\/ilcorrieredellaprovincia\/2021\/01\/05\/provincia-dal-palazzo-ducale-di-atina-il-gran-gala-dellepifania\/","name":"Provincia: dal Palazzo Ducale di Atina il Gran Gal\u00e0 dell\u2019Epifania - IlCorriereDellaProvincia.it - News h24 e notizie di approfondimento","isPartOf":{"@id":"https:\/\/www.tunews24.it\/ilcorrieredellaprovincia\/#website"},"primaryImageOfPage":{"@id":"https:\/\/www.tunews24.it\/ilcorrieredellaprovincia\/2021\/01\/05\/provincia-dal-palazzo-ducale-di-atina-il-gran-gala-dellepifania\/#primaryimage"},"image":{"@id":"https:\/\/www.tunews24.it\/ilcorrieredellaprovincia\/2021\/01\/05\/provincia-dal-palazzo-ducale-di-atina-il-gran-gala-dellepifania\/#primaryimage"},"thumbnailUrl":"https:\/\/www.tunews24.it\/ilcorrieredellaprovincia\/wp-content\/uploads\/sites\/2\/2021\/01\/Prove-4.jpg","datePublished":"2021-01-05T11:50:19+00:00","dateModified":"2021-01-05T11:54:46+00:00","breadcrumb":{"@id":"https:\/\/www.tunews24.it\/ilcorrieredellaprovincia\/2021\/01\/05\/provincia-dal-palazzo-ducale-di-atina-il-gran-gala-dellepifania\/#breadcrumb"},"inLanguage":"it-IT","potentialAction":[{"@type":"ReadAction","target":["https:\/\/www.tunews24.it\/ilcorrieredellaprovincia\/2021\/01\/05\/provincia-dal-palazzo-ducale-di-atina-il-gran-gala-dellepifania\/"]}]},{"@type":"ImageObject","inLanguage":"it-IT","@id":"https:\/\/www.tunews24.it\/ilcorrieredellaprovincia\/2021\/01\/05\/provincia-dal-palazzo-ducale-di-atina-il-gran-gala-dellepifania\/#primaryimage","url":"https:\/\/www.tunews24.it\/ilcorrieredellaprovincia\/wp-content\/uploads\/sites\/2\/2021\/01\/Prove-4.jpg","contentUrl":"https:\/\/www.tunews24.it\/ilcorrieredellaprovincia\/wp-content\/uploads\/sites\/2\/2021\/01\/Prove-4.jpg","width":960,"height":720,"caption":"Prove del concerto dell'Epifania dal Palazzo ducale di Atina"},{"@type":"BreadcrumbList","@id":"https:\/\/www.tunews24.it\/ilcorrieredellaprovincia\/2021\/01\/05\/provincia-dal-palazzo-ducale-di-atina-il-gran-gala-dellepifania\/#breadcrumb","itemListElement":[{"@type":"ListItem","position":1,"name":"Home","item":"https:\/\/www.tunews24.it\/ilcorrieredellaprovincia\/"},{"@type":"ListItem","position":2,"name":"Provincia: dal Palazzo Ducale di Atina il Gran Gal\u00e0 dell\u2019Epifania"}]},{"@type":"WebSite","@id":"https:\/\/www.tunews24.it\/ilcorrieredellaprovincia\/#website","url":"https:\/\/www.tunews24.it\/ilcorrieredellaprovincia\/","name":"Il Corriere Delle Provincia","description":"IlCorriereDellaProvincia.it, quotidiano web di politica, cronaca, inchiesta, lavoro, scuola, turismo, cultura e spettacolo, economia e finanza, salute e benessere. Approfondimenti e notizie aggiornate con foto e video della provincia di Frosinone ma anche news nazionali, dell\u2019Italia e del Mondo.","publisher":{"@id":"https:\/\/www.tunews24.it\/ilcorrieredellaprovincia\/#organization"},"potentialAction":[{"@type":"SearchAction","target":{"@type":"EntryPoint","urlTemplate":"https:\/\/www.tunews24.it\/ilcorrieredellaprovincia\/?s={search_term_string}"},"query-input":{"@type":"PropertyValueSpecification","valueRequired":true,"valueName":"search_term_string"}}],"inLanguage":"it-IT"},{"@type":"Organization","@id":"https:\/\/www.tunews24.it\/ilcorrieredellaprovincia\/#organization","name":"Globalpress s.r.l.","url":"https:\/\/www.tunews24.it\/ilcorrieredellaprovincia\/","logo":{"@type":"ImageObject","inLanguage":"it-IT","@id":"https:\/\/www.tunews24.it\/ilcorrieredellaprovincia\/#\/schema\/logo\/image\/","url":"https:\/\/www.tunews24.it\/ilcorrieredellaprovincia\/wp-content\/uploads\/sites\/2\/2022\/11\/cropped-il-corriere-della-provincia-testata-web-scontornata.png","contentUrl":"https:\/\/www.tunews24.it\/ilcorrieredellaprovincia\/wp-content\/uploads\/sites\/2\/2022\/11\/cropped-il-corriere-della-provincia-testata-web-scontornata.png","width":2911,"height":717,"caption":"Globalpress s.r.l."},"image":{"@id":"https:\/\/www.tunews24.it\/ilcorrieredellaprovincia\/#\/schema\/logo\/image\/"}},{"@type":"Person","@id":"https:\/\/www.tunews24.it\/ilcorrieredellaprovincia\/#\/schema\/person\/6d7f0a9120d0c03d0c552e9fdf49ed7d","name":"Redazione","image":{"@type":"ImageObject","inLanguage":"it-IT","@id":"https:\/\/www.tunews24.it\/ilcorrieredellaprovincia\/#\/schema\/person\/image\/","url":"https:\/\/secure.gravatar.com\/avatar\/b20622a119cb3fa611b12e3ef009da26?s=96&d=mm&r=g","contentUrl":"https:\/\/secure.gravatar.com\/avatar\/b20622a119cb3fa611b12e3ef009da26?s=96&d=mm&r=g","caption":"Redazione"},"description":"SEGUICI ANCHE SUI SOCIAL Facebook: TuNews24 e TuSport24 Instagram: TuNews24 e TuSport24 Youtube: TuNews24 Telegram: TuNews24 Puoi leggerci anche in formato cartaceo: il settimanale viene pubblicato e distribuito gratuitamente ogni venerd\u00ec in edicole, bar, centri commerciali e svariati esercizi. Ma \u00e8 possibile anche sfogliarlo comodamente online, cliccando su TU NEWS sfogliabile TU NEWS, PASSIONE PER L\u2019INFORMAZIONE","sameAs":["http:\/\/www.tunews24.it","www.facebook.com\/tunews24"],"url":"https:\/\/www.tunews24.it\/ilcorrieredellaprovincia\/author\/senzafirma\/"}]}},"_links":{"self":[{"href":"https:\/\/www.tunews24.it\/ilcorrieredellaprovincia\/wp-json\/wp\/v2\/posts\/51154","targetHints":{"allow":["GET"]}}],"collection":[{"href":"https:\/\/www.tunews24.it\/ilcorrieredellaprovincia\/wp-json\/wp\/v2\/posts"}],"about":[{"href":"https:\/\/www.tunews24.it\/ilcorrieredellaprovincia\/wp-json\/wp\/v2\/types\/post"}],"author":[{"embeddable":true,"href":"https:\/\/www.tunews24.it\/ilcorrieredellaprovincia\/wp-json\/wp\/v2\/users\/18"}],"replies":[{"embeddable":true,"href":"https:\/\/www.tunews24.it\/ilcorrieredellaprovincia\/wp-json\/wp\/v2\/comments?post=51154"}],"version-history":[{"count":2,"href":"https:\/\/www.tunews24.it\/ilcorrieredellaprovincia\/wp-json\/wp\/v2\/posts\/51154\/revisions"}],"predecessor-version":[{"id":51163,"href":"https:\/\/www.tunews24.it\/ilcorrieredellaprovincia\/wp-json\/wp\/v2\/posts\/51154\/revisions\/51163"}],"wp:featuredmedia":[{"embeddable":true,"href":"https:\/\/www.tunews24.it\/ilcorrieredellaprovincia\/wp-json\/wp\/v2\/media\/51160"}],"wp:attachment":[{"href":"https:\/\/www.tunews24.it\/ilcorrieredellaprovincia\/wp-json\/wp\/v2\/media?parent=51154"}],"wp:term":[{"taxonomy":"category","embeddable":true,"href":"https:\/\/www.tunews24.it\/ilcorrieredellaprovincia\/wp-json\/wp\/v2\/categories?post=51154"},{"taxonomy":"post_tag","embeddable":true,"href":"https:\/\/www.tunews24.it\/ilcorrieredellaprovincia\/wp-json\/wp\/v2\/tags?post=51154"}],"curies":[{"name":"wp","href":"https:\/\/api.w.org\/{rel}","templated":true}]}}