{"id":49630,"date":"2020-12-03T14:32:32","date_gmt":"2020-12-03T13:32:32","guid":{"rendered":"https:\/\/www.tunews24.it\/ilcorrieredellaprovincia\/?p=49630"},"modified":"2020-12-03T14:32:34","modified_gmt":"2020-12-03T13:32:34","slug":"il-consorzio-di-bonifica-litorale-nord-ha-approvato-il-bilancio-preventivo-2021-e-le-variazioni-riferite-al-2020","status":"publish","type":"post","link":"https:\/\/www.tunews24.it\/ilcorrieredellaprovincia\/2020\/12\/03\/il-consorzio-di-bonifica-litorale-nord-ha-approvato-il-bilancio-preventivo-2021-e-le-variazioni-riferite-al-2020\/","title":{"rendered":"Il Consorzio di Bonifica Litorale Nord ha approvato il bilancio preventivo 2021 e le variazioni riferite al 2020"},"content":{"rendered":"\n<p><strong>Il Consorzio di Bonifica Litorale Nord ha provveduto ad approvare il bilancio preventivo 2021 e le variazioni riferite al 2020. <\/strong>Durante i lavori del Comitato si \u00e8 provveduto, tra l\u2019altro, a ratificare la conclusione dell\u2019iter per l\u2019affidamento e la redazione del nuovo Piano di Classifica dell\u2019ente. Il Piano di Classifica rappresenta lo strumento indispensabile ai fini dell\u2019imposizione del contributo consortile che predispone la classificazione degli immobili ricadenti nel perimetro di contribuenza, sulla base delle linee guida vigenti.<\/p>\n\n\n\n<p>Nel corso della\u00a0 riunione del Consiglio, anticipata da quella del Comitato Esecutivo, \u00e8 stata altres\u00ec ufficializzata la nomina del nuovo Direttore Tecnico del Consorzio di Bonifica Litorale Nord. Si tratta dell\u2019ingegnere Paolo Burla. Burla \u00e8 un professionista di lungo corso che sino a ieri \u00e8 stato direttore del Consorzio di Bonifica Val di Paglia, di Acquapendente. Una nomina che mette al centro della scelta operata la professionalit\u00e0 del dirigente, esperto in modo particolare nel settore della bonifica idraulica. Burla completa il quadro dirigenziale del Consorzio che ha come<strong> direttore generale Andrea Renna <\/strong>e Paola Cavalletto direttore amministrativo.<\/p>\n\n\n\n<figure class=\"wp-block-image size-large\"><img loading=\"lazy\" decoding=\"async\" width=\"660\" height=\"368\" src=\"https:\/\/www.tunews24.it\/ilcorrieredellaprovincia\/wp-content\/uploads\/sites\/2\/2019\/06\/renna-andrea.jpg\" alt=\"\" class=\"wp-image-12623\" srcset=\"https:\/\/www.tunews24.it\/ilcorrieredellaprovincia\/wp-content\/uploads\/sites\/2\/2019\/06\/renna-andrea.jpg 660w, https:\/\/www.tunews24.it\/ilcorrieredellaprovincia\/wp-content\/uploads\/sites\/2\/2019\/06\/renna-andrea-300x167.jpg 300w, https:\/\/www.tunews24.it\/ilcorrieredellaprovincia\/wp-content\/uploads\/sites\/2\/2019\/06\/renna-andrea-500x279.jpg 500w\" sizes=\"auto, (max-width: 660px) 100vw, 660px\" \/><figcaption>Andrea Renna<\/figcaption><\/figure>\n\n\n\n<p>Per il Consorzio della Bonifica Litorale Nord, nato nel marzo scorso, si tratta di un altro importante passo, dopo la fusione avvenuta tra le tre sedi di Roma, Pratica di Mare e Tarquinia, nella riorganizzazione in atto della struttura, diventata tra le pi\u00f9 importanti a livello nazionale per numeri, dimensioni e caratteristiche. L\u2019obiettivo, come ribadito dal presidente del Consorzio, Niccol\u00f2 Sacchetti, \u00e8 guadagnare in funzionalit\u00e0 per poter programmare le attivit\u00e0 tecniche tese alla salvaguardia idraulica del territorio, la lotta al dissesto idrogeologico e il miglioramento della rete consortile in termini di servizi irrigui. <\/p>\n\n\n\n<p>Sacchetti, a nome suo, a nome del Comitato e del Consiglio, ha rivolto il saluto di benvenuto all\u2019ingegnere Burla, neo direttore tecnico del Litorale Nord, augurando una proficua collaborazione a vantaggio di tutto il territorio.<\/p>\n","protected":false},"excerpt":{"rendered":"<p>Il Consorzio di Bonifica Litorale Nord ha provveduto ad approvare il bilancio preventivo 2021 e le variazioni riferite al 2020.<\/p>\n","protected":false},"author":18,"featured_media":35341,"comment_status":"closed","ping_status":"closed","sticky":false,"template":"","format":"standard","meta":{"footnotes":""},"categories":[5],"tags":[7372,5234,11978,11979],"class_list":["post-49630","post","type-post","status-publish","format-standard","has-post-thumbnail","hentry","category-economia","tag-anbi","tag-andrea-renna","tag-bonifiica-litorale-nord","tag-paolo-burla"],"yoast_head":"<!-- This site is optimized with the Yoast SEO plugin v23.9 - https:\/\/yoast.com\/wordpress\/plugins\/seo\/ -->\n<title>Il Consorzio di Bonifica Litorale Nord ha approvato il bilancio preventivo 2021 e le variazioni riferite al 2020 - IlCorriereDellaProvincia.it - News h24 e notizie di approfondimento<\/title>\n<meta name=\"robots\" content=\"index, follow, max-snippet:-1, max-image-preview:large, max-video-preview:-1\" \/>\n<link rel=\"canonical\" href=\"https:\/\/www.tunews24.it\/ilcorrieredellaprovincia\/2020\/12\/03\/il-consorzio-di-bonifica-litorale-nord-ha-approvato-il-bilancio-preventivo-2021-e-le-variazioni-riferite-al-2020\/\" \/>\n<meta property=\"og:locale\" content=\"it_IT\" \/>\n<meta property=\"og:type\" content=\"article\" \/>\n<meta property=\"og:title\" content=\"Il Consorzio di Bonifica Litorale Nord ha approvato il bilancio preventivo 2021 e le variazioni riferite al 2020 - IlCorriereDellaProvincia.it - News h24 e notizie di approfondimento\" \/>\n<meta property=\"og:description\" content=\"Il Consorzio di Bonifica Litorale Nord ha provveduto ad approvare il bilancio preventivo 2021 e le variazioni riferite al 2020.\" \/>\n<meta property=\"og:url\" content=\"https:\/\/www.tunews24.it\/ilcorrieredellaprovincia\/2020\/12\/03\/il-consorzio-di-bonifica-litorale-nord-ha-approvato-il-bilancio-preventivo-2021-e-le-variazioni-riferite-al-2020\/\" \/>\n<meta property=\"og:site_name\" content=\"IlCorriereDellaProvincia.it - News h24 e notizie di approfondimento\" \/>\n<meta property=\"article:author\" content=\"www.facebook.com\/tunews24\" \/>\n<meta property=\"article:published_time\" content=\"2020-12-03T13:32:32+00:00\" \/>\n<meta property=\"article:modified_time\" content=\"2020-12-03T13:32:34+00:00\" \/>\n<meta property=\"og:image\" content=\"https:\/\/www.tunews24.it\/ilcorrieredellaprovincia\/wp-content\/uploads\/sites\/2\/2020\/05\/bonifica.jpg\" \/>\n\t<meta property=\"og:image:width\" content=\"844\" \/>\n\t<meta property=\"og:image:height\" content=\"434\" \/>\n\t<meta property=\"og:image:type\" content=\"image\/jpeg\" \/>\n<meta name=\"author\" content=\"Redazione\" \/>\n<meta name=\"twitter:card\" content=\"summary_large_image\" \/>\n<meta name=\"twitter:label1\" content=\"Scritto da\" \/>\n\t<meta name=\"twitter:data1\" content=\"Redazione\" \/>\n\t<meta name=\"twitter:label2\" content=\"Tempo di lettura stimato\" \/>\n\t<meta name=\"twitter:data2\" content=\"2 minuti\" \/>\n<script type=\"application\/ld+json\" class=\"yoast-schema-graph\">{\"@context\":\"https:\/\/schema.org\",\"@graph\":[{\"@type\":\"Article\",\"@id\":\"https:\/\/www.tunews24.it\/ilcorrieredellaprovincia\/2020\/12\/03\/il-consorzio-di-bonifica-litorale-nord-ha-approvato-il-bilancio-preventivo-2021-e-le-variazioni-riferite-al-2020\/#article\",\"isPartOf\":{\"@id\":\"https:\/\/www.tunews24.it\/ilcorrieredellaprovincia\/2020\/12\/03\/il-consorzio-di-bonifica-litorale-nord-ha-approvato-il-bilancio-preventivo-2021-e-le-variazioni-riferite-al-2020\/\"},\"author\":{\"name\":\"Redazione\",\"@id\":\"https:\/\/www.tunews24.it\/ilcorrieredellaprovincia\/#\/schema\/person\/6d7f0a9120d0c03d0c552e9fdf49ed7d\"},\"headline\":\"Il Consorzio di Bonifica Litorale Nord ha approvato il bilancio preventivo 2021 e le variazioni riferite al 2020\",\"datePublished\":\"2020-12-03T13:32:32+00:00\",\"dateModified\":\"2020-12-03T13:32:34+00:00\",\"mainEntityOfPage\":{\"@id\":\"https:\/\/www.tunews24.it\/ilcorrieredellaprovincia\/2020\/12\/03\/il-consorzio-di-bonifica-litorale-nord-ha-approvato-il-bilancio-preventivo-2021-e-le-variazioni-riferite-al-2020\/\"},\"wordCount\":321,\"publisher\":{\"@id\":\"https:\/\/www.tunews24.it\/ilcorrieredellaprovincia\/#organization\"},\"image\":{\"@id\":\"https:\/\/www.tunews24.it\/ilcorrieredellaprovincia\/2020\/12\/03\/il-consorzio-di-bonifica-litorale-nord-ha-approvato-il-bilancio-preventivo-2021-e-le-variazioni-riferite-al-2020\/#primaryimage\"},\"thumbnailUrl\":\"https:\/\/www.tunews24.it\/ilcorrieredellaprovincia\/wp-content\/uploads\/sites\/2\/2020\/05\/bonifica.jpg\",\"keywords\":[\"anbi\",\"andrea renna\",\"bonifiica litorale nord\",\"paolo burla\"],\"articleSection\":[\"Economia e Finanza\"],\"inLanguage\":\"it-IT\"},{\"@type\":\"WebPage\",\"@id\":\"https:\/\/www.tunews24.it\/ilcorrieredellaprovincia\/2020\/12\/03\/il-consorzio-di-bonifica-litorale-nord-ha-approvato-il-bilancio-preventivo-2021-e-le-variazioni-riferite-al-2020\/\",\"url\":\"https:\/\/www.tunews24.it\/ilcorrieredellaprovincia\/2020\/12\/03\/il-consorzio-di-bonifica-litorale-nord-ha-approvato-il-bilancio-preventivo-2021-e-le-variazioni-riferite-al-2020\/\",\"name\":\"Il Consorzio di Bonifica Litorale Nord ha approvato il bilancio preventivo 2021 e le variazioni riferite al 2020 - IlCorriereDellaProvincia.it - News h24 e notizie di approfondimento\",\"isPartOf\":{\"@id\":\"https:\/\/www.tunews24.it\/ilcorrieredellaprovincia\/#website\"},\"primaryImageOfPage\":{\"@id\":\"https:\/\/www.tunews24.it\/ilcorrieredellaprovincia\/2020\/12\/03\/il-consorzio-di-bonifica-litorale-nord-ha-approvato-il-bilancio-preventivo-2021-e-le-variazioni-riferite-al-2020\/#primaryimage\"},\"image\":{\"@id\":\"https:\/\/www.tunews24.it\/ilcorrieredellaprovincia\/2020\/12\/03\/il-consorzio-di-bonifica-litorale-nord-ha-approvato-il-bilancio-preventivo-2021-e-le-variazioni-riferite-al-2020\/#primaryimage\"},\"thumbnailUrl\":\"https:\/\/www.tunews24.it\/ilcorrieredellaprovincia\/wp-content\/uploads\/sites\/2\/2020\/05\/bonifica.jpg\",\"datePublished\":\"2020-12-03T13:32:32+00:00\",\"dateModified\":\"2020-12-03T13:32:34+00:00\",\"breadcrumb\":{\"@id\":\"https:\/\/www.tunews24.it\/ilcorrieredellaprovincia\/2020\/12\/03\/il-consorzio-di-bonifica-litorale-nord-ha-approvato-il-bilancio-preventivo-2021-e-le-variazioni-riferite-al-2020\/#breadcrumb\"},\"inLanguage\":\"it-IT\",\"potentialAction\":[{\"@type\":\"ReadAction\",\"target\":[\"https:\/\/www.tunews24.it\/ilcorrieredellaprovincia\/2020\/12\/03\/il-consorzio-di-bonifica-litorale-nord-ha-approvato-il-bilancio-preventivo-2021-e-le-variazioni-riferite-al-2020\/\"]}]},{\"@type\":\"ImageObject\",\"inLanguage\":\"it-IT\",\"@id\":\"https:\/\/www.tunews24.it\/ilcorrieredellaprovincia\/2020\/12\/03\/il-consorzio-di-bonifica-litorale-nord-ha-approvato-il-bilancio-preventivo-2021-e-le-variazioni-riferite-al-2020\/#primaryimage\",\"url\":\"https:\/\/www.tunews24.it\/ilcorrieredellaprovincia\/wp-content\/uploads\/sites\/2\/2020\/05\/bonifica.jpg\",\"contentUrl\":\"https:\/\/www.tunews24.it\/ilcorrieredellaprovincia\/wp-content\/uploads\/sites\/2\/2020\/05\/bonifica.jpg\",\"width\":844,\"height\":434},{\"@type\":\"BreadcrumbList\",\"@id\":\"https:\/\/www.tunews24.it\/ilcorrieredellaprovincia\/2020\/12\/03\/il-consorzio-di-bonifica-litorale-nord-ha-approvato-il-bilancio-preventivo-2021-e-le-variazioni-riferite-al-2020\/#breadcrumb\",\"itemListElement\":[{\"@type\":\"ListItem\",\"position\":1,\"name\":\"Home\",\"item\":\"https:\/\/www.tunews24.it\/ilcorrieredellaprovincia\/\"},{\"@type\":\"ListItem\",\"position\":2,\"name\":\"Il Consorzio di Bonifica Litorale Nord ha approvato il bilancio preventivo 2021 e le variazioni riferite al 2020\"}]},{\"@type\":\"WebSite\",\"@id\":\"https:\/\/www.tunews24.it\/ilcorrieredellaprovincia\/#website\",\"url\":\"https:\/\/www.tunews24.it\/ilcorrieredellaprovincia\/\",\"name\":\"Il Corriere Delle Provincia\",\"description\":\"IlCorriereDellaProvincia.it, quotidiano web di politica, cronaca, inchiesta, lavoro, scuola, turismo, cultura e spettacolo, economia e finanza, salute e benessere. Approfondimenti e notizie aggiornate con foto e video della provincia di Frosinone ma anche news nazionali, dell\u2019Italia e del Mondo.\",\"publisher\":{\"@id\":\"https:\/\/www.tunews24.it\/ilcorrieredellaprovincia\/#organization\"},\"potentialAction\":[{\"@type\":\"SearchAction\",\"target\":{\"@type\":\"EntryPoint\",\"urlTemplate\":\"https:\/\/www.tunews24.it\/ilcorrieredellaprovincia\/?s={search_term_string}\"},\"query-input\":{\"@type\":\"PropertyValueSpecification\",\"valueRequired\":true,\"valueName\":\"search_term_string\"}}],\"inLanguage\":\"it-IT\"},{\"@type\":\"Organization\",\"@id\":\"https:\/\/www.tunews24.it\/ilcorrieredellaprovincia\/#organization\",\"name\":\"Globalpress s.r.l.\",\"url\":\"https:\/\/www.tunews24.it\/ilcorrieredellaprovincia\/\",\"logo\":{\"@type\":\"ImageObject\",\"inLanguage\":\"it-IT\",\"@id\":\"https:\/\/www.tunews24.it\/ilcorrieredellaprovincia\/#\/schema\/logo\/image\/\",\"url\":\"https:\/\/www.tunews24.it\/ilcorrieredellaprovincia\/wp-content\/uploads\/sites\/2\/2022\/11\/cropped-il-corriere-della-provincia-testata-web-scontornata.png\",\"contentUrl\":\"https:\/\/www.tunews24.it\/ilcorrieredellaprovincia\/wp-content\/uploads\/sites\/2\/2022\/11\/cropped-il-corriere-della-provincia-testata-web-scontornata.png\",\"width\":2911,\"height\":717,\"caption\":\"Globalpress s.r.l.\"},\"image\":{\"@id\":\"https:\/\/www.tunews24.it\/ilcorrieredellaprovincia\/#\/schema\/logo\/image\/\"}},{\"@type\":\"Person\",\"@id\":\"https:\/\/www.tunews24.it\/ilcorrieredellaprovincia\/#\/schema\/person\/6d7f0a9120d0c03d0c552e9fdf49ed7d\",\"name\":\"Redazione\",\"image\":{\"@type\":\"ImageObject\",\"inLanguage\":\"it-IT\",\"@id\":\"https:\/\/www.tunews24.it\/ilcorrieredellaprovincia\/#\/schema\/person\/image\/\",\"url\":\"https:\/\/secure.gravatar.com\/avatar\/b20622a119cb3fa611b12e3ef009da26?s=96&d=mm&r=g\",\"contentUrl\":\"https:\/\/secure.gravatar.com\/avatar\/b20622a119cb3fa611b12e3ef009da26?s=96&d=mm&r=g\",\"caption\":\"Redazione\"},\"description\":\"SEGUICI ANCHE SUI SOCIAL Facebook: TuNews24 e TuSport24 Instagram: TuNews24 e TuSport24 Youtube: TuNews24 Telegram: TuNews24 Puoi leggerci anche in formato cartaceo: il settimanale viene pubblicato e distribuito gratuitamente ogni venerd\u00ec in edicole, bar, centri commerciali e svariati esercizi. Ma \u00e8 possibile anche sfogliarlo comodamente online, cliccando su TU NEWS sfogliabile TU NEWS, PASSIONE PER L\u2019INFORMAZIONE\",\"sameAs\":[\"http:\/\/www.tunews24.it\",\"www.facebook.com\/tunews24\"],\"url\":\"https:\/\/www.tunews24.it\/ilcorrieredellaprovincia\/author\/senzafirma\/\"}]}<\/script>\n<!-- \/ Yoast SEO plugin. -->","yoast_head_json":{"title":"Il Consorzio di Bonifica Litorale Nord ha approvato il bilancio preventivo 2021 e le variazioni riferite al 2020 - IlCorriereDellaProvincia.it - News h24 e notizie di approfondimento","robots":{"index":"index","follow":"follow","max-snippet":"max-snippet:-1","max-image-preview":"max-image-preview:large","max-video-preview":"max-video-preview:-1"},"canonical":"https:\/\/www.tunews24.it\/ilcorrieredellaprovincia\/2020\/12\/03\/il-consorzio-di-bonifica-litorale-nord-ha-approvato-il-bilancio-preventivo-2021-e-le-variazioni-riferite-al-2020\/","og_locale":"it_IT","og_type":"article","og_title":"Il Consorzio di Bonifica Litorale Nord ha approvato il bilancio preventivo 2021 e le variazioni riferite al 2020 - IlCorriereDellaProvincia.it - News h24 e notizie di approfondimento","og_description":"Il Consorzio di Bonifica Litorale Nord ha provveduto ad approvare il bilancio preventivo 2021 e le variazioni riferite al 2020.","og_url":"https:\/\/www.tunews24.it\/ilcorrieredellaprovincia\/2020\/12\/03\/il-consorzio-di-bonifica-litorale-nord-ha-approvato-il-bilancio-preventivo-2021-e-le-variazioni-riferite-al-2020\/","og_site_name":"IlCorriereDellaProvincia.it - News h24 e notizie di approfondimento","article_author":"www.facebook.com\/tunews24","article_published_time":"2020-12-03T13:32:32+00:00","article_modified_time":"2020-12-03T13:32:34+00:00","og_image":[{"width":844,"height":434,"url":"https:\/\/www.tunews24.it\/ilcorrieredellaprovincia\/wp-content\/uploads\/sites\/2\/2020\/05\/bonifica.jpg","type":"image\/jpeg"}],"author":"Redazione","twitter_card":"summary_large_image","twitter_misc":{"Scritto da":"Redazione","Tempo di lettura stimato":"2 minuti"},"schema":{"@context":"https:\/\/schema.org","@graph":[{"@type":"Article","@id":"https:\/\/www.tunews24.it\/ilcorrieredellaprovincia\/2020\/12\/03\/il-consorzio-di-bonifica-litorale-nord-ha-approvato-il-bilancio-preventivo-2021-e-le-variazioni-riferite-al-2020\/#article","isPartOf":{"@id":"https:\/\/www.tunews24.it\/ilcorrieredellaprovincia\/2020\/12\/03\/il-consorzio-di-bonifica-litorale-nord-ha-approvato-il-bilancio-preventivo-2021-e-le-variazioni-riferite-al-2020\/"},"author":{"name":"Redazione","@id":"https:\/\/www.tunews24.it\/ilcorrieredellaprovincia\/#\/schema\/person\/6d7f0a9120d0c03d0c552e9fdf49ed7d"},"headline":"Il Consorzio di Bonifica Litorale Nord ha approvato il bilancio preventivo 2021 e le variazioni riferite al 2020","datePublished":"2020-12-03T13:32:32+00:00","dateModified":"2020-12-03T13:32:34+00:00","mainEntityOfPage":{"@id":"https:\/\/www.tunews24.it\/ilcorrieredellaprovincia\/2020\/12\/03\/il-consorzio-di-bonifica-litorale-nord-ha-approvato-il-bilancio-preventivo-2021-e-le-variazioni-riferite-al-2020\/"},"wordCount":321,"publisher":{"@id":"https:\/\/www.tunews24.it\/ilcorrieredellaprovincia\/#organization"},"image":{"@id":"https:\/\/www.tunews24.it\/ilcorrieredellaprovincia\/2020\/12\/03\/il-consorzio-di-bonifica-litorale-nord-ha-approvato-il-bilancio-preventivo-2021-e-le-variazioni-riferite-al-2020\/#primaryimage"},"thumbnailUrl":"https:\/\/www.tunews24.it\/ilcorrieredellaprovincia\/wp-content\/uploads\/sites\/2\/2020\/05\/bonifica.jpg","keywords":["anbi","andrea renna","bonifiica litorale nord","paolo burla"],"articleSection":["Economia e Finanza"],"inLanguage":"it-IT"},{"@type":"WebPage","@id":"https:\/\/www.tunews24.it\/ilcorrieredellaprovincia\/2020\/12\/03\/il-consorzio-di-bonifica-litorale-nord-ha-approvato-il-bilancio-preventivo-2021-e-le-variazioni-riferite-al-2020\/","url":"https:\/\/www.tunews24.it\/ilcorrieredellaprovincia\/2020\/12\/03\/il-consorzio-di-bonifica-litorale-nord-ha-approvato-il-bilancio-preventivo-2021-e-le-variazioni-riferite-al-2020\/","name":"Il Consorzio di Bonifica Litorale Nord ha approvato il bilancio preventivo 2021 e le variazioni riferite al 2020 - IlCorriereDellaProvincia.it - News h24 e notizie di approfondimento","isPartOf":{"@id":"https:\/\/www.tunews24.it\/ilcorrieredellaprovincia\/#website"},"primaryImageOfPage":{"@id":"https:\/\/www.tunews24.it\/ilcorrieredellaprovincia\/2020\/12\/03\/il-consorzio-di-bonifica-litorale-nord-ha-approvato-il-bilancio-preventivo-2021-e-le-variazioni-riferite-al-2020\/#primaryimage"},"image":{"@id":"https:\/\/www.tunews24.it\/ilcorrieredellaprovincia\/2020\/12\/03\/il-consorzio-di-bonifica-litorale-nord-ha-approvato-il-bilancio-preventivo-2021-e-le-variazioni-riferite-al-2020\/#primaryimage"},"thumbnailUrl":"https:\/\/www.tunews24.it\/ilcorrieredellaprovincia\/wp-content\/uploads\/sites\/2\/2020\/05\/bonifica.jpg","datePublished":"2020-12-03T13:32:32+00:00","dateModified":"2020-12-03T13:32:34+00:00","breadcrumb":{"@id":"https:\/\/www.tunews24.it\/ilcorrieredellaprovincia\/2020\/12\/03\/il-consorzio-di-bonifica-litorale-nord-ha-approvato-il-bilancio-preventivo-2021-e-le-variazioni-riferite-al-2020\/#breadcrumb"},"inLanguage":"it-IT","potentialAction":[{"@type":"ReadAction","target":["https:\/\/www.tunews24.it\/ilcorrieredellaprovincia\/2020\/12\/03\/il-consorzio-di-bonifica-litorale-nord-ha-approvato-il-bilancio-preventivo-2021-e-le-variazioni-riferite-al-2020\/"]}]},{"@type":"ImageObject","inLanguage":"it-IT","@id":"https:\/\/www.tunews24.it\/ilcorrieredellaprovincia\/2020\/12\/03\/il-consorzio-di-bonifica-litorale-nord-ha-approvato-il-bilancio-preventivo-2021-e-le-variazioni-riferite-al-2020\/#primaryimage","url":"https:\/\/www.tunews24.it\/ilcorrieredellaprovincia\/wp-content\/uploads\/sites\/2\/2020\/05\/bonifica.jpg","contentUrl":"https:\/\/www.tunews24.it\/ilcorrieredellaprovincia\/wp-content\/uploads\/sites\/2\/2020\/05\/bonifica.jpg","width":844,"height":434},{"@type":"BreadcrumbList","@id":"https:\/\/www.tunews24.it\/ilcorrieredellaprovincia\/2020\/12\/03\/il-consorzio-di-bonifica-litorale-nord-ha-approvato-il-bilancio-preventivo-2021-e-le-variazioni-riferite-al-2020\/#breadcrumb","itemListElement":[{"@type":"ListItem","position":1,"name":"Home","item":"https:\/\/www.tunews24.it\/ilcorrieredellaprovincia\/"},{"@type":"ListItem","position":2,"name":"Il Consorzio di Bonifica Litorale Nord ha approvato il bilancio preventivo 2021 e le variazioni riferite al 2020"}]},{"@type":"WebSite","@id":"https:\/\/www.tunews24.it\/ilcorrieredellaprovincia\/#website","url":"https:\/\/www.tunews24.it\/ilcorrieredellaprovincia\/","name":"Il Corriere Delle Provincia","description":"IlCorriereDellaProvincia.it, quotidiano web di politica, cronaca, inchiesta, lavoro, scuola, turismo, cultura e spettacolo, economia e finanza, salute e benessere. Approfondimenti e notizie aggiornate con foto e video della provincia di Frosinone ma anche news nazionali, dell\u2019Italia e del Mondo.","publisher":{"@id":"https:\/\/www.tunews24.it\/ilcorrieredellaprovincia\/#organization"},"potentialAction":[{"@type":"SearchAction","target":{"@type":"EntryPoint","urlTemplate":"https:\/\/www.tunews24.it\/ilcorrieredellaprovincia\/?s={search_term_string}"},"query-input":{"@type":"PropertyValueSpecification","valueRequired":true,"valueName":"search_term_string"}}],"inLanguage":"it-IT"},{"@type":"Organization","@id":"https:\/\/www.tunews24.it\/ilcorrieredellaprovincia\/#organization","name":"Globalpress s.r.l.","url":"https:\/\/www.tunews24.it\/ilcorrieredellaprovincia\/","logo":{"@type":"ImageObject","inLanguage":"it-IT","@id":"https:\/\/www.tunews24.it\/ilcorrieredellaprovincia\/#\/schema\/logo\/image\/","url":"https:\/\/www.tunews24.it\/ilcorrieredellaprovincia\/wp-content\/uploads\/sites\/2\/2022\/11\/cropped-il-corriere-della-provincia-testata-web-scontornata.png","contentUrl":"https:\/\/www.tunews24.it\/ilcorrieredellaprovincia\/wp-content\/uploads\/sites\/2\/2022\/11\/cropped-il-corriere-della-provincia-testata-web-scontornata.png","width":2911,"height":717,"caption":"Globalpress s.r.l."},"image":{"@id":"https:\/\/www.tunews24.it\/ilcorrieredellaprovincia\/#\/schema\/logo\/image\/"}},{"@type":"Person","@id":"https:\/\/www.tunews24.it\/ilcorrieredellaprovincia\/#\/schema\/person\/6d7f0a9120d0c03d0c552e9fdf49ed7d","name":"Redazione","image":{"@type":"ImageObject","inLanguage":"it-IT","@id":"https:\/\/www.tunews24.it\/ilcorrieredellaprovincia\/#\/schema\/person\/image\/","url":"https:\/\/secure.gravatar.com\/avatar\/b20622a119cb3fa611b12e3ef009da26?s=96&d=mm&r=g","contentUrl":"https:\/\/secure.gravatar.com\/avatar\/b20622a119cb3fa611b12e3ef009da26?s=96&d=mm&r=g","caption":"Redazione"},"description":"SEGUICI ANCHE SUI SOCIAL Facebook: TuNews24 e TuSport24 Instagram: TuNews24 e TuSport24 Youtube: TuNews24 Telegram: TuNews24 Puoi leggerci anche in formato cartaceo: il settimanale viene pubblicato e distribuito gratuitamente ogni venerd\u00ec in edicole, bar, centri commerciali e svariati esercizi. Ma \u00e8 possibile anche sfogliarlo comodamente online, cliccando su TU NEWS sfogliabile TU NEWS, PASSIONE PER L\u2019INFORMAZIONE","sameAs":["http:\/\/www.tunews24.it","www.facebook.com\/tunews24"],"url":"https:\/\/www.tunews24.it\/ilcorrieredellaprovincia\/author\/senzafirma\/"}]}},"_links":{"self":[{"href":"https:\/\/www.tunews24.it\/ilcorrieredellaprovincia\/wp-json\/wp\/v2\/posts\/49630","targetHints":{"allow":["GET"]}}],"collection":[{"href":"https:\/\/www.tunews24.it\/ilcorrieredellaprovincia\/wp-json\/wp\/v2\/posts"}],"about":[{"href":"https:\/\/www.tunews24.it\/ilcorrieredellaprovincia\/wp-json\/wp\/v2\/types\/post"}],"author":[{"embeddable":true,"href":"https:\/\/www.tunews24.it\/ilcorrieredellaprovincia\/wp-json\/wp\/v2\/users\/18"}],"replies":[{"embeddable":true,"href":"https:\/\/www.tunews24.it\/ilcorrieredellaprovincia\/wp-json\/wp\/v2\/comments?post=49630"}],"version-history":[{"count":1,"href":"https:\/\/www.tunews24.it\/ilcorrieredellaprovincia\/wp-json\/wp\/v2\/posts\/49630\/revisions"}],"predecessor-version":[{"id":49631,"href":"https:\/\/www.tunews24.it\/ilcorrieredellaprovincia\/wp-json\/wp\/v2\/posts\/49630\/revisions\/49631"}],"wp:featuredmedia":[{"embeddable":true,"href":"https:\/\/www.tunews24.it\/ilcorrieredellaprovincia\/wp-json\/wp\/v2\/media\/35341"}],"wp:attachment":[{"href":"https:\/\/www.tunews24.it\/ilcorrieredellaprovincia\/wp-json\/wp\/v2\/media?parent=49630"}],"wp:term":[{"taxonomy":"category","embeddable":true,"href":"https:\/\/www.tunews24.it\/ilcorrieredellaprovincia\/wp-json\/wp\/v2\/categories?post=49630"},{"taxonomy":"post_tag","embeddable":true,"href":"https:\/\/www.tunews24.it\/ilcorrieredellaprovincia\/wp-json\/wp\/v2\/tags?post=49630"}],"curies":[{"name":"wp","href":"https:\/\/api.w.org\/{rel}","templated":true}]}}