{"id":47722,"date":"2020-10-31T07:16:07","date_gmt":"2020-10-31T06:16:07","guid":{"rendered":"https:\/\/www.tunews24.it\/ilcorrieredellaprovincia\/?p=47722"},"modified":"2020-10-31T07:16:09","modified_gmt":"2020-10-31T06:16:09","slug":"frosinone-ok-al-prestito-di-cdp-per-le-periferie-urbane","status":"publish","type":"post","link":"https:\/\/www.tunews24.it\/ilcorrieredellaprovincia\/2020\/10\/31\/frosinone-ok-al-prestito-di-cdp-per-le-periferie-urbane\/","title":{"rendered":"Frosinone, ok al prestito di CdP per le periferie urbane"},"content":{"rendered":"\n<p>Il consiglio comunale, nell\u2019ultima seduta, ha approvato la pratica relativa alla variazione del bilancio di previsione 2020 \u2013 2022, <strong>per ottenere il prestito con Cassa Depositi e Prestiti<\/strong> deputato alla realizzazione del progetto per le Periferie Urbane.<\/p>\n\n\n\n<p><strong>L\u2019amministrazione Ottaviani \u00e8 risultata infatti assegnataria di un finanziamento di circa 18 milioni<\/strong> nell\u2019ambito del progetto per la Riqualificazione Urbana e la Sicurezza delle Periferie. Intervento cardine del progetto, quello inerente alla riqualificazione di piazzale Kambo con il concomitante investimento di Rete Ferroviaria Italiana, per la riqualificazione degli edifici di propriet\u00e0 e la realizzazione di un sovrappasso pedonale al fine di incentivare l\u2019utilizzo dei mezzi su ferro.<\/p>\n\n\n\n<p><\/p>\n\n\n\n<figure class=\"wp-block-image size-large\"><img loading=\"lazy\" decoding=\"async\" width=\"620\" height=\"339\" src=\"https:\/\/www.tunews24.it\/ilcorrieredellaprovincia\/wp-content\/uploads\/sites\/2\/2019\/07\/comune-frosinone.jpg\" alt=\"comune frosinone\" class=\"wp-image-14091\" srcset=\"https:\/\/www.tunews24.it\/ilcorrieredellaprovincia\/wp-content\/uploads\/sites\/2\/2019\/07\/comune-frosinone.jpg 620w, https:\/\/www.tunews24.it\/ilcorrieredellaprovincia\/wp-content\/uploads\/sites\/2\/2019\/07\/comune-frosinone-300x164.jpg 300w, https:\/\/www.tunews24.it\/ilcorrieredellaprovincia\/wp-content\/uploads\/sites\/2\/2019\/07\/comune-frosinone-500x273.jpg 500w\" sizes=\"auto, (max-width: 620px) 100vw, 620px\" \/><\/figure>\n\n\n\n<p><\/p>\n\n\n\n<p>Il Comune, cos\u00ec, ha di fatto concretizzato la possibilit\u00e0 di operare la ricucitura di due aree strategiche del Capoluogo attualmente separate dall&#8217;infrastruttura ferroviaria. In riferimento agli interventi finanziati per il Quartiere Scalo, con delibera di giunta \u00e8 stato quindi approvato il progetto definitivo dei lavori di riqualificazione e messa in sicurezza dell&#8217;area Stazione, con previsione di pedonalizzazione dell&#8217;intera superficie antistante l&#8217;edificio viaggiatori mediante l&#8217;eliminazione della viabilit\u00e0 di transito che attualmente separa lo stesso dalla piazza, e la rivisitazione dell&#8217;intero sistema di viabilit\u00e0 dell&#8217;area. <\/p>\n\n\n\n<p>Nello specifico, il progetto prevede il Piano di riqualificazione urbanistica, completamento edificio polivalente Corso Lazio, realizzazione scuola materna Corso Lazio, miglioramento sicurezza stradale e piste ciclabili, completamento verde pubblico Corso Lazio, riqualificazione area stazione ferroviaria, delocalizzazione uffici Mise, realizzazione scuola elementare Corso Lazio.<\/p>\n\n\n\n<h3 class=\"wp-block-heading\">Il protocollo con Rfi<\/h3>\n\n\n\n<p>Lo scorso 28 giugno 2019, alla Villa comunale, inoltre, \u00e8 stato firmato il <strong>protocollo d&#8217;intesa alla presenza del sindaco, Nicola Ottaviani, dell&#8217;amministratore di Ferrovie, Gianfranco Battisti, e del Direttore Stazioni di RFI, Sara Venturoni<\/strong>, inerente all\u2019iniziativa di riqualificazione dell&#8217;intero ambito urbano in cui la stazione si inserisce. <\/p>\n\n\n\n<p><\/p>\n\n\n\n<figure class=\"wp-block-image size-large\"><img loading=\"lazy\" decoding=\"async\" width=\"796\" height=\"445\" src=\"https:\/\/www.tunews24.it\/ilcorrieredellaprovincia\/wp-content\/uploads\/sites\/2\/2020\/04\/battisti-ottaviani.jpg\" alt=\"\" class=\"wp-image-33940\" srcset=\"https:\/\/www.tunews24.it\/ilcorrieredellaprovincia\/wp-content\/uploads\/sites\/2\/2020\/04\/battisti-ottaviani.jpg 796w, https:\/\/www.tunews24.it\/ilcorrieredellaprovincia\/wp-content\/uploads\/sites\/2\/2020\/04\/battisti-ottaviani-300x168.jpg 300w, https:\/\/www.tunews24.it\/ilcorrieredellaprovincia\/wp-content\/uploads\/sites\/2\/2020\/04\/battisti-ottaviani-768x429.jpg 768w\" sizes=\"auto, (max-width: 796px) 100vw, 796px\" \/><figcaption>Da sinistra Battisti, Venturoni, Ottaviani<\/figcaption><\/figure>\n\n\n\n<p><\/p>\n\n\n\n<p>Ed \u00e8 anche grazie a quell&#8217;investimento complessivo di circa 30 milioni di euro per il nuovo assetto della stazione e del quartiere, che le Ferrovie dello Stato hanno deciso di utilizzare la nuova rivisitazione urbanistica dello Scalo e della stazione, per far fermare i treni superveloci nel capoluogo, con il Frecciarossa che ha inaugurato il nuovo corso del trasporto il 14 giugno 2020.<\/p>\n\n\n\n<h3 class=\"wp-block-heading\">Il percorso con Cassa Depositi e Prestiti<\/h3>\n\n\n\n<p>Per l\u2019attuazione dei progetti oggetto del finanziamento, il Comune di Frosinone si vedr\u00e0 costretto ad anticipare la liquidit\u00e0 riferita ai lavori delle opere finanziate per i quali, secondo quanto previsto dalla nuova convenzione, il rimborso sar\u00e0 effettuato presumibilmente nell\u2019anno 2021 \u2013 2022. <strong>L\u2019ente, attualmente sottoposto a piano di rientro dal debito dei decenni precedenti, pari a circa 50 milioni di euro<\/strong>, non \u00e8 in grado di sopportare tale esborso senza alterare gli equilibri di cassa per gli anni 2020 e 2021 ed in particolare si trover\u00e0 costretto a ricorrere all\u2019anticipazione di tesoreria per far fronte alle scadenze delle obbligazioni sorte a seguito dell\u2019avanzamento dei lavori, senza la certezza che tali somme vengano rimborsate entro l\u2019anno da parte della Presidenza del Consiglio dei Ministri.<\/p>\n\n\n\n<p><\/p>\n\n\n\n<figure class=\"wp-block-image size-large\"><img loading=\"lazy\" decoding=\"async\" width=\"632\" height=\"402\" src=\"https:\/\/www.tunews24.it\/ilcorrieredellaprovincia\/wp-content\/uploads\/sites\/2\/2019\/10\/cdp-roma-e1571050428232.jpg\" alt=\"cassa depositi prestiti roma il corriere della provincia\" class=\"wp-image-20135\" \/><\/figure>\n\n\n\n<p><\/p>\n\n\n\n<p>Nel caso non si ricorresse allo strumento del prestito flessibile, dunque, il Comune dovrebbe rinunciare al finanziamento, al fine di non alterare gli equilibri di cassa, privando il territorio di poter procedere alla riqualificazione e rigenerazione di importanti aree ed edifici del territorio. L\u2019assise ha quindi valutato favorevolmente di ricorrere allo strumento messo a disposizione da Cassa Depositi e Prestiti (proprio al fine di agevolare gli Enti beneficiari del finanziamento per la riqualificazione delle periferie urbane), adeguando il Bilancio di previsione 2020 \u2013 2021.<\/p>\n","protected":false},"excerpt":{"rendered":"<p>Il consiglio comunale di Frosinone ha approvato la pratica relativa al prestito di Cassa Depositi e Prestiti per il progetto sulle periferie urbane<\/p>\n","protected":false},"author":18,"featured_media":10961,"comment_status":"closed","ping_status":"closed","sticky":false,"template":"","format":"standard","meta":{"footnotes":""},"categories":[4,2236],"tags":[3106,94,93,2302,639,11635,11636,1828,11637],"class_list":["post-47722","post","type-post","status-publish","format-standard","has-post-thumbnail","hentry","category-primo-piano","category-attualita","tag-cassa-depositi-e-prestiti","tag-ciociaria","tag-frosinone","tag-gianfranco-battisti","tag-nicola-ottaviani","tag-periferie-urbane","tag-pianificazione-urbanistica","tag-protocollo-dintesa","tag-sara-venturoni"],"yoast_head":"<!-- This site is optimized with the Yoast SEO plugin v23.9 - https:\/\/yoast.com\/wordpress\/plugins\/seo\/ -->\n<title>Frosinone, ok al prestito di CdP per le periferie urbane - IlCorriereDellaProvincia.it - News h24 e notizie di approfondimento<\/title>\n<meta name=\"robots\" content=\"index, follow, max-snippet:-1, max-image-preview:large, max-video-preview:-1\" \/>\n<link rel=\"canonical\" href=\"https:\/\/www.tunews24.it\/ilcorrieredellaprovincia\/2020\/10\/31\/frosinone-ok-al-prestito-di-cdp-per-le-periferie-urbane\/\" \/>\n<meta property=\"og:locale\" content=\"it_IT\" \/>\n<meta property=\"og:type\" content=\"article\" \/>\n<meta property=\"og:title\" content=\"Frosinone, ok al prestito di CdP per le periferie urbane - IlCorriereDellaProvincia.it - News h24 e notizie di approfondimento\" \/>\n<meta property=\"og:description\" content=\"Il consiglio comunale di Frosinone ha approvato la pratica relativa al prestito di Cassa Depositi e Prestiti per il progetto sulle periferie urbane\" \/>\n<meta property=\"og:url\" content=\"https:\/\/www.tunews24.it\/ilcorrieredellaprovincia\/2020\/10\/31\/frosinone-ok-al-prestito-di-cdp-per-le-periferie-urbane\/\" \/>\n<meta property=\"og:site_name\" content=\"IlCorriereDellaProvincia.it - News h24 e notizie di approfondimento\" \/>\n<meta property=\"article:author\" content=\"www.facebook.com\/tunews24\" \/>\n<meta property=\"article:published_time\" content=\"2020-10-31T06:16:07+00:00\" \/>\n<meta property=\"article:modified_time\" content=\"2020-10-31T06:16:09+00:00\" \/>\n<meta property=\"og:image\" content=\"https:\/\/www.tunews24.it\/ilcorrieredellaprovincia\/wp-content\/uploads\/sites\/2\/2019\/05\/stazione-frosinone-e1556991228868.jpg\" \/>\n\t<meta property=\"og:image:width\" content=\"632\" \/>\n\t<meta property=\"og:image:height\" content=\"392\" \/>\n\t<meta property=\"og:image:type\" content=\"image\/jpeg\" \/>\n<meta name=\"author\" content=\"Redazione\" \/>\n<meta name=\"twitter:card\" content=\"summary_large_image\" \/>\n<meta name=\"twitter:label1\" content=\"Scritto da\" \/>\n\t<meta name=\"twitter:data1\" content=\"Redazione\" \/>\n\t<meta name=\"twitter:label2\" content=\"Tempo di lettura stimato\" \/>\n\t<meta name=\"twitter:data2\" content=\"3 minuti\" \/>\n<script type=\"application\/ld+json\" class=\"yoast-schema-graph\">{\"@context\":\"https:\/\/schema.org\",\"@graph\":[{\"@type\":\"Article\",\"@id\":\"https:\/\/www.tunews24.it\/ilcorrieredellaprovincia\/2020\/10\/31\/frosinone-ok-al-prestito-di-cdp-per-le-periferie-urbane\/#article\",\"isPartOf\":{\"@id\":\"https:\/\/www.tunews24.it\/ilcorrieredellaprovincia\/2020\/10\/31\/frosinone-ok-al-prestito-di-cdp-per-le-periferie-urbane\/\"},\"author\":{\"name\":\"Redazione\",\"@id\":\"https:\/\/www.tunews24.it\/ilcorrieredellaprovincia\/#\/schema\/person\/6d7f0a9120d0c03d0c552e9fdf49ed7d\"},\"headline\":\"Frosinone, ok al prestito di CdP per le periferie urbane\",\"datePublished\":\"2020-10-31T06:16:07+00:00\",\"dateModified\":\"2020-10-31T06:16:09+00:00\",\"mainEntityOfPage\":{\"@id\":\"https:\/\/www.tunews24.it\/ilcorrieredellaprovincia\/2020\/10\/31\/frosinone-ok-al-prestito-di-cdp-per-le-periferie-urbane\/\"},\"wordCount\":573,\"publisher\":{\"@id\":\"https:\/\/www.tunews24.it\/ilcorrieredellaprovincia\/#organization\"},\"image\":{\"@id\":\"https:\/\/www.tunews24.it\/ilcorrieredellaprovincia\/2020\/10\/31\/frosinone-ok-al-prestito-di-cdp-per-le-periferie-urbane\/#primaryimage\"},\"thumbnailUrl\":\"https:\/\/www.tunews24.it\/ilcorrieredellaprovincia\/wp-content\/uploads\/sites\/2\/2019\/05\/stazione-frosinone-e1556991228868.jpg\",\"keywords\":[\"cassa depositi e prestiti\",\"Ciociaria\",\"Frosinone\",\"gianfranco battisti\",\"nicola ottaviani\",\"periferie urbane\",\"pianificazione urbanistica\",\"protocollo d'intesa\",\"sara venturoni\"],\"articleSection\":[\"*PRIMO PIANO*\",\"Attualit\u00e0\"],\"inLanguage\":\"it-IT\"},{\"@type\":\"WebPage\",\"@id\":\"https:\/\/www.tunews24.it\/ilcorrieredellaprovincia\/2020\/10\/31\/frosinone-ok-al-prestito-di-cdp-per-le-periferie-urbane\/\",\"url\":\"https:\/\/www.tunews24.it\/ilcorrieredellaprovincia\/2020\/10\/31\/frosinone-ok-al-prestito-di-cdp-per-le-periferie-urbane\/\",\"name\":\"Frosinone, ok al prestito di CdP per le periferie urbane - IlCorriereDellaProvincia.it - News h24 e notizie di approfondimento\",\"isPartOf\":{\"@id\":\"https:\/\/www.tunews24.it\/ilcorrieredellaprovincia\/#website\"},\"primaryImageOfPage\":{\"@id\":\"https:\/\/www.tunews24.it\/ilcorrieredellaprovincia\/2020\/10\/31\/frosinone-ok-al-prestito-di-cdp-per-le-periferie-urbane\/#primaryimage\"},\"image\":{\"@id\":\"https:\/\/www.tunews24.it\/ilcorrieredellaprovincia\/2020\/10\/31\/frosinone-ok-al-prestito-di-cdp-per-le-periferie-urbane\/#primaryimage\"},\"thumbnailUrl\":\"https:\/\/www.tunews24.it\/ilcorrieredellaprovincia\/wp-content\/uploads\/sites\/2\/2019\/05\/stazione-frosinone-e1556991228868.jpg\",\"datePublished\":\"2020-10-31T06:16:07+00:00\",\"dateModified\":\"2020-10-31T06:16:09+00:00\",\"breadcrumb\":{\"@id\":\"https:\/\/www.tunews24.it\/ilcorrieredellaprovincia\/2020\/10\/31\/frosinone-ok-al-prestito-di-cdp-per-le-periferie-urbane\/#breadcrumb\"},\"inLanguage\":\"it-IT\",\"potentialAction\":[{\"@type\":\"ReadAction\",\"target\":[\"https:\/\/www.tunews24.it\/ilcorrieredellaprovincia\/2020\/10\/31\/frosinone-ok-al-prestito-di-cdp-per-le-periferie-urbane\/\"]}]},{\"@type\":\"ImageObject\",\"inLanguage\":\"it-IT\",\"@id\":\"https:\/\/www.tunews24.it\/ilcorrieredellaprovincia\/2020\/10\/31\/frosinone-ok-al-prestito-di-cdp-per-le-periferie-urbane\/#primaryimage\",\"url\":\"https:\/\/www.tunews24.it\/ilcorrieredellaprovincia\/wp-content\/uploads\/sites\/2\/2019\/05\/stazione-frosinone-e1556991228868.jpg\",\"contentUrl\":\"https:\/\/www.tunews24.it\/ilcorrieredellaprovincia\/wp-content\/uploads\/sites\/2\/2019\/05\/stazione-frosinone-e1556991228868.jpg\",\"width\":632,\"height\":392,\"caption\":\"La stazione ferroviaria di Frosinone\"},{\"@type\":\"BreadcrumbList\",\"@id\":\"https:\/\/www.tunews24.it\/ilcorrieredellaprovincia\/2020\/10\/31\/frosinone-ok-al-prestito-di-cdp-per-le-periferie-urbane\/#breadcrumb\",\"itemListElement\":[{\"@type\":\"ListItem\",\"position\":1,\"name\":\"Home\",\"item\":\"https:\/\/www.tunews24.it\/ilcorrieredellaprovincia\/\"},{\"@type\":\"ListItem\",\"position\":2,\"name\":\"Frosinone, ok al prestito di CdP per le periferie urbane\"}]},{\"@type\":\"WebSite\",\"@id\":\"https:\/\/www.tunews24.it\/ilcorrieredellaprovincia\/#website\",\"url\":\"https:\/\/www.tunews24.it\/ilcorrieredellaprovincia\/\",\"name\":\"Il Corriere Delle Provincia\",\"description\":\"IlCorriereDellaProvincia.it, quotidiano web di politica, cronaca, inchiesta, lavoro, scuola, turismo, cultura e spettacolo, economia e finanza, salute e benessere. Approfondimenti e notizie aggiornate con foto e video della provincia di Frosinone ma anche news nazionali, dell\u2019Italia e del Mondo.\",\"publisher\":{\"@id\":\"https:\/\/www.tunews24.it\/ilcorrieredellaprovincia\/#organization\"},\"potentialAction\":[{\"@type\":\"SearchAction\",\"target\":{\"@type\":\"EntryPoint\",\"urlTemplate\":\"https:\/\/www.tunews24.it\/ilcorrieredellaprovincia\/?s={search_term_string}\"},\"query-input\":{\"@type\":\"PropertyValueSpecification\",\"valueRequired\":true,\"valueName\":\"search_term_string\"}}],\"inLanguage\":\"it-IT\"},{\"@type\":\"Organization\",\"@id\":\"https:\/\/www.tunews24.it\/ilcorrieredellaprovincia\/#organization\",\"name\":\"Globalpress s.r.l.\",\"url\":\"https:\/\/www.tunews24.it\/ilcorrieredellaprovincia\/\",\"logo\":{\"@type\":\"ImageObject\",\"inLanguage\":\"it-IT\",\"@id\":\"https:\/\/www.tunews24.it\/ilcorrieredellaprovincia\/#\/schema\/logo\/image\/\",\"url\":\"https:\/\/www.tunews24.it\/ilcorrieredellaprovincia\/wp-content\/uploads\/sites\/2\/2022\/11\/cropped-il-corriere-della-provincia-testata-web-scontornata.png\",\"contentUrl\":\"https:\/\/www.tunews24.it\/ilcorrieredellaprovincia\/wp-content\/uploads\/sites\/2\/2022\/11\/cropped-il-corriere-della-provincia-testata-web-scontornata.png\",\"width\":2911,\"height\":717,\"caption\":\"Globalpress s.r.l.\"},\"image\":{\"@id\":\"https:\/\/www.tunews24.it\/ilcorrieredellaprovincia\/#\/schema\/logo\/image\/\"}},{\"@type\":\"Person\",\"@id\":\"https:\/\/www.tunews24.it\/ilcorrieredellaprovincia\/#\/schema\/person\/6d7f0a9120d0c03d0c552e9fdf49ed7d\",\"name\":\"Redazione\",\"image\":{\"@type\":\"ImageObject\",\"inLanguage\":\"it-IT\",\"@id\":\"https:\/\/www.tunews24.it\/ilcorrieredellaprovincia\/#\/schema\/person\/image\/\",\"url\":\"https:\/\/secure.gravatar.com\/avatar\/b20622a119cb3fa611b12e3ef009da26?s=96&d=mm&r=g\",\"contentUrl\":\"https:\/\/secure.gravatar.com\/avatar\/b20622a119cb3fa611b12e3ef009da26?s=96&d=mm&r=g\",\"caption\":\"Redazione\"},\"description\":\"SEGUICI ANCHE SUI SOCIAL Facebook: TuNews24 e TuSport24 Instagram: TuNews24 e TuSport24 Youtube: TuNews24 Telegram: TuNews24 Puoi leggerci anche in formato cartaceo: il settimanale viene pubblicato e distribuito gratuitamente ogni venerd\u00ec in edicole, bar, centri commerciali e svariati esercizi. Ma \u00e8 possibile anche sfogliarlo comodamente online, cliccando su TU NEWS sfogliabile TU NEWS, PASSIONE PER L\u2019INFORMAZIONE\",\"sameAs\":[\"http:\/\/www.tunews24.it\",\"www.facebook.com\/tunews24\"],\"url\":\"https:\/\/www.tunews24.it\/ilcorrieredellaprovincia\/author\/senzafirma\/\"}]}<\/script>\n<!-- \/ Yoast SEO plugin. -->","yoast_head_json":{"title":"Frosinone, ok al prestito di CdP per le periferie urbane - IlCorriereDellaProvincia.it - News h24 e notizie di approfondimento","robots":{"index":"index","follow":"follow","max-snippet":"max-snippet:-1","max-image-preview":"max-image-preview:large","max-video-preview":"max-video-preview:-1"},"canonical":"https:\/\/www.tunews24.it\/ilcorrieredellaprovincia\/2020\/10\/31\/frosinone-ok-al-prestito-di-cdp-per-le-periferie-urbane\/","og_locale":"it_IT","og_type":"article","og_title":"Frosinone, ok al prestito di CdP per le periferie urbane - IlCorriereDellaProvincia.it - News h24 e notizie di approfondimento","og_description":"Il consiglio comunale di Frosinone ha approvato la pratica relativa al prestito di Cassa Depositi e Prestiti per il progetto sulle periferie urbane","og_url":"https:\/\/www.tunews24.it\/ilcorrieredellaprovincia\/2020\/10\/31\/frosinone-ok-al-prestito-di-cdp-per-le-periferie-urbane\/","og_site_name":"IlCorriereDellaProvincia.it - News h24 e notizie di approfondimento","article_author":"www.facebook.com\/tunews24","article_published_time":"2020-10-31T06:16:07+00:00","article_modified_time":"2020-10-31T06:16:09+00:00","og_image":[{"width":632,"height":392,"url":"https:\/\/www.tunews24.it\/ilcorrieredellaprovincia\/wp-content\/uploads\/sites\/2\/2019\/05\/stazione-frosinone-e1556991228868.jpg","type":"image\/jpeg"}],"author":"Redazione","twitter_card":"summary_large_image","twitter_misc":{"Scritto da":"Redazione","Tempo di lettura stimato":"3 minuti"},"schema":{"@context":"https:\/\/schema.org","@graph":[{"@type":"Article","@id":"https:\/\/www.tunews24.it\/ilcorrieredellaprovincia\/2020\/10\/31\/frosinone-ok-al-prestito-di-cdp-per-le-periferie-urbane\/#article","isPartOf":{"@id":"https:\/\/www.tunews24.it\/ilcorrieredellaprovincia\/2020\/10\/31\/frosinone-ok-al-prestito-di-cdp-per-le-periferie-urbane\/"},"author":{"name":"Redazione","@id":"https:\/\/www.tunews24.it\/ilcorrieredellaprovincia\/#\/schema\/person\/6d7f0a9120d0c03d0c552e9fdf49ed7d"},"headline":"Frosinone, ok al prestito di CdP per le periferie urbane","datePublished":"2020-10-31T06:16:07+00:00","dateModified":"2020-10-31T06:16:09+00:00","mainEntityOfPage":{"@id":"https:\/\/www.tunews24.it\/ilcorrieredellaprovincia\/2020\/10\/31\/frosinone-ok-al-prestito-di-cdp-per-le-periferie-urbane\/"},"wordCount":573,"publisher":{"@id":"https:\/\/www.tunews24.it\/ilcorrieredellaprovincia\/#organization"},"image":{"@id":"https:\/\/www.tunews24.it\/ilcorrieredellaprovincia\/2020\/10\/31\/frosinone-ok-al-prestito-di-cdp-per-le-periferie-urbane\/#primaryimage"},"thumbnailUrl":"https:\/\/www.tunews24.it\/ilcorrieredellaprovincia\/wp-content\/uploads\/sites\/2\/2019\/05\/stazione-frosinone-e1556991228868.jpg","keywords":["cassa depositi e prestiti","Ciociaria","Frosinone","gianfranco battisti","nicola ottaviani","periferie urbane","pianificazione urbanistica","protocollo d'intesa","sara venturoni"],"articleSection":["*PRIMO PIANO*","Attualit\u00e0"],"inLanguage":"it-IT"},{"@type":"WebPage","@id":"https:\/\/www.tunews24.it\/ilcorrieredellaprovincia\/2020\/10\/31\/frosinone-ok-al-prestito-di-cdp-per-le-periferie-urbane\/","url":"https:\/\/www.tunews24.it\/ilcorrieredellaprovincia\/2020\/10\/31\/frosinone-ok-al-prestito-di-cdp-per-le-periferie-urbane\/","name":"Frosinone, ok al prestito di CdP per le periferie urbane - IlCorriereDellaProvincia.it - News h24 e notizie di approfondimento","isPartOf":{"@id":"https:\/\/www.tunews24.it\/ilcorrieredellaprovincia\/#website"},"primaryImageOfPage":{"@id":"https:\/\/www.tunews24.it\/ilcorrieredellaprovincia\/2020\/10\/31\/frosinone-ok-al-prestito-di-cdp-per-le-periferie-urbane\/#primaryimage"},"image":{"@id":"https:\/\/www.tunews24.it\/ilcorrieredellaprovincia\/2020\/10\/31\/frosinone-ok-al-prestito-di-cdp-per-le-periferie-urbane\/#primaryimage"},"thumbnailUrl":"https:\/\/www.tunews24.it\/ilcorrieredellaprovincia\/wp-content\/uploads\/sites\/2\/2019\/05\/stazione-frosinone-e1556991228868.jpg","datePublished":"2020-10-31T06:16:07+00:00","dateModified":"2020-10-31T06:16:09+00:00","breadcrumb":{"@id":"https:\/\/www.tunews24.it\/ilcorrieredellaprovincia\/2020\/10\/31\/frosinone-ok-al-prestito-di-cdp-per-le-periferie-urbane\/#breadcrumb"},"inLanguage":"it-IT","potentialAction":[{"@type":"ReadAction","target":["https:\/\/www.tunews24.it\/ilcorrieredellaprovincia\/2020\/10\/31\/frosinone-ok-al-prestito-di-cdp-per-le-periferie-urbane\/"]}]},{"@type":"ImageObject","inLanguage":"it-IT","@id":"https:\/\/www.tunews24.it\/ilcorrieredellaprovincia\/2020\/10\/31\/frosinone-ok-al-prestito-di-cdp-per-le-periferie-urbane\/#primaryimage","url":"https:\/\/www.tunews24.it\/ilcorrieredellaprovincia\/wp-content\/uploads\/sites\/2\/2019\/05\/stazione-frosinone-e1556991228868.jpg","contentUrl":"https:\/\/www.tunews24.it\/ilcorrieredellaprovincia\/wp-content\/uploads\/sites\/2\/2019\/05\/stazione-frosinone-e1556991228868.jpg","width":632,"height":392,"caption":"La stazione ferroviaria di Frosinone"},{"@type":"BreadcrumbList","@id":"https:\/\/www.tunews24.it\/ilcorrieredellaprovincia\/2020\/10\/31\/frosinone-ok-al-prestito-di-cdp-per-le-periferie-urbane\/#breadcrumb","itemListElement":[{"@type":"ListItem","position":1,"name":"Home","item":"https:\/\/www.tunews24.it\/ilcorrieredellaprovincia\/"},{"@type":"ListItem","position":2,"name":"Frosinone, ok al prestito di CdP per le periferie urbane"}]},{"@type":"WebSite","@id":"https:\/\/www.tunews24.it\/ilcorrieredellaprovincia\/#website","url":"https:\/\/www.tunews24.it\/ilcorrieredellaprovincia\/","name":"Il Corriere Delle Provincia","description":"IlCorriereDellaProvincia.it, quotidiano web di politica, cronaca, inchiesta, lavoro, scuola, turismo, cultura e spettacolo, economia e finanza, salute e benessere. Approfondimenti e notizie aggiornate con foto e video della provincia di Frosinone ma anche news nazionali, dell\u2019Italia e del Mondo.","publisher":{"@id":"https:\/\/www.tunews24.it\/ilcorrieredellaprovincia\/#organization"},"potentialAction":[{"@type":"SearchAction","target":{"@type":"EntryPoint","urlTemplate":"https:\/\/www.tunews24.it\/ilcorrieredellaprovincia\/?s={search_term_string}"},"query-input":{"@type":"PropertyValueSpecification","valueRequired":true,"valueName":"search_term_string"}}],"inLanguage":"it-IT"},{"@type":"Organization","@id":"https:\/\/www.tunews24.it\/ilcorrieredellaprovincia\/#organization","name":"Globalpress s.r.l.","url":"https:\/\/www.tunews24.it\/ilcorrieredellaprovincia\/","logo":{"@type":"ImageObject","inLanguage":"it-IT","@id":"https:\/\/www.tunews24.it\/ilcorrieredellaprovincia\/#\/schema\/logo\/image\/","url":"https:\/\/www.tunews24.it\/ilcorrieredellaprovincia\/wp-content\/uploads\/sites\/2\/2022\/11\/cropped-il-corriere-della-provincia-testata-web-scontornata.png","contentUrl":"https:\/\/www.tunews24.it\/ilcorrieredellaprovincia\/wp-content\/uploads\/sites\/2\/2022\/11\/cropped-il-corriere-della-provincia-testata-web-scontornata.png","width":2911,"height":717,"caption":"Globalpress s.r.l."},"image":{"@id":"https:\/\/www.tunews24.it\/ilcorrieredellaprovincia\/#\/schema\/logo\/image\/"}},{"@type":"Person","@id":"https:\/\/www.tunews24.it\/ilcorrieredellaprovincia\/#\/schema\/person\/6d7f0a9120d0c03d0c552e9fdf49ed7d","name":"Redazione","image":{"@type":"ImageObject","inLanguage":"it-IT","@id":"https:\/\/www.tunews24.it\/ilcorrieredellaprovincia\/#\/schema\/person\/image\/","url":"https:\/\/secure.gravatar.com\/avatar\/b20622a119cb3fa611b12e3ef009da26?s=96&d=mm&r=g","contentUrl":"https:\/\/secure.gravatar.com\/avatar\/b20622a119cb3fa611b12e3ef009da26?s=96&d=mm&r=g","caption":"Redazione"},"description":"SEGUICI ANCHE SUI SOCIAL Facebook: TuNews24 e TuSport24 Instagram: TuNews24 e TuSport24 Youtube: TuNews24 Telegram: TuNews24 Puoi leggerci anche in formato cartaceo: il settimanale viene pubblicato e distribuito gratuitamente ogni venerd\u00ec in edicole, bar, centri commerciali e svariati esercizi. Ma \u00e8 possibile anche sfogliarlo comodamente online, cliccando su TU NEWS sfogliabile TU NEWS, PASSIONE PER L\u2019INFORMAZIONE","sameAs":["http:\/\/www.tunews24.it","www.facebook.com\/tunews24"],"url":"https:\/\/www.tunews24.it\/ilcorrieredellaprovincia\/author\/senzafirma\/"}]}},"_links":{"self":[{"href":"https:\/\/www.tunews24.it\/ilcorrieredellaprovincia\/wp-json\/wp\/v2\/posts\/47722","targetHints":{"allow":["GET"]}}],"collection":[{"href":"https:\/\/www.tunews24.it\/ilcorrieredellaprovincia\/wp-json\/wp\/v2\/posts"}],"about":[{"href":"https:\/\/www.tunews24.it\/ilcorrieredellaprovincia\/wp-json\/wp\/v2\/types\/post"}],"author":[{"embeddable":true,"href":"https:\/\/www.tunews24.it\/ilcorrieredellaprovincia\/wp-json\/wp\/v2\/users\/18"}],"replies":[{"embeddable":true,"href":"https:\/\/www.tunews24.it\/ilcorrieredellaprovincia\/wp-json\/wp\/v2\/comments?post=47722"}],"version-history":[{"count":1,"href":"https:\/\/www.tunews24.it\/ilcorrieredellaprovincia\/wp-json\/wp\/v2\/posts\/47722\/revisions"}],"predecessor-version":[{"id":47723,"href":"https:\/\/www.tunews24.it\/ilcorrieredellaprovincia\/wp-json\/wp\/v2\/posts\/47722\/revisions\/47723"}],"wp:featuredmedia":[{"embeddable":true,"href":"https:\/\/www.tunews24.it\/ilcorrieredellaprovincia\/wp-json\/wp\/v2\/media\/10961"}],"wp:attachment":[{"href":"https:\/\/www.tunews24.it\/ilcorrieredellaprovincia\/wp-json\/wp\/v2\/media?parent=47722"}],"wp:term":[{"taxonomy":"category","embeddable":true,"href":"https:\/\/www.tunews24.it\/ilcorrieredellaprovincia\/wp-json\/wp\/v2\/categories?post=47722"},{"taxonomy":"post_tag","embeddable":true,"href":"https:\/\/www.tunews24.it\/ilcorrieredellaprovincia\/wp-json\/wp\/v2\/tags?post=47722"}],"curies":[{"name":"wp","href":"https:\/\/api.w.org\/{rel}","templated":true}]}}