{"id":47484,"date":"2020-10-27T12:15:17","date_gmt":"2020-10-27T11:15:17","guid":{"rendered":"https:\/\/www.tunews24.it\/ilcorrieredellaprovincia\/?p=47484"},"modified":"2020-10-27T12:16:38","modified_gmt":"2020-10-27T11:16:38","slug":"ferentino-spaccio-di-crack-e-cocaina-eseguite-nove-misure-cautelari","status":"publish","type":"post","link":"https:\/\/www.tunews24.it\/ilcorrieredellaprovincia\/2020\/10\/27\/ferentino-spaccio-di-crack-e-cocaina-eseguite-nove-misure-cautelari\/","title":{"rendered":"Ferentino, spaccio di crack e cocaina: eseguite nove misure cautelari"},"content":{"rendered":"\n<p><strong>I Carabinieri della Compagnia di Anagni, coadiuvati dai militari del Comando Provinciale di Frosinone<\/strong>, nonch\u00e9 da un\u2019unit\u00e0 cinofila del Nucleo Cinofili di Ponte Galeria, hanno dato esecuzione ad un\u2019ordinanza di misura cautelare a carico di 9 persone, emessa dal GIP del Tribunale di Frosinone (Dott.ssa I. Logoluso) su richiesta della locale Procura della Repubblica (Sost. Proc. Dott.ssa B. Trotta), nei confronti di soggetti ritenuti responsabili a vario titolo di plurimi reati di <em>detenzione e spaccio di sostanze stupefacenti<\/em> del tipo cocaina e crack con l\u2019aggravante della continuazione.<\/p>\n\n\n\n<h3 class=\"wp-block-heading\">L&#8217;operazione<\/h3>\n\n\n\n<p>L<strong>e indagini, sviluppate dalla Stazione Carabinieri di Ferentino e condotte in modo tradizionale con servizi di osservazione, controllo e pedinamento<\/strong>, hanno avuto inizio nel mese di novembre 2019 e sono terminate nel mese di marzo 2020. I pusher, molto scaltri, sfruttavano i numerosi vicoli e vicoletti del centro storico della cittadina del frusinate, per sfuggire ad eventuali controlli da parte delle forze dell\u2019ordine.<\/p>\n\n\n\n<h3 class=\"wp-block-heading\">Le modalit\u00e0<\/h3>\n\n\n\n<p>I<strong>l modus operandi attuato da due cittadini albanesi presenti sul territorio italiano era semplice e redditizio.<\/strong> I due avevano preso in affitto un appartamento sito nel centro storico di Ferentino per ospitare giovani connazionali provenienti dall\u2019Albania che entravano in Italia con un semplice visto d\u2019ingresso per turismo. Il requisito fondamentare richiesto ai pusher era il loro stato d&#8217;incensuratezza in Italia che avrebbe permesso loro, in caso di arresto, di poter ottenere sconti di pena ed essere liberati velocemente per poi tornare in Albania. Qualora non fossero stati scoperti dalle forze dell\u2019ordine, al termine dei tre mesi (scadenza visto turistico) erano premiati dai promotori dell\u2019organizzazione e rimandati in Albania, con la promessa di una nuova convocazionein Italia. Durante la permanenza in Ferentino gli spacciatori dovevano solo pensare a smerciare la droga che veniva fornita loro dai promoter, che si occupano anche dei loro fabbisogni giornalieri, come ad esempio: alimenti, abbigliamento e divertimento.<\/p>\n\n\n\n<p><strong>Nel sodalizio criminoso figuravano anche due italiani del luogo, un uomo ed una donna che, fungendo da <em>\u201cvedette\u201d<\/em><\/strong><em>,<\/em> stazionavano nei pressi dell\u2019appartamento utilizzato come base per lo spaccio, avvertendo gli occupanti in caso si fossero presentati i Carabinieri della locale Stazione. Il loro ruolo comprendeva anche informazioni sui potenziali assuntori da indirizzare nella zona di spaccio sia su coloro che si recavano ad acquistare lo stupefacente. In taluni casi provvedevano in proprio alla cessione delle dosi.<\/p>\n\n\n\n<p><strong>Grazie a questa sorveglianza e alla rete informativa, il sodalizio ha smerciato una quantit\u00e0 consistente di cocaina e crack a giovani assuntori <\/strong>che, in caso avessero avuto difficolt\u00e0 di pagamento, avrebbero potuto consegnare come contropartita anche oggetti di valore, cellulari, scarpe di marca.<\/p>\n\n\n\n<p><strong>L\u2019attivit\u00e0 delittuosa si protraeva fino a marzo 2020, periodo in cui si decideva di eseguire un diretto intervento nell\u2019appartamento<\/strong> preso in locazione e di trarre in arresto due cittadini albanesi, poi rimessi in libert\u00e0 per via delle difficolt\u00e0 connesse alla chiusura delle attivit\u00e0 dettate dall\u2019emergenza \u201cCOVID-19\u201d.<\/p>\n\n\n\n<h3 class=\"wp-block-heading\">Le misure<\/h3>\n\n\n\n<p>N<strong>el corso della mattinata odierna, sono stati rintracciati 3 dei 9 soggetti colpiti dalla misura: <\/strong>per uno di essi, cittadino albanese 24enne gi\u00e0 censito per reati specifici, si \u00e8 proceduto alla traduzione in carcere presso la Casa Circondariale di Frosinone, mentre i due italiani, un 28enne anch\u2019egli gi\u00e0 censito per reati specifici ed una 20enne incensurata,&nbsp; sono stati posti agli arresti domiciliari presso i rispettivi luoghi di residenza. Gli ulteriori 6 malviventi colpiti dall\u2019ordinanza restrittiva, non sono stati rintracciati sul territorio nazionale poich\u00e9 fatti rientrare in patria dai sodali dopo essere stati controllati dai Carabinieri di Ferentino durante le indagini e vengono attivamente ricercati.<\/p>\n\n\n\n<p><strong>Nel corso delle indagini, i militari di Ferentino hanno verificato circa 900 episodi di spaccio di sostanza stupefacente del tipo \u201ccrack\u201d per un valore di oltre 16.000 euro<\/strong>, sono state tratte in arresto complessivamente 6 persone, deferite in stato di libert\u00e0 altre 2, sequestrati circa 160 gr. di cocaina, segnalati alla Prefettura 23 acquirenti e contravvenzionato un giovane per inosservanza al D.L. anti-COVID, che in pieno lockdown si recava ad acquistare dello stupefacente.<\/p>\n","protected":false},"excerpt":{"rendered":"<p>I Carabinieri della Compagnia di Anagni, coadiuvati dai militari del Comando Provinciale di Frosinone, nonch\u00e9 da un\u2019unit\u00e0 cinofila del Nucleo<\/p>\n","protected":false},"author":18,"featured_media":35543,"comment_status":"closed","ping_status":"closed","sticky":false,"template":"","format":"standard","meta":{"footnotes":""},"categories":[41,2],"tags":[440,90,94,443,7986,189,92,93,442],"class_list":["post-47484","post","type-post","status-publish","format-standard","has-post-thumbnail","hentry","category-slide","category-cronaca","tag-arresti","tag-carabinieri","tag-ciociaria","tag-cocaina","tag-crack","tag-droga","tag-ferentino","tag-frosinone","tag-spaccio"],"yoast_head":"<!-- This site is optimized with the Yoast SEO plugin v23.9 - https:\/\/yoast.com\/wordpress\/plugins\/seo\/ -->\n<title>Ferentino, spaccio di crack e cocaina: eseguite nove misure cautelari - IlCorriereDellaProvincia.it - News h24 e notizie di approfondimento<\/title>\n<meta name=\"robots\" content=\"index, follow, max-snippet:-1, max-image-preview:large, max-video-preview:-1\" \/>\n<link rel=\"canonical\" href=\"https:\/\/www.tunews24.it\/ilcorrieredellaprovincia\/2020\/10\/27\/ferentino-spaccio-di-crack-e-cocaina-eseguite-nove-misure-cautelari\/\" \/>\n<meta property=\"og:locale\" content=\"it_IT\" \/>\n<meta property=\"og:type\" content=\"article\" \/>\n<meta property=\"og:title\" content=\"Ferentino, spaccio di crack e cocaina: eseguite nove misure cautelari - IlCorriereDellaProvincia.it - News h24 e notizie di approfondimento\" \/>\n<meta property=\"og:description\" content=\"I Carabinieri della Compagnia di Anagni, coadiuvati dai militari del Comando Provinciale di Frosinone, nonch\u00e9 da un\u2019unit\u00e0 cinofila del Nucleo\" \/>\n<meta property=\"og:url\" content=\"https:\/\/www.tunews24.it\/ilcorrieredellaprovincia\/2020\/10\/27\/ferentino-spaccio-di-crack-e-cocaina-eseguite-nove-misure-cautelari\/\" \/>\n<meta property=\"og:site_name\" content=\"IlCorriereDellaProvincia.it - News h24 e notizie di approfondimento\" \/>\n<meta property=\"article:author\" content=\"www.facebook.com\/tunews24\" \/>\n<meta property=\"article:published_time\" content=\"2020-10-27T11:15:17+00:00\" \/>\n<meta property=\"article:modified_time\" content=\"2020-10-27T11:16:38+00:00\" \/>\n<meta property=\"og:image\" content=\"https:\/\/www.tunews24.it\/ilcorrieredellaprovincia\/wp-content\/uploads\/sites\/2\/2020\/05\/donna-manette-carabinieri.jpg\" \/>\n\t<meta property=\"og:image:width\" content=\"512\" \/>\n\t<meta property=\"og:image:height\" content=\"341\" \/>\n\t<meta property=\"og:image:type\" content=\"image\/jpeg\" \/>\n<meta name=\"author\" content=\"Redazione\" \/>\n<meta name=\"twitter:card\" content=\"summary_large_image\" \/>\n<meta name=\"twitter:label1\" content=\"Scritto da\" \/>\n\t<meta name=\"twitter:data1\" content=\"Redazione\" \/>\n\t<meta name=\"twitter:label2\" content=\"Tempo di lettura stimato\" \/>\n\t<meta name=\"twitter:data2\" content=\"3 minuti\" \/>\n<script type=\"application\/ld+json\" class=\"yoast-schema-graph\">{\"@context\":\"https:\/\/schema.org\",\"@graph\":[{\"@type\":\"Article\",\"@id\":\"https:\/\/www.tunews24.it\/ilcorrieredellaprovincia\/2020\/10\/27\/ferentino-spaccio-di-crack-e-cocaina-eseguite-nove-misure-cautelari\/#article\",\"isPartOf\":{\"@id\":\"https:\/\/www.tunews24.it\/ilcorrieredellaprovincia\/2020\/10\/27\/ferentino-spaccio-di-crack-e-cocaina-eseguite-nove-misure-cautelari\/\"},\"author\":{\"name\":\"Redazione\",\"@id\":\"https:\/\/www.tunews24.it\/ilcorrieredellaprovincia\/#\/schema\/person\/6d7f0a9120d0c03d0c552e9fdf49ed7d\"},\"headline\":\"Ferentino, spaccio di crack e cocaina: eseguite nove misure cautelari\",\"datePublished\":\"2020-10-27T11:15:17+00:00\",\"dateModified\":\"2020-10-27T11:16:38+00:00\",\"mainEntityOfPage\":{\"@id\":\"https:\/\/www.tunews24.it\/ilcorrieredellaprovincia\/2020\/10\/27\/ferentino-spaccio-di-crack-e-cocaina-eseguite-nove-misure-cautelari\/\"},\"wordCount\":664,\"publisher\":{\"@id\":\"https:\/\/www.tunews24.it\/ilcorrieredellaprovincia\/#organization\"},\"image\":{\"@id\":\"https:\/\/www.tunews24.it\/ilcorrieredellaprovincia\/2020\/10\/27\/ferentino-spaccio-di-crack-e-cocaina-eseguite-nove-misure-cautelari\/#primaryimage\"},\"thumbnailUrl\":\"https:\/\/www.tunews24.it\/ilcorrieredellaprovincia\/wp-content\/uploads\/sites\/2\/2020\/05\/donna-manette-carabinieri.jpg\",\"keywords\":[\"arresti\",\"carabinieri\",\"Ciociaria\",\"cocaina\",\"crack\",\"droga\",\"ferentino\",\"Frosinone\",\"spaccio\"],\"articleSection\":[\"*SLIDE*\",\"Cronaca\"],\"inLanguage\":\"it-IT\"},{\"@type\":\"WebPage\",\"@id\":\"https:\/\/www.tunews24.it\/ilcorrieredellaprovincia\/2020\/10\/27\/ferentino-spaccio-di-crack-e-cocaina-eseguite-nove-misure-cautelari\/\",\"url\":\"https:\/\/www.tunews24.it\/ilcorrieredellaprovincia\/2020\/10\/27\/ferentino-spaccio-di-crack-e-cocaina-eseguite-nove-misure-cautelari\/\",\"name\":\"Ferentino, spaccio di crack e cocaina: eseguite nove misure cautelari - IlCorriereDellaProvincia.it - News h24 e notizie di approfondimento\",\"isPartOf\":{\"@id\":\"https:\/\/www.tunews24.it\/ilcorrieredellaprovincia\/#website\"},\"primaryImageOfPage\":{\"@id\":\"https:\/\/www.tunews24.it\/ilcorrieredellaprovincia\/2020\/10\/27\/ferentino-spaccio-di-crack-e-cocaina-eseguite-nove-misure-cautelari\/#primaryimage\"},\"image\":{\"@id\":\"https:\/\/www.tunews24.it\/ilcorrieredellaprovincia\/2020\/10\/27\/ferentino-spaccio-di-crack-e-cocaina-eseguite-nove-misure-cautelari\/#primaryimage\"},\"thumbnailUrl\":\"https:\/\/www.tunews24.it\/ilcorrieredellaprovincia\/wp-content\/uploads\/sites\/2\/2020\/05\/donna-manette-carabinieri.jpg\",\"datePublished\":\"2020-10-27T11:15:17+00:00\",\"dateModified\":\"2020-10-27T11:16:38+00:00\",\"breadcrumb\":{\"@id\":\"https:\/\/www.tunews24.it\/ilcorrieredellaprovincia\/2020\/10\/27\/ferentino-spaccio-di-crack-e-cocaina-eseguite-nove-misure-cautelari\/#breadcrumb\"},\"inLanguage\":\"it-IT\",\"potentialAction\":[{\"@type\":\"ReadAction\",\"target\":[\"https:\/\/www.tunews24.it\/ilcorrieredellaprovincia\/2020\/10\/27\/ferentino-spaccio-di-crack-e-cocaina-eseguite-nove-misure-cautelari\/\"]}]},{\"@type\":\"ImageObject\",\"inLanguage\":\"it-IT\",\"@id\":\"https:\/\/www.tunews24.it\/ilcorrieredellaprovincia\/2020\/10\/27\/ferentino-spaccio-di-crack-e-cocaina-eseguite-nove-misure-cautelari\/#primaryimage\",\"url\":\"https:\/\/www.tunews24.it\/ilcorrieredellaprovincia\/wp-content\/uploads\/sites\/2\/2020\/05\/donna-manette-carabinieri.jpg\",\"contentUrl\":\"https:\/\/www.tunews24.it\/ilcorrieredellaprovincia\/wp-content\/uploads\/sites\/2\/2020\/05\/donna-manette-carabinieri.jpg\",\"width\":512,\"height\":341},{\"@type\":\"BreadcrumbList\",\"@id\":\"https:\/\/www.tunews24.it\/ilcorrieredellaprovincia\/2020\/10\/27\/ferentino-spaccio-di-crack-e-cocaina-eseguite-nove-misure-cautelari\/#breadcrumb\",\"itemListElement\":[{\"@type\":\"ListItem\",\"position\":1,\"name\":\"Home\",\"item\":\"https:\/\/www.tunews24.it\/ilcorrieredellaprovincia\/\"},{\"@type\":\"ListItem\",\"position\":2,\"name\":\"Ferentino, spaccio di crack e cocaina: eseguite nove misure cautelari\"}]},{\"@type\":\"WebSite\",\"@id\":\"https:\/\/www.tunews24.it\/ilcorrieredellaprovincia\/#website\",\"url\":\"https:\/\/www.tunews24.it\/ilcorrieredellaprovincia\/\",\"name\":\"Il Corriere Delle Provincia\",\"description\":\"IlCorriereDellaProvincia.it, quotidiano web di politica, cronaca, inchiesta, lavoro, scuola, turismo, cultura e spettacolo, economia e finanza, salute e benessere. Approfondimenti e notizie aggiornate con foto e video della provincia di Frosinone ma anche news nazionali, dell\u2019Italia e del Mondo.\",\"publisher\":{\"@id\":\"https:\/\/www.tunews24.it\/ilcorrieredellaprovincia\/#organization\"},\"potentialAction\":[{\"@type\":\"SearchAction\",\"target\":{\"@type\":\"EntryPoint\",\"urlTemplate\":\"https:\/\/www.tunews24.it\/ilcorrieredellaprovincia\/?s={search_term_string}\"},\"query-input\":{\"@type\":\"PropertyValueSpecification\",\"valueRequired\":true,\"valueName\":\"search_term_string\"}}],\"inLanguage\":\"it-IT\"},{\"@type\":\"Organization\",\"@id\":\"https:\/\/www.tunews24.it\/ilcorrieredellaprovincia\/#organization\",\"name\":\"Globalpress s.r.l.\",\"url\":\"https:\/\/www.tunews24.it\/ilcorrieredellaprovincia\/\",\"logo\":{\"@type\":\"ImageObject\",\"inLanguage\":\"it-IT\",\"@id\":\"https:\/\/www.tunews24.it\/ilcorrieredellaprovincia\/#\/schema\/logo\/image\/\",\"url\":\"https:\/\/www.tunews24.it\/ilcorrieredellaprovincia\/wp-content\/uploads\/sites\/2\/2022\/11\/cropped-il-corriere-della-provincia-testata-web-scontornata.png\",\"contentUrl\":\"https:\/\/www.tunews24.it\/ilcorrieredellaprovincia\/wp-content\/uploads\/sites\/2\/2022\/11\/cropped-il-corriere-della-provincia-testata-web-scontornata.png\",\"width\":2911,\"height\":717,\"caption\":\"Globalpress s.r.l.\"},\"image\":{\"@id\":\"https:\/\/www.tunews24.it\/ilcorrieredellaprovincia\/#\/schema\/logo\/image\/\"}},{\"@type\":\"Person\",\"@id\":\"https:\/\/www.tunews24.it\/ilcorrieredellaprovincia\/#\/schema\/person\/6d7f0a9120d0c03d0c552e9fdf49ed7d\",\"name\":\"Redazione\",\"image\":{\"@type\":\"ImageObject\",\"inLanguage\":\"it-IT\",\"@id\":\"https:\/\/www.tunews24.it\/ilcorrieredellaprovincia\/#\/schema\/person\/image\/\",\"url\":\"https:\/\/secure.gravatar.com\/avatar\/b20622a119cb3fa611b12e3ef009da26?s=96&d=mm&r=g\",\"contentUrl\":\"https:\/\/secure.gravatar.com\/avatar\/b20622a119cb3fa611b12e3ef009da26?s=96&d=mm&r=g\",\"caption\":\"Redazione\"},\"description\":\"SEGUICI ANCHE SUI SOCIAL Facebook: TuNews24 e TuSport24 Instagram: TuNews24 e TuSport24 Youtube: TuNews24 Telegram: TuNews24 Puoi leggerci anche in formato cartaceo: il settimanale viene pubblicato e distribuito gratuitamente ogni venerd\u00ec in edicole, bar, centri commerciali e svariati esercizi. Ma \u00e8 possibile anche sfogliarlo comodamente online, cliccando su TU NEWS sfogliabile TU NEWS, PASSIONE PER L\u2019INFORMAZIONE\",\"sameAs\":[\"http:\/\/www.tunews24.it\",\"www.facebook.com\/tunews24\"],\"url\":\"https:\/\/www.tunews24.it\/ilcorrieredellaprovincia\/author\/senzafirma\/\"}]}<\/script>\n<!-- \/ Yoast SEO plugin. -->","yoast_head_json":{"title":"Ferentino, spaccio di crack e cocaina: eseguite nove misure cautelari - IlCorriereDellaProvincia.it - News h24 e notizie di approfondimento","robots":{"index":"index","follow":"follow","max-snippet":"max-snippet:-1","max-image-preview":"max-image-preview:large","max-video-preview":"max-video-preview:-1"},"canonical":"https:\/\/www.tunews24.it\/ilcorrieredellaprovincia\/2020\/10\/27\/ferentino-spaccio-di-crack-e-cocaina-eseguite-nove-misure-cautelari\/","og_locale":"it_IT","og_type":"article","og_title":"Ferentino, spaccio di crack e cocaina: eseguite nove misure cautelari - IlCorriereDellaProvincia.it - News h24 e notizie di approfondimento","og_description":"I Carabinieri della Compagnia di Anagni, coadiuvati dai militari del Comando Provinciale di Frosinone, nonch\u00e9 da un\u2019unit\u00e0 cinofila del Nucleo","og_url":"https:\/\/www.tunews24.it\/ilcorrieredellaprovincia\/2020\/10\/27\/ferentino-spaccio-di-crack-e-cocaina-eseguite-nove-misure-cautelari\/","og_site_name":"IlCorriereDellaProvincia.it - News h24 e notizie di approfondimento","article_author":"www.facebook.com\/tunews24","article_published_time":"2020-10-27T11:15:17+00:00","article_modified_time":"2020-10-27T11:16:38+00:00","og_image":[{"width":512,"height":341,"url":"https:\/\/www.tunews24.it\/ilcorrieredellaprovincia\/wp-content\/uploads\/sites\/2\/2020\/05\/donna-manette-carabinieri.jpg","type":"image\/jpeg"}],"author":"Redazione","twitter_card":"summary_large_image","twitter_misc":{"Scritto da":"Redazione","Tempo di lettura stimato":"3 minuti"},"schema":{"@context":"https:\/\/schema.org","@graph":[{"@type":"Article","@id":"https:\/\/www.tunews24.it\/ilcorrieredellaprovincia\/2020\/10\/27\/ferentino-spaccio-di-crack-e-cocaina-eseguite-nove-misure-cautelari\/#article","isPartOf":{"@id":"https:\/\/www.tunews24.it\/ilcorrieredellaprovincia\/2020\/10\/27\/ferentino-spaccio-di-crack-e-cocaina-eseguite-nove-misure-cautelari\/"},"author":{"name":"Redazione","@id":"https:\/\/www.tunews24.it\/ilcorrieredellaprovincia\/#\/schema\/person\/6d7f0a9120d0c03d0c552e9fdf49ed7d"},"headline":"Ferentino, spaccio di crack e cocaina: eseguite nove misure cautelari","datePublished":"2020-10-27T11:15:17+00:00","dateModified":"2020-10-27T11:16:38+00:00","mainEntityOfPage":{"@id":"https:\/\/www.tunews24.it\/ilcorrieredellaprovincia\/2020\/10\/27\/ferentino-spaccio-di-crack-e-cocaina-eseguite-nove-misure-cautelari\/"},"wordCount":664,"publisher":{"@id":"https:\/\/www.tunews24.it\/ilcorrieredellaprovincia\/#organization"},"image":{"@id":"https:\/\/www.tunews24.it\/ilcorrieredellaprovincia\/2020\/10\/27\/ferentino-spaccio-di-crack-e-cocaina-eseguite-nove-misure-cautelari\/#primaryimage"},"thumbnailUrl":"https:\/\/www.tunews24.it\/ilcorrieredellaprovincia\/wp-content\/uploads\/sites\/2\/2020\/05\/donna-manette-carabinieri.jpg","keywords":["arresti","carabinieri","Ciociaria","cocaina","crack","droga","ferentino","Frosinone","spaccio"],"articleSection":["*SLIDE*","Cronaca"],"inLanguage":"it-IT"},{"@type":"WebPage","@id":"https:\/\/www.tunews24.it\/ilcorrieredellaprovincia\/2020\/10\/27\/ferentino-spaccio-di-crack-e-cocaina-eseguite-nove-misure-cautelari\/","url":"https:\/\/www.tunews24.it\/ilcorrieredellaprovincia\/2020\/10\/27\/ferentino-spaccio-di-crack-e-cocaina-eseguite-nove-misure-cautelari\/","name":"Ferentino, spaccio di crack e cocaina: eseguite nove misure cautelari - IlCorriereDellaProvincia.it - News h24 e notizie di approfondimento","isPartOf":{"@id":"https:\/\/www.tunews24.it\/ilcorrieredellaprovincia\/#website"},"primaryImageOfPage":{"@id":"https:\/\/www.tunews24.it\/ilcorrieredellaprovincia\/2020\/10\/27\/ferentino-spaccio-di-crack-e-cocaina-eseguite-nove-misure-cautelari\/#primaryimage"},"image":{"@id":"https:\/\/www.tunews24.it\/ilcorrieredellaprovincia\/2020\/10\/27\/ferentino-spaccio-di-crack-e-cocaina-eseguite-nove-misure-cautelari\/#primaryimage"},"thumbnailUrl":"https:\/\/www.tunews24.it\/ilcorrieredellaprovincia\/wp-content\/uploads\/sites\/2\/2020\/05\/donna-manette-carabinieri.jpg","datePublished":"2020-10-27T11:15:17+00:00","dateModified":"2020-10-27T11:16:38+00:00","breadcrumb":{"@id":"https:\/\/www.tunews24.it\/ilcorrieredellaprovincia\/2020\/10\/27\/ferentino-spaccio-di-crack-e-cocaina-eseguite-nove-misure-cautelari\/#breadcrumb"},"inLanguage":"it-IT","potentialAction":[{"@type":"ReadAction","target":["https:\/\/www.tunews24.it\/ilcorrieredellaprovincia\/2020\/10\/27\/ferentino-spaccio-di-crack-e-cocaina-eseguite-nove-misure-cautelari\/"]}]},{"@type":"ImageObject","inLanguage":"it-IT","@id":"https:\/\/www.tunews24.it\/ilcorrieredellaprovincia\/2020\/10\/27\/ferentino-spaccio-di-crack-e-cocaina-eseguite-nove-misure-cautelari\/#primaryimage","url":"https:\/\/www.tunews24.it\/ilcorrieredellaprovincia\/wp-content\/uploads\/sites\/2\/2020\/05\/donna-manette-carabinieri.jpg","contentUrl":"https:\/\/www.tunews24.it\/ilcorrieredellaprovincia\/wp-content\/uploads\/sites\/2\/2020\/05\/donna-manette-carabinieri.jpg","width":512,"height":341},{"@type":"BreadcrumbList","@id":"https:\/\/www.tunews24.it\/ilcorrieredellaprovincia\/2020\/10\/27\/ferentino-spaccio-di-crack-e-cocaina-eseguite-nove-misure-cautelari\/#breadcrumb","itemListElement":[{"@type":"ListItem","position":1,"name":"Home","item":"https:\/\/www.tunews24.it\/ilcorrieredellaprovincia\/"},{"@type":"ListItem","position":2,"name":"Ferentino, spaccio di crack e cocaina: eseguite nove misure cautelari"}]},{"@type":"WebSite","@id":"https:\/\/www.tunews24.it\/ilcorrieredellaprovincia\/#website","url":"https:\/\/www.tunews24.it\/ilcorrieredellaprovincia\/","name":"Il Corriere Delle Provincia","description":"IlCorriereDellaProvincia.it, quotidiano web di politica, cronaca, inchiesta, lavoro, scuola, turismo, cultura e spettacolo, economia e finanza, salute e benessere. Approfondimenti e notizie aggiornate con foto e video della provincia di Frosinone ma anche news nazionali, dell\u2019Italia e del Mondo.","publisher":{"@id":"https:\/\/www.tunews24.it\/ilcorrieredellaprovincia\/#organization"},"potentialAction":[{"@type":"SearchAction","target":{"@type":"EntryPoint","urlTemplate":"https:\/\/www.tunews24.it\/ilcorrieredellaprovincia\/?s={search_term_string}"},"query-input":{"@type":"PropertyValueSpecification","valueRequired":true,"valueName":"search_term_string"}}],"inLanguage":"it-IT"},{"@type":"Organization","@id":"https:\/\/www.tunews24.it\/ilcorrieredellaprovincia\/#organization","name":"Globalpress s.r.l.","url":"https:\/\/www.tunews24.it\/ilcorrieredellaprovincia\/","logo":{"@type":"ImageObject","inLanguage":"it-IT","@id":"https:\/\/www.tunews24.it\/ilcorrieredellaprovincia\/#\/schema\/logo\/image\/","url":"https:\/\/www.tunews24.it\/ilcorrieredellaprovincia\/wp-content\/uploads\/sites\/2\/2022\/11\/cropped-il-corriere-della-provincia-testata-web-scontornata.png","contentUrl":"https:\/\/www.tunews24.it\/ilcorrieredellaprovincia\/wp-content\/uploads\/sites\/2\/2022\/11\/cropped-il-corriere-della-provincia-testata-web-scontornata.png","width":2911,"height":717,"caption":"Globalpress s.r.l."},"image":{"@id":"https:\/\/www.tunews24.it\/ilcorrieredellaprovincia\/#\/schema\/logo\/image\/"}},{"@type":"Person","@id":"https:\/\/www.tunews24.it\/ilcorrieredellaprovincia\/#\/schema\/person\/6d7f0a9120d0c03d0c552e9fdf49ed7d","name":"Redazione","image":{"@type":"ImageObject","inLanguage":"it-IT","@id":"https:\/\/www.tunews24.it\/ilcorrieredellaprovincia\/#\/schema\/person\/image\/","url":"https:\/\/secure.gravatar.com\/avatar\/b20622a119cb3fa611b12e3ef009da26?s=96&d=mm&r=g","contentUrl":"https:\/\/secure.gravatar.com\/avatar\/b20622a119cb3fa611b12e3ef009da26?s=96&d=mm&r=g","caption":"Redazione"},"description":"SEGUICI ANCHE SUI SOCIAL Facebook: TuNews24 e TuSport24 Instagram: TuNews24 e TuSport24 Youtube: TuNews24 Telegram: TuNews24 Puoi leggerci anche in formato cartaceo: il settimanale viene pubblicato e distribuito gratuitamente ogni venerd\u00ec in edicole, bar, centri commerciali e svariati esercizi. Ma \u00e8 possibile anche sfogliarlo comodamente online, cliccando su TU NEWS sfogliabile TU NEWS, PASSIONE PER L\u2019INFORMAZIONE","sameAs":["http:\/\/www.tunews24.it","www.facebook.com\/tunews24"],"url":"https:\/\/www.tunews24.it\/ilcorrieredellaprovincia\/author\/senzafirma\/"}]}},"_links":{"self":[{"href":"https:\/\/www.tunews24.it\/ilcorrieredellaprovincia\/wp-json\/wp\/v2\/posts\/47484","targetHints":{"allow":["GET"]}}],"collection":[{"href":"https:\/\/www.tunews24.it\/ilcorrieredellaprovincia\/wp-json\/wp\/v2\/posts"}],"about":[{"href":"https:\/\/www.tunews24.it\/ilcorrieredellaprovincia\/wp-json\/wp\/v2\/types\/post"}],"author":[{"embeddable":true,"href":"https:\/\/www.tunews24.it\/ilcorrieredellaprovincia\/wp-json\/wp\/v2\/users\/18"}],"replies":[{"embeddable":true,"href":"https:\/\/www.tunews24.it\/ilcorrieredellaprovincia\/wp-json\/wp\/v2\/comments?post=47484"}],"version-history":[{"count":2,"href":"https:\/\/www.tunews24.it\/ilcorrieredellaprovincia\/wp-json\/wp\/v2\/posts\/47484\/revisions"}],"predecessor-version":[{"id":47486,"href":"https:\/\/www.tunews24.it\/ilcorrieredellaprovincia\/wp-json\/wp\/v2\/posts\/47484\/revisions\/47486"}],"wp:featuredmedia":[{"embeddable":true,"href":"https:\/\/www.tunews24.it\/ilcorrieredellaprovincia\/wp-json\/wp\/v2\/media\/35543"}],"wp:attachment":[{"href":"https:\/\/www.tunews24.it\/ilcorrieredellaprovincia\/wp-json\/wp\/v2\/media?parent=47484"}],"wp:term":[{"taxonomy":"category","embeddable":true,"href":"https:\/\/www.tunews24.it\/ilcorrieredellaprovincia\/wp-json\/wp\/v2\/categories?post=47484"},{"taxonomy":"post_tag","embeddable":true,"href":"https:\/\/www.tunews24.it\/ilcorrieredellaprovincia\/wp-json\/wp\/v2\/tags?post=47484"}],"curies":[{"name":"wp","href":"https:\/\/api.w.org\/{rel}","templated":true}]}}