{"id":3525,"date":"2018-12-19T15:54:39","date_gmt":"2018-12-19T14:54:39","guid":{"rendered":"https:\/\/www.tunews24.it\/ilcorrieredellaprovincia\/?p=3525"},"modified":"2018-12-19T17:51:05","modified_gmt":"2018-12-19T16:51:05","slug":"stirpe-presenta-baroni-e-a-qualcuno-il-conto","status":"publish","type":"post","link":"https:\/\/www.tunews24.it\/ilcorrieredellaprovincia\/2018\/12\/19\/stirpe-presenta-baroni-e-a-qualcuno-il-conto\/","title":{"rendered":"Stirpe presenta Baroni. E a qualcuno il conto"},"content":{"rendered":"<p>La calza della befana, <strong>Maurizio Stirpe<\/strong>, l\u2019ha consegnata in anticipo. Con dentro un carbone pi\u00f9 nero della pece. L\u2019unico regalo lo ha fatto a tifosi, che definisce i veri proprietari della squadra. Sotto l\u2019albero di Natale, per il momento, c\u2019\u00e8 un nuovo allenatore: Marco Baroni.<\/p>\n<p>Ma ha garantito che le sorprese non finiranno qui: presto arriveranno rinforzi. Per lui chi non crede pi\u00f9 nel progetto deve andarsene.<\/p>\n<h2>L\u2019incontro con i giornalisti<\/h2>\n<p>\u00c8 una conferenza stampa dai due volti, quella andata in scena stamattina all\u2019interno della sala stampa del Frosinone Calcio. Perch\u00e9 prima di presentare mister Baroni, che attende dietro le quinte, Maurizio Stirpe sale in cattedra e usa parole di fuoco nei confronti dei giornalisti, presenti e assenti.<\/p>\n<p>Una tirata d\u2019orecchie, stavolta, la riserva pure a qualche ultr\u00e0.\u00a0 Perch\u00e9 &#8220;le contestazioni si accettano. Le volgarit\u00e0 no&#8221;.<\/p>\n<h2>Le parole su mister Longo<\/h2>\n<p>&#8220;Abbiamo sollevato Moreno Longo dall\u2019incarico e dal rapporto di lavoro che lo legava alla nostra Societ\u00e0\u201d. Le prime parole che pronuncia. \u201cCi tengo, per\u00f2, a dire che non \u00e8 una decisione che mi ha fatto piacere. Al di l\u00e0 di ogni altra considerazione \u2013 evidenzia &#8211;\u00a0 il motivo essenziale dell\u2019esonero risiede nell\u2019eccesso di ansiet\u00e0 che si respira nell\u2019ambiente, per cui la sua permanenza era diventata difficile&#8221;.<\/p>\n<p>Una decisione, precisa il patron, assunta e condivisa con i suoi collaboratori. &#8220;Durante la mia vita \u2013 chiosa &#8211; non ho mai voluto puntare le pistole alla tempia di nessuno.\u00a0 Ringrazio Il mister per tutto quello che ha fatto e ha dato al Frosinone. \u00c8 stato un allenatore importante, ha conquistato una promozione in A e per questo rimarr\u00e0 nella storia di questa societ\u00e0. L\u2019esonero \u2013 ribadisce &#8211; non era la decisione migliore, ma l\u2019unica possibile. Purtroppo le cose non sono andate come avevamo previsto e questo dispiace&#8221;.<\/p>\n<figure id=\"attachment_3526\" aria-describedby=\"caption-attachment-3526\" style=\"width: 632px\" class=\"wp-caption aligncenter\"><img loading=\"lazy\" decoding=\"async\" class=\"wp-image-3526 size-full\" src=\"https:\/\/www.tunews24.it\/ilcorrieredellaprovincia\/wp-content\/uploads\/sites\/2\/2018\/12\/stirpe-conferenza-frosinone-e1545230528559.jpg\" alt=\"conferenza stampa frosinone calcio maurizio stirpe ciociaria\" width=\"632\" height=\"388\" \/><figcaption id=\"caption-attachment-3526\" class=\"wp-caption-text\">Un momento della conferenza stampa di Maurizio Stirpe<\/figcaption><\/figure>\n<p>&nbsp;<\/p>\n<p>E alla domanda sulle responsabilit\u00e0 risponde: &#8220;Sono di tutti. Le mie, dei collaboratori, dell\u2019allenatore e dei giocatori. Il punto, per\u00f2, \u00e8 che quando sono state effettuate determinate scelte eravamo convinti.\u00a0 A mio avviso \u2013 aggiunge con forza &#8211;\u00a0 ancora non abbiamo espresso il nostro potenziale: nelle prime otto giornate abbiamo raccolto un punto e sette nelle altre otto, perdendo comunque con squadre forti come Napoli e Inter. Durante la gara contro il Sassuolo \u2013 fa notare &#8211; nel primo tempo siamo stati in gioco. Nella ripresa, invece, qualche mossa \u00e8 stata sbagliata e\u00a0 abbiamo consegnato il match agli avversari. E, infatti, domenica sera all\u2019allenatore ho chiesto il perch\u00e9 del cambio dell\u2019assetto tattico&#8221;.<\/p>\n<h2>Un\u2019accusa e una promessa<\/h2>\n<p>Una stoccata, Stirpe, l\u2019ha riserva a chi crede che sia tutto facile. Che le imprese del Frosinone siano piovute dal cielo, senza impegno.<\/p>\n<p>\u201cProbabilmente il discorso dello<strong> stadio<\/strong> e delle <strong>infrastrutture<\/strong> &#8211; spiega &#8211;\u00a0 ha suscitato aspettative diverse. La Serie A \u00e8 ancora un\u2019eccezione per questa piazza, non la regola. Noi puntiamo a farla diventare una regola, ma ci vuole del tempo. Perch\u00e9 se si vuole competere ad alti livelli si devono avere le giuste risorse, c\u2019\u00e8 poco da fare. Le differenze tra B e A sono notevoli\u201d.<\/p>\n<p>E poi un esempio:\u00a0 &#8220;Quando il Sassuolo \u00e8 arrivato nella massima serie per la prima volta, era nella situazione attuale del Frosinone. Ma ha avuto la determinazione e la possibilit\u00e0 di riuscire a riacciuffare la salvezza con un mercato importante. Loro, per\u00f2, hanno forze imprenditoriali diverse dalle nostre.\u00a0 Dico questo senza nasconderlo o senza vergogna. Sono una squadra di calcio che \u00e8 un ramo di una grande azienda.\u00a0 Noi, comunque, faremo il massimo per non retrocedere. L\u2019operazione di potenziamento sar\u00e0 molto importante e riguarder\u00e0 tutti i reparti&#8221;.<\/p>\n<h2>Contro i detrattori<\/h2>\n<p>Infine la\u00a0 bordata a chi, a suo avviso, rema contro. &#8220;Vedo un modo di ragionare cafonesco e giustizialista, che non tiene assolutamente in debita considerazione i percorsi che abbiamo compiuto in 16 anni, non rendendosi conto degli sforzi che la societ\u00e0 sta facendo per tenere alto il nome della citt\u00e0 e del Frosinone calcio. Leggo su alcuni organi di stampa \u2013 evidenzia &#8211; che le operazioni di valorizzazione del brand sarebbero da evitare perch\u00e9 bisognerebbe prima potenziare la squadra . Dico che questa affermazione proviene da persone cafone, ignoranti e la rispedisco al mittente. Ragionare con chi scambia la causa per l\u2019effetto \u00e8 una cosa ridicola&#8221;.<\/p>\n<p>&#8220;Comincio pure a notare i presupposti di chi vuole iniziare a farsi del male. Possiamo continuare su questa strada ma in tal caso ognuno si assumer\u00e0 le proprie responsabilit\u00e0. Perch\u00e9 io &#8211; precisa &#8211; non nutro sensi di colpa nei confronti di nessuno e penso di essere a credito, \u00a0non a debito. Comunque da questa parte non trovate persone arrendevoli ma gente consapevole del ruolo che sta svolgendo e vuole rispetto ed educazione. Gente che chiede correttezza nell\u2019interpretazione anche degli accadimenti e dei fatti che si verificano, nello svolgimento di tutto quello che ruota attorno al Frosinone. E rivendica anche l\u2019oggettivit\u00e0 nella valutazione&#8221;.<\/p>\n<p>&#8220;Non dimenticate mai da dove siamo partiti. Ricordatevi sempre il prato del Matusa con l\u2019erba alta un metro. Pensate a dove siamo oggi e al percorso compiuto, con la collaborazione, l\u2019affetto e la comunione di intenti da parte di tutti. Ogni volta che questa collaborazione, questo mix positivo \u00e8 venuto meno, si sono creati danni. Proviamo a non fare nostra questa cattiva pratica, andando ad analizzare le ragioni che ci hanno condotto a questo momento. Ora dobbiamo provare a correggere gli errori. Ma non si deve assimilare la nostra esperienza a quella di Milan, Inter o Real Madrid. Noi siamo sempre il Frosinone. Possiamo fare un percorso per restare nel calcio professionistico &#8211; conclude &#8211; che significa rimanere tra le prime 30-40 squadre italiane. Se non abbiamo umilt\u00e0 e compattezza ci facciamo soltanto del male. Meglio di cos\u00ec non si pu\u00f2 fare e, invece, \u00e8 molto probabile che si vada peggio. E allora &#8211; il messaggio finale &#8211;\u00a0 facciamoci un esame di coscienza, visto che Natale siamo tutti pi\u00f9 buoni&#8221;.<\/p>\n","protected":false},"excerpt":{"rendered":"<p>La calza della befana, Maurizio Stirpe, l\u2019ha consegnata in anticipo. Con dentro un carbone pi\u00f9 nero della pece. L\u2019unico regalo<\/p>\n","protected":false},"author":3,"featured_media":3527,"comment_status":"open","ping_status":"open","sticky":false,"template":"","format":"standard","meta":{"footnotes":""},"categories":[41],"tags":[1281,94,93,1131,1283,1077,1282,1285,1284,1132],"class_list":["post-3525","post","type-post","status-publish","format-standard","has-post-thumbnail","hentry","category-slide","tag-allenatore","tag-ciociaria","tag-frosinone","tag-frosinone-calcio","tag-marco-baroni","tag-maurizio-stirpe","tag-mister","tag-moreno-longo","tag-squadra","tag-tifosi"],"yoast_head":"<!-- This site is optimized with the Yoast SEO plugin v23.9 - https:\/\/yoast.com\/wordpress\/plugins\/seo\/ -->\n<title>Stirpe presenta Baroni. E a qualcuno il conto - IlCorriereDellaProvincia.it - News h24 e notizie di approfondimento<\/title>\n<meta name=\"description\" content=\"Il patron del Frosinone calcio Maurizio Stirpe presenta ai giornalisti il nuovo allenatore giallazzurro Marco Baroni e si toglie pi\u00f9 di qualche sassolino.\" \/>\n<meta name=\"robots\" content=\"index, follow, max-snippet:-1, max-image-preview:large, max-video-preview:-1\" \/>\n<link rel=\"canonical\" href=\"https:\/\/www.tunews24.it\/ilcorrieredellaprovincia\/2018\/12\/19\/stirpe-presenta-baroni-e-a-qualcuno-il-conto\/\" \/>\n<meta property=\"og:locale\" content=\"it_IT\" \/>\n<meta property=\"og:type\" content=\"article\" \/>\n<meta property=\"og:title\" content=\"Stirpe presenta Baroni. E a qualcuno il conto - IlCorriereDellaProvincia.it - News h24 e notizie di approfondimento\" \/>\n<meta property=\"og:description\" content=\"Il patron del Frosinone calcio Maurizio Stirpe presenta ai giornalisti il nuovo allenatore giallazzurro Marco Baroni e si toglie pi\u00f9 di qualche sassolino.\" \/>\n<meta property=\"og:url\" content=\"https:\/\/www.tunews24.it\/ilcorrieredellaprovincia\/2018\/12\/19\/stirpe-presenta-baroni-e-a-qualcuno-il-conto\/\" \/>\n<meta property=\"og:site_name\" content=\"IlCorriereDellaProvincia.it - News h24 e notizie di approfondimento\" \/>\n<meta property=\"article:author\" content=\"http:\/\/www.facebook.com\/TuNews24\" \/>\n<meta property=\"article:published_time\" content=\"2018-12-19T14:54:39+00:00\" \/>\n<meta property=\"article:modified_time\" content=\"2018-12-19T16:51:05+00:00\" \/>\n<meta property=\"og:image\" content=\"https:\/\/www.tunews24.it\/ilcorrieredellaprovincia\/wp-content\/uploads\/sites\/2\/2018\/12\/stirpe-baroni-frosinone-e1545230642470.jpg\" \/>\n\t<meta property=\"og:image:width\" content=\"632\" \/>\n\t<meta property=\"og:image:height\" content=\"441\" \/>\n\t<meta property=\"og:image:type\" content=\"image\/jpeg\" \/>\n<meta name=\"author\" content=\"Gianluca Trento\" \/>\n<meta name=\"twitter:card\" content=\"summary_large_image\" \/>\n<meta name=\"twitter:label1\" content=\"Scritto da\" \/>\n\t<meta name=\"twitter:data1\" content=\"Gianluca Trento\" \/>\n\t<meta name=\"twitter:label2\" content=\"Tempo di lettura stimato\" \/>\n\t<meta name=\"twitter:data2\" content=\"5 minuti\" \/>\n<script type=\"application\/ld+json\" class=\"yoast-schema-graph\">{\"@context\":\"https:\/\/schema.org\",\"@graph\":[{\"@type\":\"Article\",\"@id\":\"https:\/\/www.tunews24.it\/ilcorrieredellaprovincia\/2018\/12\/19\/stirpe-presenta-baroni-e-a-qualcuno-il-conto\/#article\",\"isPartOf\":{\"@id\":\"https:\/\/www.tunews24.it\/ilcorrieredellaprovincia\/2018\/12\/19\/stirpe-presenta-baroni-e-a-qualcuno-il-conto\/\"},\"author\":{\"name\":\"Gianluca Trento\",\"@id\":\"https:\/\/www.tunews24.it\/ilcorrieredellaprovincia\/#\/schema\/person\/61ad8468fc64fa3e36d950057c9c2cbd\"},\"headline\":\"Stirpe presenta Baroni. E a qualcuno il conto\",\"datePublished\":\"2018-12-19T14:54:39+00:00\",\"dateModified\":\"2018-12-19T16:51:05+00:00\",\"mainEntityOfPage\":{\"@id\":\"https:\/\/www.tunews24.it\/ilcorrieredellaprovincia\/2018\/12\/19\/stirpe-presenta-baroni-e-a-qualcuno-il-conto\/\"},\"wordCount\":997,\"commentCount\":0,\"publisher\":{\"@id\":\"https:\/\/www.tunews24.it\/ilcorrieredellaprovincia\/#organization\"},\"image\":{\"@id\":\"https:\/\/www.tunews24.it\/ilcorrieredellaprovincia\/2018\/12\/19\/stirpe-presenta-baroni-e-a-qualcuno-il-conto\/#primaryimage\"},\"thumbnailUrl\":\"https:\/\/www.tunews24.it\/ilcorrieredellaprovincia\/wp-content\/uploads\/sites\/2\/2018\/12\/stirpe-baroni-frosinone-e1545230642470.jpg\",\"keywords\":[\"allenatore\",\"Ciociaria\",\"Frosinone\",\"Frosinone Calcio\",\"marco baroni\",\"maurizio stirpe\",\"mister\",\"moreno longo\",\"squadra\",\"Tifosi\"],\"articleSection\":[\"*SLIDE*\"],\"inLanguage\":\"it-IT\",\"potentialAction\":[{\"@type\":\"CommentAction\",\"name\":\"Comment\",\"target\":[\"https:\/\/www.tunews24.it\/ilcorrieredellaprovincia\/2018\/12\/19\/stirpe-presenta-baroni-e-a-qualcuno-il-conto\/#respond\"]}]},{\"@type\":\"WebPage\",\"@id\":\"https:\/\/www.tunews24.it\/ilcorrieredellaprovincia\/2018\/12\/19\/stirpe-presenta-baroni-e-a-qualcuno-il-conto\/\",\"url\":\"https:\/\/www.tunews24.it\/ilcorrieredellaprovincia\/2018\/12\/19\/stirpe-presenta-baroni-e-a-qualcuno-il-conto\/\",\"name\":\"Stirpe presenta Baroni. E a qualcuno il conto - IlCorriereDellaProvincia.it - News h24 e notizie di approfondimento\",\"isPartOf\":{\"@id\":\"https:\/\/www.tunews24.it\/ilcorrieredellaprovincia\/#website\"},\"primaryImageOfPage\":{\"@id\":\"https:\/\/www.tunews24.it\/ilcorrieredellaprovincia\/2018\/12\/19\/stirpe-presenta-baroni-e-a-qualcuno-il-conto\/#primaryimage\"},\"image\":{\"@id\":\"https:\/\/www.tunews24.it\/ilcorrieredellaprovincia\/2018\/12\/19\/stirpe-presenta-baroni-e-a-qualcuno-il-conto\/#primaryimage\"},\"thumbnailUrl\":\"https:\/\/www.tunews24.it\/ilcorrieredellaprovincia\/wp-content\/uploads\/sites\/2\/2018\/12\/stirpe-baroni-frosinone-e1545230642470.jpg\",\"datePublished\":\"2018-12-19T14:54:39+00:00\",\"dateModified\":\"2018-12-19T16:51:05+00:00\",\"description\":\"Il patron del Frosinone calcio Maurizio Stirpe presenta ai giornalisti il nuovo allenatore giallazzurro Marco Baroni e si toglie pi\u00f9 di qualche sassolino.\",\"breadcrumb\":{\"@id\":\"https:\/\/www.tunews24.it\/ilcorrieredellaprovincia\/2018\/12\/19\/stirpe-presenta-baroni-e-a-qualcuno-il-conto\/#breadcrumb\"},\"inLanguage\":\"it-IT\",\"potentialAction\":[{\"@type\":\"ReadAction\",\"target\":[\"https:\/\/www.tunews24.it\/ilcorrieredellaprovincia\/2018\/12\/19\/stirpe-presenta-baroni-e-a-qualcuno-il-conto\/\"]}]},{\"@type\":\"ImageObject\",\"inLanguage\":\"it-IT\",\"@id\":\"https:\/\/www.tunews24.it\/ilcorrieredellaprovincia\/2018\/12\/19\/stirpe-presenta-baroni-e-a-qualcuno-il-conto\/#primaryimage\",\"url\":\"https:\/\/www.tunews24.it\/ilcorrieredellaprovincia\/wp-content\/uploads\/sites\/2\/2018\/12\/stirpe-baroni-frosinone-e1545230642470.jpg\",\"contentUrl\":\"https:\/\/www.tunews24.it\/ilcorrieredellaprovincia\/wp-content\/uploads\/sites\/2\/2018\/12\/stirpe-baroni-frosinone-e1545230642470.jpg\",\"width\":632,\"height\":441,\"caption\":\"Il patron del Frosinone calcio Maurizio Stirpe con il nuovo allenatore Marco Baroni\"},{\"@type\":\"BreadcrumbList\",\"@id\":\"https:\/\/www.tunews24.it\/ilcorrieredellaprovincia\/2018\/12\/19\/stirpe-presenta-baroni-e-a-qualcuno-il-conto\/#breadcrumb\",\"itemListElement\":[{\"@type\":\"ListItem\",\"position\":1,\"name\":\"Home\",\"item\":\"https:\/\/www.tunews24.it\/ilcorrieredellaprovincia\/\"},{\"@type\":\"ListItem\",\"position\":2,\"name\":\"Stirpe presenta Baroni. E a qualcuno il conto\"}]},{\"@type\":\"WebSite\",\"@id\":\"https:\/\/www.tunews24.it\/ilcorrieredellaprovincia\/#website\",\"url\":\"https:\/\/www.tunews24.it\/ilcorrieredellaprovincia\/\",\"name\":\"Il Corriere Delle Provincia\",\"description\":\"IlCorriereDellaProvincia.it, quotidiano web di politica, cronaca, inchiesta, lavoro, scuola, turismo, cultura e spettacolo, economia e finanza, salute e benessere. Approfondimenti e notizie aggiornate con foto e video della provincia di Frosinone ma anche news nazionali, dell\u2019Italia e del Mondo.\",\"publisher\":{\"@id\":\"https:\/\/www.tunews24.it\/ilcorrieredellaprovincia\/#organization\"},\"potentialAction\":[{\"@type\":\"SearchAction\",\"target\":{\"@type\":\"EntryPoint\",\"urlTemplate\":\"https:\/\/www.tunews24.it\/ilcorrieredellaprovincia\/?s={search_term_string}\"},\"query-input\":{\"@type\":\"PropertyValueSpecification\",\"valueRequired\":true,\"valueName\":\"search_term_string\"}}],\"inLanguage\":\"it-IT\"},{\"@type\":\"Organization\",\"@id\":\"https:\/\/www.tunews24.it\/ilcorrieredellaprovincia\/#organization\",\"name\":\"Globalpress s.r.l.\",\"url\":\"https:\/\/www.tunews24.it\/ilcorrieredellaprovincia\/\",\"logo\":{\"@type\":\"ImageObject\",\"inLanguage\":\"it-IT\",\"@id\":\"https:\/\/www.tunews24.it\/ilcorrieredellaprovincia\/#\/schema\/logo\/image\/\",\"url\":\"https:\/\/www.tunews24.it\/ilcorrieredellaprovincia\/wp-content\/uploads\/sites\/2\/2022\/11\/cropped-il-corriere-della-provincia-testata-web-scontornata.png\",\"contentUrl\":\"https:\/\/www.tunews24.it\/ilcorrieredellaprovincia\/wp-content\/uploads\/sites\/2\/2022\/11\/cropped-il-corriere-della-provincia-testata-web-scontornata.png\",\"width\":2911,\"height\":717,\"caption\":\"Globalpress s.r.l.\"},\"image\":{\"@id\":\"https:\/\/www.tunews24.it\/ilcorrieredellaprovincia\/#\/schema\/logo\/image\/\"}},{\"@type\":\"Person\",\"@id\":\"https:\/\/www.tunews24.it\/ilcorrieredellaprovincia\/#\/schema\/person\/61ad8468fc64fa3e36d950057c9c2cbd\",\"name\":\"Gianluca Trento\",\"image\":{\"@type\":\"ImageObject\",\"inLanguage\":\"it-IT\",\"@id\":\"https:\/\/www.tunews24.it\/ilcorrieredellaprovincia\/#\/schema\/person\/image\/\",\"url\":\"https:\/\/secure.gravatar.com\/avatar\/0cad3dd98a3ac6b43d54e89ef52c64b3?s=96&d=mm&r=g\",\"contentUrl\":\"https:\/\/secure.gravatar.com\/avatar\/0cad3dd98a3ac6b43d54e89ef52c64b3?s=96&d=mm&r=g\",\"caption\":\"Gianluca Trento\"},\"description\":\"Giornalista dei quotidiani online \\\"LaProvinciaQuotidiano.it\\\" e \\\"TuNews24.it\\\" e del settimanale cartaceo \\\"Tu News\\\". In passato \u00e8 stato anche Direttore Editoriale de \\\"La Provincia\\\", Direttore Responsabile del quotidiano \\\"Ciociaria Oggi\\\", Condirettore de \\\"Il quotidiano della Ciociaria\\\", giornalista di \\\"Paese Sera\\\", del settimanale \\\"L\u2019Inchiesta\\\" e del quotidiano online \\\"Il Corriere della Provincia\\\".\",\"sameAs\":[\"https:\/\/www.tunews24.it\",\"http:\/\/www.facebook.com\/TuNews24\"],\"url\":\"https:\/\/www.tunews24.it\/ilcorrieredellaprovincia\/author\/gianluca\/\"}]}<\/script>\n<!-- \/ Yoast SEO plugin. -->","yoast_head_json":{"title":"Stirpe presenta Baroni. E a qualcuno il conto - IlCorriereDellaProvincia.it - News h24 e notizie di approfondimento","description":"Il patron del Frosinone calcio Maurizio Stirpe presenta ai giornalisti il nuovo allenatore giallazzurro Marco Baroni e si toglie pi\u00f9 di qualche sassolino.","robots":{"index":"index","follow":"follow","max-snippet":"max-snippet:-1","max-image-preview":"max-image-preview:large","max-video-preview":"max-video-preview:-1"},"canonical":"https:\/\/www.tunews24.it\/ilcorrieredellaprovincia\/2018\/12\/19\/stirpe-presenta-baroni-e-a-qualcuno-il-conto\/","og_locale":"it_IT","og_type":"article","og_title":"Stirpe presenta Baroni. E a qualcuno il conto - IlCorriereDellaProvincia.it - News h24 e notizie di approfondimento","og_description":"Il patron del Frosinone calcio Maurizio Stirpe presenta ai giornalisti il nuovo allenatore giallazzurro Marco Baroni e si toglie pi\u00f9 di qualche sassolino.","og_url":"https:\/\/www.tunews24.it\/ilcorrieredellaprovincia\/2018\/12\/19\/stirpe-presenta-baroni-e-a-qualcuno-il-conto\/","og_site_name":"IlCorriereDellaProvincia.it - News h24 e notizie di approfondimento","article_author":"http:\/\/www.facebook.com\/TuNews24","article_published_time":"2018-12-19T14:54:39+00:00","article_modified_time":"2018-12-19T16:51:05+00:00","og_image":[{"width":632,"height":441,"url":"https:\/\/www.tunews24.it\/ilcorrieredellaprovincia\/wp-content\/uploads\/sites\/2\/2018\/12\/stirpe-baroni-frosinone-e1545230642470.jpg","type":"image\/jpeg"}],"author":"Gianluca Trento","twitter_card":"summary_large_image","twitter_misc":{"Scritto da":"Gianluca Trento","Tempo di lettura stimato":"5 minuti"},"schema":{"@context":"https:\/\/schema.org","@graph":[{"@type":"Article","@id":"https:\/\/www.tunews24.it\/ilcorrieredellaprovincia\/2018\/12\/19\/stirpe-presenta-baroni-e-a-qualcuno-il-conto\/#article","isPartOf":{"@id":"https:\/\/www.tunews24.it\/ilcorrieredellaprovincia\/2018\/12\/19\/stirpe-presenta-baroni-e-a-qualcuno-il-conto\/"},"author":{"name":"Gianluca Trento","@id":"https:\/\/www.tunews24.it\/ilcorrieredellaprovincia\/#\/schema\/person\/61ad8468fc64fa3e36d950057c9c2cbd"},"headline":"Stirpe presenta Baroni. E a qualcuno il conto","datePublished":"2018-12-19T14:54:39+00:00","dateModified":"2018-12-19T16:51:05+00:00","mainEntityOfPage":{"@id":"https:\/\/www.tunews24.it\/ilcorrieredellaprovincia\/2018\/12\/19\/stirpe-presenta-baroni-e-a-qualcuno-il-conto\/"},"wordCount":997,"commentCount":0,"publisher":{"@id":"https:\/\/www.tunews24.it\/ilcorrieredellaprovincia\/#organization"},"image":{"@id":"https:\/\/www.tunews24.it\/ilcorrieredellaprovincia\/2018\/12\/19\/stirpe-presenta-baroni-e-a-qualcuno-il-conto\/#primaryimage"},"thumbnailUrl":"https:\/\/www.tunews24.it\/ilcorrieredellaprovincia\/wp-content\/uploads\/sites\/2\/2018\/12\/stirpe-baroni-frosinone-e1545230642470.jpg","keywords":["allenatore","Ciociaria","Frosinone","Frosinone Calcio","marco baroni","maurizio stirpe","mister","moreno longo","squadra","Tifosi"],"articleSection":["*SLIDE*"],"inLanguage":"it-IT","potentialAction":[{"@type":"CommentAction","name":"Comment","target":["https:\/\/www.tunews24.it\/ilcorrieredellaprovincia\/2018\/12\/19\/stirpe-presenta-baroni-e-a-qualcuno-il-conto\/#respond"]}]},{"@type":"WebPage","@id":"https:\/\/www.tunews24.it\/ilcorrieredellaprovincia\/2018\/12\/19\/stirpe-presenta-baroni-e-a-qualcuno-il-conto\/","url":"https:\/\/www.tunews24.it\/ilcorrieredellaprovincia\/2018\/12\/19\/stirpe-presenta-baroni-e-a-qualcuno-il-conto\/","name":"Stirpe presenta Baroni. E a qualcuno il conto - IlCorriereDellaProvincia.it - News h24 e notizie di approfondimento","isPartOf":{"@id":"https:\/\/www.tunews24.it\/ilcorrieredellaprovincia\/#website"},"primaryImageOfPage":{"@id":"https:\/\/www.tunews24.it\/ilcorrieredellaprovincia\/2018\/12\/19\/stirpe-presenta-baroni-e-a-qualcuno-il-conto\/#primaryimage"},"image":{"@id":"https:\/\/www.tunews24.it\/ilcorrieredellaprovincia\/2018\/12\/19\/stirpe-presenta-baroni-e-a-qualcuno-il-conto\/#primaryimage"},"thumbnailUrl":"https:\/\/www.tunews24.it\/ilcorrieredellaprovincia\/wp-content\/uploads\/sites\/2\/2018\/12\/stirpe-baroni-frosinone-e1545230642470.jpg","datePublished":"2018-12-19T14:54:39+00:00","dateModified":"2018-12-19T16:51:05+00:00","description":"Il patron del Frosinone calcio Maurizio Stirpe presenta ai giornalisti il nuovo allenatore giallazzurro Marco Baroni e si toglie pi\u00f9 di qualche sassolino.","breadcrumb":{"@id":"https:\/\/www.tunews24.it\/ilcorrieredellaprovincia\/2018\/12\/19\/stirpe-presenta-baroni-e-a-qualcuno-il-conto\/#breadcrumb"},"inLanguage":"it-IT","potentialAction":[{"@type":"ReadAction","target":["https:\/\/www.tunews24.it\/ilcorrieredellaprovincia\/2018\/12\/19\/stirpe-presenta-baroni-e-a-qualcuno-il-conto\/"]}]},{"@type":"ImageObject","inLanguage":"it-IT","@id":"https:\/\/www.tunews24.it\/ilcorrieredellaprovincia\/2018\/12\/19\/stirpe-presenta-baroni-e-a-qualcuno-il-conto\/#primaryimage","url":"https:\/\/www.tunews24.it\/ilcorrieredellaprovincia\/wp-content\/uploads\/sites\/2\/2018\/12\/stirpe-baroni-frosinone-e1545230642470.jpg","contentUrl":"https:\/\/www.tunews24.it\/ilcorrieredellaprovincia\/wp-content\/uploads\/sites\/2\/2018\/12\/stirpe-baroni-frosinone-e1545230642470.jpg","width":632,"height":441,"caption":"Il patron del Frosinone calcio Maurizio Stirpe con il nuovo allenatore Marco Baroni"},{"@type":"BreadcrumbList","@id":"https:\/\/www.tunews24.it\/ilcorrieredellaprovincia\/2018\/12\/19\/stirpe-presenta-baroni-e-a-qualcuno-il-conto\/#breadcrumb","itemListElement":[{"@type":"ListItem","position":1,"name":"Home","item":"https:\/\/www.tunews24.it\/ilcorrieredellaprovincia\/"},{"@type":"ListItem","position":2,"name":"Stirpe presenta Baroni. E a qualcuno il conto"}]},{"@type":"WebSite","@id":"https:\/\/www.tunews24.it\/ilcorrieredellaprovincia\/#website","url":"https:\/\/www.tunews24.it\/ilcorrieredellaprovincia\/","name":"Il Corriere Delle Provincia","description":"IlCorriereDellaProvincia.it, quotidiano web di politica, cronaca, inchiesta, lavoro, scuola, turismo, cultura e spettacolo, economia e finanza, salute e benessere. Approfondimenti e notizie aggiornate con foto e video della provincia di Frosinone ma anche news nazionali, dell\u2019Italia e del Mondo.","publisher":{"@id":"https:\/\/www.tunews24.it\/ilcorrieredellaprovincia\/#organization"},"potentialAction":[{"@type":"SearchAction","target":{"@type":"EntryPoint","urlTemplate":"https:\/\/www.tunews24.it\/ilcorrieredellaprovincia\/?s={search_term_string}"},"query-input":{"@type":"PropertyValueSpecification","valueRequired":true,"valueName":"search_term_string"}}],"inLanguage":"it-IT"},{"@type":"Organization","@id":"https:\/\/www.tunews24.it\/ilcorrieredellaprovincia\/#organization","name":"Globalpress s.r.l.","url":"https:\/\/www.tunews24.it\/ilcorrieredellaprovincia\/","logo":{"@type":"ImageObject","inLanguage":"it-IT","@id":"https:\/\/www.tunews24.it\/ilcorrieredellaprovincia\/#\/schema\/logo\/image\/","url":"https:\/\/www.tunews24.it\/ilcorrieredellaprovincia\/wp-content\/uploads\/sites\/2\/2022\/11\/cropped-il-corriere-della-provincia-testata-web-scontornata.png","contentUrl":"https:\/\/www.tunews24.it\/ilcorrieredellaprovincia\/wp-content\/uploads\/sites\/2\/2022\/11\/cropped-il-corriere-della-provincia-testata-web-scontornata.png","width":2911,"height":717,"caption":"Globalpress s.r.l."},"image":{"@id":"https:\/\/www.tunews24.it\/ilcorrieredellaprovincia\/#\/schema\/logo\/image\/"}},{"@type":"Person","@id":"https:\/\/www.tunews24.it\/ilcorrieredellaprovincia\/#\/schema\/person\/61ad8468fc64fa3e36d950057c9c2cbd","name":"Gianluca Trento","image":{"@type":"ImageObject","inLanguage":"it-IT","@id":"https:\/\/www.tunews24.it\/ilcorrieredellaprovincia\/#\/schema\/person\/image\/","url":"https:\/\/secure.gravatar.com\/avatar\/0cad3dd98a3ac6b43d54e89ef52c64b3?s=96&d=mm&r=g","contentUrl":"https:\/\/secure.gravatar.com\/avatar\/0cad3dd98a3ac6b43d54e89ef52c64b3?s=96&d=mm&r=g","caption":"Gianluca Trento"},"description":"Giornalista dei quotidiani online \"LaProvinciaQuotidiano.it\" e \"TuNews24.it\" e del settimanale cartaceo \"Tu News\". In passato \u00e8 stato anche Direttore Editoriale de \"La Provincia\", Direttore Responsabile del quotidiano \"Ciociaria Oggi\", Condirettore de \"Il quotidiano della Ciociaria\", giornalista di \"Paese Sera\", del settimanale \"L\u2019Inchiesta\" e del quotidiano online \"Il Corriere della Provincia\".","sameAs":["https:\/\/www.tunews24.it","http:\/\/www.facebook.com\/TuNews24"],"url":"https:\/\/www.tunews24.it\/ilcorrieredellaprovincia\/author\/gianluca\/"}]}},"_links":{"self":[{"href":"https:\/\/www.tunews24.it\/ilcorrieredellaprovincia\/wp-json\/wp\/v2\/posts\/3525","targetHints":{"allow":["GET"]}}],"collection":[{"href":"https:\/\/www.tunews24.it\/ilcorrieredellaprovincia\/wp-json\/wp\/v2\/posts"}],"about":[{"href":"https:\/\/www.tunews24.it\/ilcorrieredellaprovincia\/wp-json\/wp\/v2\/types\/post"}],"author":[{"embeddable":true,"href":"https:\/\/www.tunews24.it\/ilcorrieredellaprovincia\/wp-json\/wp\/v2\/users\/3"}],"replies":[{"embeddable":true,"href":"https:\/\/www.tunews24.it\/ilcorrieredellaprovincia\/wp-json\/wp\/v2\/comments?post=3525"}],"version-history":[{"count":11,"href":"https:\/\/www.tunews24.it\/ilcorrieredellaprovincia\/wp-json\/wp\/v2\/posts\/3525\/revisions"}],"predecessor-version":[{"id":3556,"href":"https:\/\/www.tunews24.it\/ilcorrieredellaprovincia\/wp-json\/wp\/v2\/posts\/3525\/revisions\/3556"}],"wp:featuredmedia":[{"embeddable":true,"href":"https:\/\/www.tunews24.it\/ilcorrieredellaprovincia\/wp-json\/wp\/v2\/media\/3527"}],"wp:attachment":[{"href":"https:\/\/www.tunews24.it\/ilcorrieredellaprovincia\/wp-json\/wp\/v2\/media?parent=3525"}],"wp:term":[{"taxonomy":"category","embeddable":true,"href":"https:\/\/www.tunews24.it\/ilcorrieredellaprovincia\/wp-json\/wp\/v2\/categories?post=3525"},{"taxonomy":"post_tag","embeddable":true,"href":"https:\/\/www.tunews24.it\/ilcorrieredellaprovincia\/wp-json\/wp\/v2\/tags?post=3525"}],"curies":[{"name":"wp","href":"https:\/\/api.w.org\/{rel}","templated":true}]}}