{"id":3484,"date":"2018-12-18T21:55:45","date_gmt":"2018-12-18T20:55:45","guid":{"rendered":"https:\/\/www.tunews24.it\/ilcorrieredellaprovincia\/?p=3484"},"modified":"2018-12-19T17:46:39","modified_gmt":"2018-12-19T16:46:39","slug":"fabio-tagliaferri-e-una-risorsa-per-tutta-la-citta-pizzutelli-spiazza-tutti","status":"publish","type":"post","link":"https:\/\/www.tunews24.it\/ilcorrieredellaprovincia\/2018\/12\/18\/fabio-tagliaferri-e-una-risorsa-per-tutta-la-citta-pizzutelli-spiazza-tutti\/","title":{"rendered":"&#8220;Fabio Tagliaferri \u00e8 una risorsa per tutta la citt\u00e0\u201d. Pizzutelli spiazza tutti"},"content":{"rendered":"<p><span style=\"font-weight: 400\">&#8220;Voglio ringraziare pubblicamente Fabio Tagliaferri per il passo indietro che ha voluto compiere, dimostrando maturit\u00e0 politica. Rimane a mio giudizio, una delle migliori risorse della citt\u00e0 di Frosinone. Anche e soprattutto in una prospettiva futura di medio e lungo periodo&#8221;.<\/span><\/p>\n<p><strong>Gianfranco Pizzutel<\/strong>li, leader del Polo Civico, rompe il silenzio e spiazza tutti. \u00a0Lo fa per spiegare che se ora la fascia di <strong>vicesindaco<\/strong> \u00e8 stata assegnata ad <strong>Antonio Scaccia<\/strong>, \u00e8 solo per un riequilibrio delle deleghe. E che Ottaviani gode della fiducia del suo gruppo.<\/p>\n<p><span style=\"font-weight: 400\">&#8220;Mi rendo conto che in questa citt\u00e0 &#8211; evidenzia &#8211; \u00a0specialmente quando il tema \u00e8 quello della politica, a predominare sono il gossip e i retroscenismi pi\u00f9 disparati. Ma quanto avvenuto nei giorni scorsi \u00e8 stato un semplice riequilibrio di deleghe gi\u00e0 attribuite al Polo Civico subito dopo le elezioni comunali del giugno 2017. Quando abbiamo ottenuto un risultato enorme. Il punto di partenza di ogni ragionamento non pu\u00f2 che essere questo. Si \u00e8 trattato di un riequilibrio interno.\u00a0<\/span><span style=\"font-weight: 400\">Colgo l\u2019occasione per ringraziare il sindaco Nicola Ottaviani &#8211; argomenta &#8211; per aver rispettato le indicazioni provenienti dal gruppo consiliare e dall\u2019intera lista civica. Sento di poter affermare, senza timore di smentita, che \u00a0Ottaviani sar\u00e0 il prossimo sindaco di Frosinone, per i restanti tre anni e mezzo. Battute a parte, la situazione sta esattamente in questi termini&#8221;.<\/span><\/p>\n<h2>Fedeli al sindaco<\/h2>\n<p><span style=\"font-weight: 400\">Infine un\u2019ultima considerazione. &#8220;Trovo davvero singolare che si parli della prossima candidatura a primo cittadino del capoluogo, quando non soltanto Ottaviani rester\u00e0 <strong>nel suo ruolo per altri tre anni e mezzo<\/strong>, ma quando soprattutto ci sono tante di quelle cose da fare sul piano amministrativo, che l&#8217; attenzione dovrebbe essere tutta su questo punto.\u00a0<\/span><span style=\"font-weight: 400\">Tutte le ambizioni sono legittime, ma c\u2019\u00e8 un tempo per qualunque cosa. E questo \u00e8 il tempo di governare il capoluogo come si sta facendo da ormai sette anni.\u00a0<\/span><span style=\"font-weight: 400\">Infine colgo l&#8217;occasione per augurare buon lavoro al neo assessore Francesca Chiappini Francesca e ad\u00a0 Antonio Scaccia&#8221;<\/span><\/p>\n<p>&nbsp;<\/p>\n","protected":false},"excerpt":{"rendered":"<p>&#8220;Voglio ringraziare pubblicamente Fabio Tagliaferri per il passo indietro che ha voluto compiere, dimostrando maturit\u00e0 politica. Rimane a mio giudizio,<\/p>\n","protected":false},"author":18,"featured_media":3486,"comment_status":"open","ping_status":"open","sticky":false,"template":"","format":"standard","meta":{"footnotes":""},"categories":[4,28,1],"tags":[93,1257,115,1259,1258],"class_list":["post-3484","post","type-post","status-publish","format-standard","has-post-thumbnail","hentry","category-primo-piano","category-politica","category-news","tag-frosinone","tag-gianfranco-pizzutelli","tag-ottaviani","tag-scaccia","tag-tagliaferri"],"yoast_head":"<!-- This site is optimized with the Yoast SEO plugin v23.9 - https:\/\/yoast.com\/wordpress\/plugins\/seo\/ -->\n<title>&quot;Fabio Tagliaferri \u00e8 una risorsa per tutta la citt\u00e0\u201d. Pizzutelli spiazza tutti - IlCorriereDellaProvincia.it - News h24 e notizie di approfondimento<\/title>\n<meta name=\"description\" content=\"Gianfranco Pizzutelli, leader del Polo Civico, spiega che se ora la fascia di vicesindaco \u00e8 stata assegnata ad Antonio Scaccia \u00e8 per un riequlibrio.\" \/>\n<meta name=\"robots\" content=\"index, follow, max-snippet:-1, max-image-preview:large, max-video-preview:-1\" \/>\n<link rel=\"canonical\" href=\"https:\/\/www.tunews24.it\/ilcorrieredellaprovincia\/2018\/12\/18\/fabio-tagliaferri-e-una-risorsa-per-tutta-la-citta-pizzutelli-spiazza-tutti\/\" \/>\n<meta property=\"og:locale\" content=\"it_IT\" \/>\n<meta property=\"og:type\" content=\"article\" \/>\n<meta property=\"og:title\" content=\"&quot;Fabio Tagliaferri \u00e8 una risorsa per tutta la citt\u00e0\u201d. Pizzutelli spiazza tutti - IlCorriereDellaProvincia.it - News h24 e notizie di approfondimento\" \/>\n<meta property=\"og:description\" content=\"Gianfranco Pizzutelli, leader del Polo Civico, spiega che se ora la fascia di vicesindaco \u00e8 stata assegnata ad Antonio Scaccia \u00e8 per un riequlibrio.\" \/>\n<meta property=\"og:url\" content=\"https:\/\/www.tunews24.it\/ilcorrieredellaprovincia\/2018\/12\/18\/fabio-tagliaferri-e-una-risorsa-per-tutta-la-citta-pizzutelli-spiazza-tutti\/\" \/>\n<meta property=\"og:site_name\" content=\"IlCorriereDellaProvincia.it - News h24 e notizie di approfondimento\" \/>\n<meta property=\"article:author\" content=\"www.facebook.com\/tunews24\" \/>\n<meta property=\"article:published_time\" content=\"2018-12-18T20:55:45+00:00\" \/>\n<meta property=\"article:modified_time\" content=\"2018-12-19T16:46:39+00:00\" \/>\n<meta property=\"og:image\" content=\"https:\/\/www.tunews24.it\/ilcorrieredellaprovincia\/wp-content\/uploads\/sites\/2\/2018\/12\/Gianfranco-Pizzutelli.jpg\" \/>\n\t<meta property=\"og:image:width\" content=\"670\" \/>\n\t<meta property=\"og:image:height\" content=\"400\" \/>\n\t<meta property=\"og:image:type\" content=\"image\/jpeg\" \/>\n<meta name=\"author\" content=\"Redazione\" \/>\n<meta name=\"twitter:card\" content=\"summary_large_image\" \/>\n<meta name=\"twitter:label1\" content=\"Scritto da\" \/>\n\t<meta name=\"twitter:data1\" content=\"Redazione\" \/>\n\t<meta name=\"twitter:label2\" content=\"Tempo di lettura stimato\" \/>\n\t<meta name=\"twitter:data2\" content=\"2 minuti\" \/>\n<script type=\"application\/ld+json\" class=\"yoast-schema-graph\">{\"@context\":\"https:\/\/schema.org\",\"@graph\":[{\"@type\":\"Article\",\"@id\":\"https:\/\/www.tunews24.it\/ilcorrieredellaprovincia\/2018\/12\/18\/fabio-tagliaferri-e-una-risorsa-per-tutta-la-citta-pizzutelli-spiazza-tutti\/#article\",\"isPartOf\":{\"@id\":\"https:\/\/www.tunews24.it\/ilcorrieredellaprovincia\/2018\/12\/18\/fabio-tagliaferri-e-una-risorsa-per-tutta-la-citta-pizzutelli-spiazza-tutti\/\"},\"author\":{\"name\":\"Redazione\",\"@id\":\"https:\/\/www.tunews24.it\/ilcorrieredellaprovincia\/#\/schema\/person\/6d7f0a9120d0c03d0c552e9fdf49ed7d\"},\"headline\":\"&#8220;Fabio Tagliaferri \u00e8 una risorsa per tutta la citt\u00e0\u201d. Pizzutelli spiazza tutti\",\"datePublished\":\"2018-12-18T20:55:45+00:00\",\"dateModified\":\"2018-12-19T16:46:39+00:00\",\"mainEntityOfPage\":{\"@id\":\"https:\/\/www.tunews24.it\/ilcorrieredellaprovincia\/2018\/12\/18\/fabio-tagliaferri-e-una-risorsa-per-tutta-la-citta-pizzutelli-spiazza-tutti\/\"},\"wordCount\":333,\"commentCount\":0,\"publisher\":{\"@id\":\"https:\/\/www.tunews24.it\/ilcorrieredellaprovincia\/#organization\"},\"image\":{\"@id\":\"https:\/\/www.tunews24.it\/ilcorrieredellaprovincia\/2018\/12\/18\/fabio-tagliaferri-e-una-risorsa-per-tutta-la-citta-pizzutelli-spiazza-tutti\/#primaryimage\"},\"thumbnailUrl\":\"https:\/\/www.tunews24.it\/ilcorrieredellaprovincia\/wp-content\/uploads\/sites\/2\/2018\/12\/Gianfranco-Pizzutelli.jpg\",\"keywords\":[\"Frosinone\",\"gianfranco Pizzutelli\",\"Ottaviani\",\"Scaccia\",\"Tagliaferri\"],\"articleSection\":[\"*PRIMO PIANO*\",\"Evidenza\",\"News\"],\"inLanguage\":\"it-IT\",\"potentialAction\":[{\"@type\":\"CommentAction\",\"name\":\"Comment\",\"target\":[\"https:\/\/www.tunews24.it\/ilcorrieredellaprovincia\/2018\/12\/18\/fabio-tagliaferri-e-una-risorsa-per-tutta-la-citta-pizzutelli-spiazza-tutti\/#respond\"]}]},{\"@type\":\"WebPage\",\"@id\":\"https:\/\/www.tunews24.it\/ilcorrieredellaprovincia\/2018\/12\/18\/fabio-tagliaferri-e-una-risorsa-per-tutta-la-citta-pizzutelli-spiazza-tutti\/\",\"url\":\"https:\/\/www.tunews24.it\/ilcorrieredellaprovincia\/2018\/12\/18\/fabio-tagliaferri-e-una-risorsa-per-tutta-la-citta-pizzutelli-spiazza-tutti\/\",\"name\":\"\\\"Fabio Tagliaferri \u00e8 una risorsa per tutta la citt\u00e0\u201d. Pizzutelli spiazza tutti - IlCorriereDellaProvincia.it - News h24 e notizie di approfondimento\",\"isPartOf\":{\"@id\":\"https:\/\/www.tunews24.it\/ilcorrieredellaprovincia\/#website\"},\"primaryImageOfPage\":{\"@id\":\"https:\/\/www.tunews24.it\/ilcorrieredellaprovincia\/2018\/12\/18\/fabio-tagliaferri-e-una-risorsa-per-tutta-la-citta-pizzutelli-spiazza-tutti\/#primaryimage\"},\"image\":{\"@id\":\"https:\/\/www.tunews24.it\/ilcorrieredellaprovincia\/2018\/12\/18\/fabio-tagliaferri-e-una-risorsa-per-tutta-la-citta-pizzutelli-spiazza-tutti\/#primaryimage\"},\"thumbnailUrl\":\"https:\/\/www.tunews24.it\/ilcorrieredellaprovincia\/wp-content\/uploads\/sites\/2\/2018\/12\/Gianfranco-Pizzutelli.jpg\",\"datePublished\":\"2018-12-18T20:55:45+00:00\",\"dateModified\":\"2018-12-19T16:46:39+00:00\",\"description\":\"Gianfranco Pizzutelli, leader del Polo Civico, spiega che se ora la fascia di vicesindaco \u00e8 stata assegnata ad Antonio Scaccia \u00e8 per un riequlibrio.\",\"breadcrumb\":{\"@id\":\"https:\/\/www.tunews24.it\/ilcorrieredellaprovincia\/2018\/12\/18\/fabio-tagliaferri-e-una-risorsa-per-tutta-la-citta-pizzutelli-spiazza-tutti\/#breadcrumb\"},\"inLanguage\":\"it-IT\",\"potentialAction\":[{\"@type\":\"ReadAction\",\"target\":[\"https:\/\/www.tunews24.it\/ilcorrieredellaprovincia\/2018\/12\/18\/fabio-tagliaferri-e-una-risorsa-per-tutta-la-citta-pizzutelli-spiazza-tutti\/\"]}]},{\"@type\":\"ImageObject\",\"inLanguage\":\"it-IT\",\"@id\":\"https:\/\/www.tunews24.it\/ilcorrieredellaprovincia\/2018\/12\/18\/fabio-tagliaferri-e-una-risorsa-per-tutta-la-citta-pizzutelli-spiazza-tutti\/#primaryimage\",\"url\":\"https:\/\/www.tunews24.it\/ilcorrieredellaprovincia\/wp-content\/uploads\/sites\/2\/2018\/12\/Gianfranco-Pizzutelli.jpg\",\"contentUrl\":\"https:\/\/www.tunews24.it\/ilcorrieredellaprovincia\/wp-content\/uploads\/sites\/2\/2018\/12\/Gianfranco-Pizzutelli.jpg\",\"width\":670,\"height\":400,\"caption\":\"Pizzutelli scaccia il corriere della provincia frosinone ciociaria\"},{\"@type\":\"BreadcrumbList\",\"@id\":\"https:\/\/www.tunews24.it\/ilcorrieredellaprovincia\/2018\/12\/18\/fabio-tagliaferri-e-una-risorsa-per-tutta-la-citta-pizzutelli-spiazza-tutti\/#breadcrumb\",\"itemListElement\":[{\"@type\":\"ListItem\",\"position\":1,\"name\":\"Home\",\"item\":\"https:\/\/www.tunews24.it\/ilcorrieredellaprovincia\/\"},{\"@type\":\"ListItem\",\"position\":2,\"name\":\"&#8220;Fabio Tagliaferri \u00e8 una risorsa per tutta la citt\u00e0\u201d. Pizzutelli spiazza tutti\"}]},{\"@type\":\"WebSite\",\"@id\":\"https:\/\/www.tunews24.it\/ilcorrieredellaprovincia\/#website\",\"url\":\"https:\/\/www.tunews24.it\/ilcorrieredellaprovincia\/\",\"name\":\"Il Corriere Delle Provincia\",\"description\":\"IlCorriereDellaProvincia.it, quotidiano web di politica, cronaca, inchiesta, lavoro, scuola, turismo, cultura e spettacolo, economia e finanza, salute e benessere. Approfondimenti e notizie aggiornate con foto e video della provincia di Frosinone ma anche news nazionali, dell\u2019Italia e del Mondo.\",\"publisher\":{\"@id\":\"https:\/\/www.tunews24.it\/ilcorrieredellaprovincia\/#organization\"},\"potentialAction\":[{\"@type\":\"SearchAction\",\"target\":{\"@type\":\"EntryPoint\",\"urlTemplate\":\"https:\/\/www.tunews24.it\/ilcorrieredellaprovincia\/?s={search_term_string}\"},\"query-input\":{\"@type\":\"PropertyValueSpecification\",\"valueRequired\":true,\"valueName\":\"search_term_string\"}}],\"inLanguage\":\"it-IT\"},{\"@type\":\"Organization\",\"@id\":\"https:\/\/www.tunews24.it\/ilcorrieredellaprovincia\/#organization\",\"name\":\"Globalpress s.r.l.\",\"url\":\"https:\/\/www.tunews24.it\/ilcorrieredellaprovincia\/\",\"logo\":{\"@type\":\"ImageObject\",\"inLanguage\":\"it-IT\",\"@id\":\"https:\/\/www.tunews24.it\/ilcorrieredellaprovincia\/#\/schema\/logo\/image\/\",\"url\":\"https:\/\/www.tunews24.it\/ilcorrieredellaprovincia\/wp-content\/uploads\/sites\/2\/2022\/11\/cropped-il-corriere-della-provincia-testata-web-scontornata.png\",\"contentUrl\":\"https:\/\/www.tunews24.it\/ilcorrieredellaprovincia\/wp-content\/uploads\/sites\/2\/2022\/11\/cropped-il-corriere-della-provincia-testata-web-scontornata.png\",\"width\":2911,\"height\":717,\"caption\":\"Globalpress s.r.l.\"},\"image\":{\"@id\":\"https:\/\/www.tunews24.it\/ilcorrieredellaprovincia\/#\/schema\/logo\/image\/\"}},{\"@type\":\"Person\",\"@id\":\"https:\/\/www.tunews24.it\/ilcorrieredellaprovincia\/#\/schema\/person\/6d7f0a9120d0c03d0c552e9fdf49ed7d\",\"name\":\"Redazione\",\"image\":{\"@type\":\"ImageObject\",\"inLanguage\":\"it-IT\",\"@id\":\"https:\/\/www.tunews24.it\/ilcorrieredellaprovincia\/#\/schema\/person\/image\/\",\"url\":\"https:\/\/secure.gravatar.com\/avatar\/b20622a119cb3fa611b12e3ef009da26?s=96&d=mm&r=g\",\"contentUrl\":\"https:\/\/secure.gravatar.com\/avatar\/b20622a119cb3fa611b12e3ef009da26?s=96&d=mm&r=g\",\"caption\":\"Redazione\"},\"description\":\"SEGUICI ANCHE SUI SOCIAL Facebook: TuNews24 e TuSport24 Instagram: TuNews24 e TuSport24 Youtube: TuNews24 Telegram: TuNews24 Puoi leggerci anche in formato cartaceo: il settimanale viene pubblicato e distribuito gratuitamente ogni venerd\u00ec in edicole, bar, centri commerciali e svariati esercizi. Ma \u00e8 possibile anche sfogliarlo comodamente online, cliccando su TU NEWS sfogliabile TU NEWS, PASSIONE PER L\u2019INFORMAZIONE\",\"sameAs\":[\"http:\/\/www.tunews24.it\",\"www.facebook.com\/tunews24\"],\"url\":\"https:\/\/www.tunews24.it\/ilcorrieredellaprovincia\/author\/senzafirma\/\"}]}<\/script>\n<!-- \/ Yoast SEO plugin. -->","yoast_head_json":{"title":"\"Fabio Tagliaferri \u00e8 una risorsa per tutta la citt\u00e0\u201d. Pizzutelli spiazza tutti - IlCorriereDellaProvincia.it - News h24 e notizie di approfondimento","description":"Gianfranco Pizzutelli, leader del Polo Civico, spiega che se ora la fascia di vicesindaco \u00e8 stata assegnata ad Antonio Scaccia \u00e8 per un riequlibrio.","robots":{"index":"index","follow":"follow","max-snippet":"max-snippet:-1","max-image-preview":"max-image-preview:large","max-video-preview":"max-video-preview:-1"},"canonical":"https:\/\/www.tunews24.it\/ilcorrieredellaprovincia\/2018\/12\/18\/fabio-tagliaferri-e-una-risorsa-per-tutta-la-citta-pizzutelli-spiazza-tutti\/","og_locale":"it_IT","og_type":"article","og_title":"\"Fabio Tagliaferri \u00e8 una risorsa per tutta la citt\u00e0\u201d. Pizzutelli spiazza tutti - IlCorriereDellaProvincia.it - News h24 e notizie di approfondimento","og_description":"Gianfranco Pizzutelli, leader del Polo Civico, spiega che se ora la fascia di vicesindaco \u00e8 stata assegnata ad Antonio Scaccia \u00e8 per un riequlibrio.","og_url":"https:\/\/www.tunews24.it\/ilcorrieredellaprovincia\/2018\/12\/18\/fabio-tagliaferri-e-una-risorsa-per-tutta-la-citta-pizzutelli-spiazza-tutti\/","og_site_name":"IlCorriereDellaProvincia.it - News h24 e notizie di approfondimento","article_author":"www.facebook.com\/tunews24","article_published_time":"2018-12-18T20:55:45+00:00","article_modified_time":"2018-12-19T16:46:39+00:00","og_image":[{"width":670,"height":400,"url":"https:\/\/www.tunews24.it\/ilcorrieredellaprovincia\/wp-content\/uploads\/sites\/2\/2018\/12\/Gianfranco-Pizzutelli.jpg","type":"image\/jpeg"}],"author":"Redazione","twitter_card":"summary_large_image","twitter_misc":{"Scritto da":"Redazione","Tempo di lettura stimato":"2 minuti"},"schema":{"@context":"https:\/\/schema.org","@graph":[{"@type":"Article","@id":"https:\/\/www.tunews24.it\/ilcorrieredellaprovincia\/2018\/12\/18\/fabio-tagliaferri-e-una-risorsa-per-tutta-la-citta-pizzutelli-spiazza-tutti\/#article","isPartOf":{"@id":"https:\/\/www.tunews24.it\/ilcorrieredellaprovincia\/2018\/12\/18\/fabio-tagliaferri-e-una-risorsa-per-tutta-la-citta-pizzutelli-spiazza-tutti\/"},"author":{"name":"Redazione","@id":"https:\/\/www.tunews24.it\/ilcorrieredellaprovincia\/#\/schema\/person\/6d7f0a9120d0c03d0c552e9fdf49ed7d"},"headline":"&#8220;Fabio Tagliaferri \u00e8 una risorsa per tutta la citt\u00e0\u201d. Pizzutelli spiazza tutti","datePublished":"2018-12-18T20:55:45+00:00","dateModified":"2018-12-19T16:46:39+00:00","mainEntityOfPage":{"@id":"https:\/\/www.tunews24.it\/ilcorrieredellaprovincia\/2018\/12\/18\/fabio-tagliaferri-e-una-risorsa-per-tutta-la-citta-pizzutelli-spiazza-tutti\/"},"wordCount":333,"commentCount":0,"publisher":{"@id":"https:\/\/www.tunews24.it\/ilcorrieredellaprovincia\/#organization"},"image":{"@id":"https:\/\/www.tunews24.it\/ilcorrieredellaprovincia\/2018\/12\/18\/fabio-tagliaferri-e-una-risorsa-per-tutta-la-citta-pizzutelli-spiazza-tutti\/#primaryimage"},"thumbnailUrl":"https:\/\/www.tunews24.it\/ilcorrieredellaprovincia\/wp-content\/uploads\/sites\/2\/2018\/12\/Gianfranco-Pizzutelli.jpg","keywords":["Frosinone","gianfranco Pizzutelli","Ottaviani","Scaccia","Tagliaferri"],"articleSection":["*PRIMO PIANO*","Evidenza","News"],"inLanguage":"it-IT","potentialAction":[{"@type":"CommentAction","name":"Comment","target":["https:\/\/www.tunews24.it\/ilcorrieredellaprovincia\/2018\/12\/18\/fabio-tagliaferri-e-una-risorsa-per-tutta-la-citta-pizzutelli-spiazza-tutti\/#respond"]}]},{"@type":"WebPage","@id":"https:\/\/www.tunews24.it\/ilcorrieredellaprovincia\/2018\/12\/18\/fabio-tagliaferri-e-una-risorsa-per-tutta-la-citta-pizzutelli-spiazza-tutti\/","url":"https:\/\/www.tunews24.it\/ilcorrieredellaprovincia\/2018\/12\/18\/fabio-tagliaferri-e-una-risorsa-per-tutta-la-citta-pizzutelli-spiazza-tutti\/","name":"\"Fabio Tagliaferri \u00e8 una risorsa per tutta la citt\u00e0\u201d. Pizzutelli spiazza tutti - IlCorriereDellaProvincia.it - News h24 e notizie di approfondimento","isPartOf":{"@id":"https:\/\/www.tunews24.it\/ilcorrieredellaprovincia\/#website"},"primaryImageOfPage":{"@id":"https:\/\/www.tunews24.it\/ilcorrieredellaprovincia\/2018\/12\/18\/fabio-tagliaferri-e-una-risorsa-per-tutta-la-citta-pizzutelli-spiazza-tutti\/#primaryimage"},"image":{"@id":"https:\/\/www.tunews24.it\/ilcorrieredellaprovincia\/2018\/12\/18\/fabio-tagliaferri-e-una-risorsa-per-tutta-la-citta-pizzutelli-spiazza-tutti\/#primaryimage"},"thumbnailUrl":"https:\/\/www.tunews24.it\/ilcorrieredellaprovincia\/wp-content\/uploads\/sites\/2\/2018\/12\/Gianfranco-Pizzutelli.jpg","datePublished":"2018-12-18T20:55:45+00:00","dateModified":"2018-12-19T16:46:39+00:00","description":"Gianfranco Pizzutelli, leader del Polo Civico, spiega che se ora la fascia di vicesindaco \u00e8 stata assegnata ad Antonio Scaccia \u00e8 per un riequlibrio.","breadcrumb":{"@id":"https:\/\/www.tunews24.it\/ilcorrieredellaprovincia\/2018\/12\/18\/fabio-tagliaferri-e-una-risorsa-per-tutta-la-citta-pizzutelli-spiazza-tutti\/#breadcrumb"},"inLanguage":"it-IT","potentialAction":[{"@type":"ReadAction","target":["https:\/\/www.tunews24.it\/ilcorrieredellaprovincia\/2018\/12\/18\/fabio-tagliaferri-e-una-risorsa-per-tutta-la-citta-pizzutelli-spiazza-tutti\/"]}]},{"@type":"ImageObject","inLanguage":"it-IT","@id":"https:\/\/www.tunews24.it\/ilcorrieredellaprovincia\/2018\/12\/18\/fabio-tagliaferri-e-una-risorsa-per-tutta-la-citta-pizzutelli-spiazza-tutti\/#primaryimage","url":"https:\/\/www.tunews24.it\/ilcorrieredellaprovincia\/wp-content\/uploads\/sites\/2\/2018\/12\/Gianfranco-Pizzutelli.jpg","contentUrl":"https:\/\/www.tunews24.it\/ilcorrieredellaprovincia\/wp-content\/uploads\/sites\/2\/2018\/12\/Gianfranco-Pizzutelli.jpg","width":670,"height":400,"caption":"Pizzutelli scaccia il corriere della provincia frosinone ciociaria"},{"@type":"BreadcrumbList","@id":"https:\/\/www.tunews24.it\/ilcorrieredellaprovincia\/2018\/12\/18\/fabio-tagliaferri-e-una-risorsa-per-tutta-la-citta-pizzutelli-spiazza-tutti\/#breadcrumb","itemListElement":[{"@type":"ListItem","position":1,"name":"Home","item":"https:\/\/www.tunews24.it\/ilcorrieredellaprovincia\/"},{"@type":"ListItem","position":2,"name":"&#8220;Fabio Tagliaferri \u00e8 una risorsa per tutta la citt\u00e0\u201d. Pizzutelli spiazza tutti"}]},{"@type":"WebSite","@id":"https:\/\/www.tunews24.it\/ilcorrieredellaprovincia\/#website","url":"https:\/\/www.tunews24.it\/ilcorrieredellaprovincia\/","name":"Il Corriere Delle Provincia","description":"IlCorriereDellaProvincia.it, quotidiano web di politica, cronaca, inchiesta, lavoro, scuola, turismo, cultura e spettacolo, economia e finanza, salute e benessere. Approfondimenti e notizie aggiornate con foto e video della provincia di Frosinone ma anche news nazionali, dell\u2019Italia e del Mondo.","publisher":{"@id":"https:\/\/www.tunews24.it\/ilcorrieredellaprovincia\/#organization"},"potentialAction":[{"@type":"SearchAction","target":{"@type":"EntryPoint","urlTemplate":"https:\/\/www.tunews24.it\/ilcorrieredellaprovincia\/?s={search_term_string}"},"query-input":{"@type":"PropertyValueSpecification","valueRequired":true,"valueName":"search_term_string"}}],"inLanguage":"it-IT"},{"@type":"Organization","@id":"https:\/\/www.tunews24.it\/ilcorrieredellaprovincia\/#organization","name":"Globalpress s.r.l.","url":"https:\/\/www.tunews24.it\/ilcorrieredellaprovincia\/","logo":{"@type":"ImageObject","inLanguage":"it-IT","@id":"https:\/\/www.tunews24.it\/ilcorrieredellaprovincia\/#\/schema\/logo\/image\/","url":"https:\/\/www.tunews24.it\/ilcorrieredellaprovincia\/wp-content\/uploads\/sites\/2\/2022\/11\/cropped-il-corriere-della-provincia-testata-web-scontornata.png","contentUrl":"https:\/\/www.tunews24.it\/ilcorrieredellaprovincia\/wp-content\/uploads\/sites\/2\/2022\/11\/cropped-il-corriere-della-provincia-testata-web-scontornata.png","width":2911,"height":717,"caption":"Globalpress s.r.l."},"image":{"@id":"https:\/\/www.tunews24.it\/ilcorrieredellaprovincia\/#\/schema\/logo\/image\/"}},{"@type":"Person","@id":"https:\/\/www.tunews24.it\/ilcorrieredellaprovincia\/#\/schema\/person\/6d7f0a9120d0c03d0c552e9fdf49ed7d","name":"Redazione","image":{"@type":"ImageObject","inLanguage":"it-IT","@id":"https:\/\/www.tunews24.it\/ilcorrieredellaprovincia\/#\/schema\/person\/image\/","url":"https:\/\/secure.gravatar.com\/avatar\/b20622a119cb3fa611b12e3ef009da26?s=96&d=mm&r=g","contentUrl":"https:\/\/secure.gravatar.com\/avatar\/b20622a119cb3fa611b12e3ef009da26?s=96&d=mm&r=g","caption":"Redazione"},"description":"SEGUICI ANCHE SUI SOCIAL Facebook: TuNews24 e TuSport24 Instagram: TuNews24 e TuSport24 Youtube: TuNews24 Telegram: TuNews24 Puoi leggerci anche in formato cartaceo: il settimanale viene pubblicato e distribuito gratuitamente ogni venerd\u00ec in edicole, bar, centri commerciali e svariati esercizi. Ma \u00e8 possibile anche sfogliarlo comodamente online, cliccando su TU NEWS sfogliabile TU NEWS, PASSIONE PER L\u2019INFORMAZIONE","sameAs":["http:\/\/www.tunews24.it","www.facebook.com\/tunews24"],"url":"https:\/\/www.tunews24.it\/ilcorrieredellaprovincia\/author\/senzafirma\/"}]}},"_links":{"self":[{"href":"https:\/\/www.tunews24.it\/ilcorrieredellaprovincia\/wp-json\/wp\/v2\/posts\/3484","targetHints":{"allow":["GET"]}}],"collection":[{"href":"https:\/\/www.tunews24.it\/ilcorrieredellaprovincia\/wp-json\/wp\/v2\/posts"}],"about":[{"href":"https:\/\/www.tunews24.it\/ilcorrieredellaprovincia\/wp-json\/wp\/v2\/types\/post"}],"author":[{"embeddable":true,"href":"https:\/\/www.tunews24.it\/ilcorrieredellaprovincia\/wp-json\/wp\/v2\/users\/18"}],"replies":[{"embeddable":true,"href":"https:\/\/www.tunews24.it\/ilcorrieredellaprovincia\/wp-json\/wp\/v2\/comments?post=3484"}],"version-history":[{"count":4,"href":"https:\/\/www.tunews24.it\/ilcorrieredellaprovincia\/wp-json\/wp\/v2\/posts\/3484\/revisions"}],"predecessor-version":[{"id":3489,"href":"https:\/\/www.tunews24.it\/ilcorrieredellaprovincia\/wp-json\/wp\/v2\/posts\/3484\/revisions\/3489"}],"wp:featuredmedia":[{"embeddable":true,"href":"https:\/\/www.tunews24.it\/ilcorrieredellaprovincia\/wp-json\/wp\/v2\/media\/3486"}],"wp:attachment":[{"href":"https:\/\/www.tunews24.it\/ilcorrieredellaprovincia\/wp-json\/wp\/v2\/media?parent=3484"}],"wp:term":[{"taxonomy":"category","embeddable":true,"href":"https:\/\/www.tunews24.it\/ilcorrieredellaprovincia\/wp-json\/wp\/v2\/categories?post=3484"},{"taxonomy":"post_tag","embeddable":true,"href":"https:\/\/www.tunews24.it\/ilcorrieredellaprovincia\/wp-json\/wp\/v2\/tags?post=3484"}],"curies":[{"name":"wp","href":"https:\/\/api.w.org\/{rel}","templated":true}]}}