{"id":3067,"date":"2018-12-12T14:39:23","date_gmt":"2018-12-12T13:39:23","guid":{"rendered":"http:\/\/www.tunews24.it\/ilcorrieredellaprovincia\/?p=3067"},"modified":"2018-12-12T19:00:17","modified_gmt":"2018-12-12T18:00:17","slug":"reddito-di-inclusione-la-giunta-zingaretti-stanzia-ventisettemilioni-di-euro","status":"publish","type":"post","link":"https:\/\/www.tunews24.it\/ilcorrieredellaprovincia\/2018\/12\/12\/reddito-di-inclusione-la-giunta-zingaretti-stanzia-ventisettemilioni-di-euro\/","title":{"rendered":"Reddito di inclusione, la giunta Zingaretti stanzia ventisettemilioni di euro"},"content":{"rendered":"<p>Via libera allo stanziamento di quasi 27 milioni di euro da parte della Regione Lazio per la proroga del reddito di inclusione negli anni 2018\/2020. Il Rei rappresenta una misura valida, peraltro gi\u00e0 sperimentata, per contrastare la povert\u00e0 e offre un aiuto economico concreto a chi si trova in difficolt\u00e0 e in condizioni di disagio.<\/p>\n<p>&#8220;L\u2019ho sempre detto e oggi ripeterlo a voce alta annunciando lo stanziamento deciso dalla Giunta regionale, il reddito di inclusione \u00e8 un intervento di grande spessore e mi auguro che il Governo decida di potenziarlo con maggiori risorse in modo da allargare la fascia dei soggetti destinatari\u201d.\u00a0 Cos\u00ec il presidente della regione Lazio,<strong> Nicola Zingaretti<\/strong>.<\/p>\n<h3>Il contenuto del provvedimento<\/h3>\n<p>\u201cLa delibera prevede &#8211; fa notare il prresidente &#8211; oltre 24 milioni per l\u2019accesso al Rei, nonch\u00e9 pi\u00f9 di 2 milioni per i cittadini senza dimora e in condizione di povert\u00e0 estrema, soldi che la Regione Lazio, e poche altre regioni in Italia, ha deciso di investire per incrementare ulteriormente questa misura. Il piano stabilisce inoltre l\u2019assunzione di nuovi assistenti sociali affinch\u00e9 il rapporto diventi uno ogni 5mila abitanti\u201d.<\/p>\n<h3>La soddisfazione dell&#8217;assessore Troncarelli<\/h3>\n<p>\u201cL\u2019obiettivo della Regione Lazio \u2013 spiega l\u2019assessore alle Politiche sociali, Welfare ed Enti locali, Alessandra Troncarelli \u2013 \u00e8 quello di assicurare l\u2019inclusione delle famiglie in difficolt\u00e0 economica. Intendiamo attuare una strategia locale condivisa per potenziare gli interventi affinch\u00e9 siano pi\u00f9 omogenei ed efficaci su tutto il territorio regionale. Il piano ci consentir\u00e0 di promuovere azioni di contrasto alla marginalit\u00e0 sociale, attraverso il coinvolgimento delle persone ma anche dei rispettivi nuclei familiari. Per facilitare l\u2019accesso dei cittadini a questa rete di protezione rafforzeremo i punti Rei presenti nei Comuni, anche tramite l\u2019assunzione di assistenti sociali\u201d.<\/p>\n","protected":false},"excerpt":{"rendered":"<p>Via libera allo stanziamento di quasi 27 milioni di euro da parte della Regione Lazio per la proroga del reddito<\/p>\n","protected":false},"author":3,"featured_media":3076,"comment_status":"open","ping_status":"open","sticky":false,"template":"","format":"standard","meta":{"footnotes":""},"categories":[28],"tags":[1102,562,104],"class_list":["post-3067","post","type-post","status-publish","format-standard","has-post-thumbnail","hentry","category-politica","tag-reddito-di-inclusione","tag-regione-lazio","tag-zingaretti"],"yoast_head":"<!-- This site is optimized with the Yoast SEO plugin v23.9 - https:\/\/yoast.com\/wordpress\/plugins\/seo\/ -->\n<title>Reddito di inclusione, la giunta Zingaretti stanzia ventisettemilioni di euro - IlCorriereDellaProvincia.it - News h24 e notizie di approfondimento<\/title>\n<meta name=\"description\" content=\"Una misura valida per contrastare la povert\u00e0 e offre un aiuto economico concreto a chi si trova in difficolt\u00e0 e in condizioni di disagio.\" \/>\n<meta name=\"robots\" content=\"index, follow, max-snippet:-1, max-image-preview:large, max-video-preview:-1\" \/>\n<link rel=\"canonical\" href=\"https:\/\/www.tunews24.it\/ilcorrieredellaprovincia\/2018\/12\/12\/reddito-di-inclusione-la-giunta-zingaretti-stanzia-ventisettemilioni-di-euro\/\" \/>\n<meta property=\"og:locale\" content=\"it_IT\" \/>\n<meta property=\"og:type\" content=\"article\" \/>\n<meta property=\"og:title\" content=\"Reddito di inclusione, la giunta Zingaretti stanzia ventisettemilioni di euro - IlCorriereDellaProvincia.it - News h24 e notizie di approfondimento\" \/>\n<meta property=\"og:description\" content=\"Una misura valida per contrastare la povert\u00e0 e offre un aiuto economico concreto a chi si trova in difficolt\u00e0 e in condizioni di disagio.\" \/>\n<meta property=\"og:url\" content=\"https:\/\/www.tunews24.it\/ilcorrieredellaprovincia\/2018\/12\/12\/reddito-di-inclusione-la-giunta-zingaretti-stanzia-ventisettemilioni-di-euro\/\" \/>\n<meta property=\"og:site_name\" content=\"IlCorriereDellaProvincia.it - News h24 e notizie di approfondimento\" \/>\n<meta property=\"article:author\" content=\"http:\/\/www.facebook.com\/TuNews24\" \/>\n<meta property=\"article:published_time\" content=\"2018-12-12T13:39:23+00:00\" \/>\n<meta property=\"article:modified_time\" content=\"2018-12-12T18:00:17+00:00\" \/>\n<meta property=\"og:image\" content=\"https:\/\/www.tunews24.it\/ilcorrieredellaprovincia\/wp-content\/uploads\/sites\/2\/2018\/12\/nicola-zingaretti.jpg\" \/>\n\t<meta property=\"og:image:width\" content=\"1200\" \/>\n\t<meta property=\"og:image:height\" content=\"803\" \/>\n\t<meta property=\"og:image:type\" content=\"image\/jpeg\" \/>\n<meta name=\"author\" content=\"Gianluca Trento\" \/>\n<meta name=\"twitter:card\" content=\"summary_large_image\" \/>\n<meta name=\"twitter:label1\" content=\"Scritto da\" \/>\n\t<meta name=\"twitter:data1\" content=\"Gianluca Trento\" \/>\n\t<meta name=\"twitter:label2\" content=\"Tempo di lettura stimato\" \/>\n\t<meta name=\"twitter:data2\" content=\"1 minuto\" \/>\n<script type=\"application\/ld+json\" class=\"yoast-schema-graph\">{\"@context\":\"https:\/\/schema.org\",\"@graph\":[{\"@type\":\"Article\",\"@id\":\"https:\/\/www.tunews24.it\/ilcorrieredellaprovincia\/2018\/12\/12\/reddito-di-inclusione-la-giunta-zingaretti-stanzia-ventisettemilioni-di-euro\/#article\",\"isPartOf\":{\"@id\":\"https:\/\/www.tunews24.it\/ilcorrieredellaprovincia\/2018\/12\/12\/reddito-di-inclusione-la-giunta-zingaretti-stanzia-ventisettemilioni-di-euro\/\"},\"author\":{\"name\":\"Gianluca Trento\",\"@id\":\"https:\/\/www.tunews24.it\/ilcorrieredellaprovincia\/#\/schema\/person\/61ad8468fc64fa3e36d950057c9c2cbd\"},\"headline\":\"Reddito di inclusione, la giunta Zingaretti stanzia ventisettemilioni di euro\",\"datePublished\":\"2018-12-12T13:39:23+00:00\",\"dateModified\":\"2018-12-12T18:00:17+00:00\",\"mainEntityOfPage\":{\"@id\":\"https:\/\/www.tunews24.it\/ilcorrieredellaprovincia\/2018\/12\/12\/reddito-di-inclusione-la-giunta-zingaretti-stanzia-ventisettemilioni-di-euro\/\"},\"wordCount\":292,\"commentCount\":0,\"publisher\":{\"@id\":\"https:\/\/www.tunews24.it\/ilcorrieredellaprovincia\/#organization\"},\"image\":{\"@id\":\"https:\/\/www.tunews24.it\/ilcorrieredellaprovincia\/2018\/12\/12\/reddito-di-inclusione-la-giunta-zingaretti-stanzia-ventisettemilioni-di-euro\/#primaryimage\"},\"thumbnailUrl\":\"https:\/\/www.tunews24.it\/ilcorrieredellaprovincia\/wp-content\/uploads\/sites\/2\/2018\/12\/nicola-zingaretti.jpg\",\"keywords\":[\"Reddito di inclusione\",\"regione lazio\",\"zingaretti\"],\"articleSection\":[\"Evidenza\"],\"inLanguage\":\"it-IT\",\"potentialAction\":[{\"@type\":\"CommentAction\",\"name\":\"Comment\",\"target\":[\"https:\/\/www.tunews24.it\/ilcorrieredellaprovincia\/2018\/12\/12\/reddito-di-inclusione-la-giunta-zingaretti-stanzia-ventisettemilioni-di-euro\/#respond\"]}]},{\"@type\":\"WebPage\",\"@id\":\"https:\/\/www.tunews24.it\/ilcorrieredellaprovincia\/2018\/12\/12\/reddito-di-inclusione-la-giunta-zingaretti-stanzia-ventisettemilioni-di-euro\/\",\"url\":\"https:\/\/www.tunews24.it\/ilcorrieredellaprovincia\/2018\/12\/12\/reddito-di-inclusione-la-giunta-zingaretti-stanzia-ventisettemilioni-di-euro\/\",\"name\":\"Reddito di inclusione, la giunta Zingaretti stanzia ventisettemilioni di euro - IlCorriereDellaProvincia.it - News h24 e notizie di approfondimento\",\"isPartOf\":{\"@id\":\"https:\/\/www.tunews24.it\/ilcorrieredellaprovincia\/#website\"},\"primaryImageOfPage\":{\"@id\":\"https:\/\/www.tunews24.it\/ilcorrieredellaprovincia\/2018\/12\/12\/reddito-di-inclusione-la-giunta-zingaretti-stanzia-ventisettemilioni-di-euro\/#primaryimage\"},\"image\":{\"@id\":\"https:\/\/www.tunews24.it\/ilcorrieredellaprovincia\/2018\/12\/12\/reddito-di-inclusione-la-giunta-zingaretti-stanzia-ventisettemilioni-di-euro\/#primaryimage\"},\"thumbnailUrl\":\"https:\/\/www.tunews24.it\/ilcorrieredellaprovincia\/wp-content\/uploads\/sites\/2\/2018\/12\/nicola-zingaretti.jpg\",\"datePublished\":\"2018-12-12T13:39:23+00:00\",\"dateModified\":\"2018-12-12T18:00:17+00:00\",\"description\":\"Una misura valida per contrastare la povert\u00e0 e offre un aiuto economico concreto a chi si trova in difficolt\u00e0 e in condizioni di disagio.\",\"breadcrumb\":{\"@id\":\"https:\/\/www.tunews24.it\/ilcorrieredellaprovincia\/2018\/12\/12\/reddito-di-inclusione-la-giunta-zingaretti-stanzia-ventisettemilioni-di-euro\/#breadcrumb\"},\"inLanguage\":\"it-IT\",\"potentialAction\":[{\"@type\":\"ReadAction\",\"target\":[\"https:\/\/www.tunews24.it\/ilcorrieredellaprovincia\/2018\/12\/12\/reddito-di-inclusione-la-giunta-zingaretti-stanzia-ventisettemilioni-di-euro\/\"]}]},{\"@type\":\"ImageObject\",\"inLanguage\":\"it-IT\",\"@id\":\"https:\/\/www.tunews24.it\/ilcorrieredellaprovincia\/2018\/12\/12\/reddito-di-inclusione-la-giunta-zingaretti-stanzia-ventisettemilioni-di-euro\/#primaryimage\",\"url\":\"https:\/\/www.tunews24.it\/ilcorrieredellaprovincia\/wp-content\/uploads\/sites\/2\/2018\/12\/nicola-zingaretti.jpg\",\"contentUrl\":\"https:\/\/www.tunews24.it\/ilcorrieredellaprovincia\/wp-content\/uploads\/sites\/2\/2018\/12\/nicola-zingaretti.jpg\",\"width\":1200,\"height\":803,\"caption\":\"Zingaretti Regione reddito inclusione il corriere della provincia ciociaria\"},{\"@type\":\"BreadcrumbList\",\"@id\":\"https:\/\/www.tunews24.it\/ilcorrieredellaprovincia\/2018\/12\/12\/reddito-di-inclusione-la-giunta-zingaretti-stanzia-ventisettemilioni-di-euro\/#breadcrumb\",\"itemListElement\":[{\"@type\":\"ListItem\",\"position\":1,\"name\":\"Home\",\"item\":\"https:\/\/www.tunews24.it\/ilcorrieredellaprovincia\/\"},{\"@type\":\"ListItem\",\"position\":2,\"name\":\"Reddito di inclusione, la giunta Zingaretti stanzia ventisettemilioni di euro\"}]},{\"@type\":\"WebSite\",\"@id\":\"https:\/\/www.tunews24.it\/ilcorrieredellaprovincia\/#website\",\"url\":\"https:\/\/www.tunews24.it\/ilcorrieredellaprovincia\/\",\"name\":\"Il Corriere Delle Provincia\",\"description\":\"IlCorriereDellaProvincia.it, quotidiano web di politica, cronaca, inchiesta, lavoro, scuola, turismo, cultura e spettacolo, economia e finanza, salute e benessere. Approfondimenti e notizie aggiornate con foto e video della provincia di Frosinone ma anche news nazionali, dell\u2019Italia e del Mondo.\",\"publisher\":{\"@id\":\"https:\/\/www.tunews24.it\/ilcorrieredellaprovincia\/#organization\"},\"potentialAction\":[{\"@type\":\"SearchAction\",\"target\":{\"@type\":\"EntryPoint\",\"urlTemplate\":\"https:\/\/www.tunews24.it\/ilcorrieredellaprovincia\/?s={search_term_string}\"},\"query-input\":{\"@type\":\"PropertyValueSpecification\",\"valueRequired\":true,\"valueName\":\"search_term_string\"}}],\"inLanguage\":\"it-IT\"},{\"@type\":\"Organization\",\"@id\":\"https:\/\/www.tunews24.it\/ilcorrieredellaprovincia\/#organization\",\"name\":\"Globalpress s.r.l.\",\"url\":\"https:\/\/www.tunews24.it\/ilcorrieredellaprovincia\/\",\"logo\":{\"@type\":\"ImageObject\",\"inLanguage\":\"it-IT\",\"@id\":\"https:\/\/www.tunews24.it\/ilcorrieredellaprovincia\/#\/schema\/logo\/image\/\",\"url\":\"https:\/\/www.tunews24.it\/ilcorrieredellaprovincia\/wp-content\/uploads\/sites\/2\/2022\/11\/cropped-il-corriere-della-provincia-testata-web-scontornata.png\",\"contentUrl\":\"https:\/\/www.tunews24.it\/ilcorrieredellaprovincia\/wp-content\/uploads\/sites\/2\/2022\/11\/cropped-il-corriere-della-provincia-testata-web-scontornata.png\",\"width\":2911,\"height\":717,\"caption\":\"Globalpress s.r.l.\"},\"image\":{\"@id\":\"https:\/\/www.tunews24.it\/ilcorrieredellaprovincia\/#\/schema\/logo\/image\/\"}},{\"@type\":\"Person\",\"@id\":\"https:\/\/www.tunews24.it\/ilcorrieredellaprovincia\/#\/schema\/person\/61ad8468fc64fa3e36d950057c9c2cbd\",\"name\":\"Gianluca Trento\",\"image\":{\"@type\":\"ImageObject\",\"inLanguage\":\"it-IT\",\"@id\":\"https:\/\/www.tunews24.it\/ilcorrieredellaprovincia\/#\/schema\/person\/image\/\",\"url\":\"https:\/\/secure.gravatar.com\/avatar\/0cad3dd98a3ac6b43d54e89ef52c64b3?s=96&d=mm&r=g\",\"contentUrl\":\"https:\/\/secure.gravatar.com\/avatar\/0cad3dd98a3ac6b43d54e89ef52c64b3?s=96&d=mm&r=g\",\"caption\":\"Gianluca Trento\"},\"description\":\"Giornalista dei quotidiani online \\\"LaProvinciaQuotidiano.it\\\" e \\\"TuNews24.it\\\" e del settimanale cartaceo \\\"Tu News\\\". In passato \u00e8 stato anche Direttore Editoriale de \\\"La Provincia\\\", Direttore Responsabile del quotidiano \\\"Ciociaria Oggi\\\", Condirettore de \\\"Il quotidiano della Ciociaria\\\", giornalista di \\\"Paese Sera\\\", del settimanale \\\"L\u2019Inchiesta\\\" e del quotidiano online \\\"Il Corriere della Provincia\\\".\",\"sameAs\":[\"https:\/\/www.tunews24.it\",\"http:\/\/www.facebook.com\/TuNews24\"],\"url\":\"https:\/\/www.tunews24.it\/ilcorrieredellaprovincia\/author\/gianluca\/\"}]}<\/script>\n<!-- \/ Yoast SEO plugin. -->","yoast_head_json":{"title":"Reddito di inclusione, la giunta Zingaretti stanzia ventisettemilioni di euro - IlCorriereDellaProvincia.it - News h24 e notizie di approfondimento","description":"Una misura valida per contrastare la povert\u00e0 e offre un aiuto economico concreto a chi si trova in difficolt\u00e0 e in condizioni di disagio.","robots":{"index":"index","follow":"follow","max-snippet":"max-snippet:-1","max-image-preview":"max-image-preview:large","max-video-preview":"max-video-preview:-1"},"canonical":"https:\/\/www.tunews24.it\/ilcorrieredellaprovincia\/2018\/12\/12\/reddito-di-inclusione-la-giunta-zingaretti-stanzia-ventisettemilioni-di-euro\/","og_locale":"it_IT","og_type":"article","og_title":"Reddito di inclusione, la giunta Zingaretti stanzia ventisettemilioni di euro - IlCorriereDellaProvincia.it - News h24 e notizie di approfondimento","og_description":"Una misura valida per contrastare la povert\u00e0 e offre un aiuto economico concreto a chi si trova in difficolt\u00e0 e in condizioni di disagio.","og_url":"https:\/\/www.tunews24.it\/ilcorrieredellaprovincia\/2018\/12\/12\/reddito-di-inclusione-la-giunta-zingaretti-stanzia-ventisettemilioni-di-euro\/","og_site_name":"IlCorriereDellaProvincia.it - News h24 e notizie di approfondimento","article_author":"http:\/\/www.facebook.com\/TuNews24","article_published_time":"2018-12-12T13:39:23+00:00","article_modified_time":"2018-12-12T18:00:17+00:00","og_image":[{"width":1200,"height":803,"url":"https:\/\/www.tunews24.it\/ilcorrieredellaprovincia\/wp-content\/uploads\/sites\/2\/2018\/12\/nicola-zingaretti.jpg","type":"image\/jpeg"}],"author":"Gianluca Trento","twitter_card":"summary_large_image","twitter_misc":{"Scritto da":"Gianluca Trento","Tempo di lettura stimato":"1 minuto"},"schema":{"@context":"https:\/\/schema.org","@graph":[{"@type":"Article","@id":"https:\/\/www.tunews24.it\/ilcorrieredellaprovincia\/2018\/12\/12\/reddito-di-inclusione-la-giunta-zingaretti-stanzia-ventisettemilioni-di-euro\/#article","isPartOf":{"@id":"https:\/\/www.tunews24.it\/ilcorrieredellaprovincia\/2018\/12\/12\/reddito-di-inclusione-la-giunta-zingaretti-stanzia-ventisettemilioni-di-euro\/"},"author":{"name":"Gianluca Trento","@id":"https:\/\/www.tunews24.it\/ilcorrieredellaprovincia\/#\/schema\/person\/61ad8468fc64fa3e36d950057c9c2cbd"},"headline":"Reddito di inclusione, la giunta Zingaretti stanzia ventisettemilioni di euro","datePublished":"2018-12-12T13:39:23+00:00","dateModified":"2018-12-12T18:00:17+00:00","mainEntityOfPage":{"@id":"https:\/\/www.tunews24.it\/ilcorrieredellaprovincia\/2018\/12\/12\/reddito-di-inclusione-la-giunta-zingaretti-stanzia-ventisettemilioni-di-euro\/"},"wordCount":292,"commentCount":0,"publisher":{"@id":"https:\/\/www.tunews24.it\/ilcorrieredellaprovincia\/#organization"},"image":{"@id":"https:\/\/www.tunews24.it\/ilcorrieredellaprovincia\/2018\/12\/12\/reddito-di-inclusione-la-giunta-zingaretti-stanzia-ventisettemilioni-di-euro\/#primaryimage"},"thumbnailUrl":"https:\/\/www.tunews24.it\/ilcorrieredellaprovincia\/wp-content\/uploads\/sites\/2\/2018\/12\/nicola-zingaretti.jpg","keywords":["Reddito di inclusione","regione lazio","zingaretti"],"articleSection":["Evidenza"],"inLanguage":"it-IT","potentialAction":[{"@type":"CommentAction","name":"Comment","target":["https:\/\/www.tunews24.it\/ilcorrieredellaprovincia\/2018\/12\/12\/reddito-di-inclusione-la-giunta-zingaretti-stanzia-ventisettemilioni-di-euro\/#respond"]}]},{"@type":"WebPage","@id":"https:\/\/www.tunews24.it\/ilcorrieredellaprovincia\/2018\/12\/12\/reddito-di-inclusione-la-giunta-zingaretti-stanzia-ventisettemilioni-di-euro\/","url":"https:\/\/www.tunews24.it\/ilcorrieredellaprovincia\/2018\/12\/12\/reddito-di-inclusione-la-giunta-zingaretti-stanzia-ventisettemilioni-di-euro\/","name":"Reddito di inclusione, la giunta Zingaretti stanzia ventisettemilioni di euro - IlCorriereDellaProvincia.it - News h24 e notizie di approfondimento","isPartOf":{"@id":"https:\/\/www.tunews24.it\/ilcorrieredellaprovincia\/#website"},"primaryImageOfPage":{"@id":"https:\/\/www.tunews24.it\/ilcorrieredellaprovincia\/2018\/12\/12\/reddito-di-inclusione-la-giunta-zingaretti-stanzia-ventisettemilioni-di-euro\/#primaryimage"},"image":{"@id":"https:\/\/www.tunews24.it\/ilcorrieredellaprovincia\/2018\/12\/12\/reddito-di-inclusione-la-giunta-zingaretti-stanzia-ventisettemilioni-di-euro\/#primaryimage"},"thumbnailUrl":"https:\/\/www.tunews24.it\/ilcorrieredellaprovincia\/wp-content\/uploads\/sites\/2\/2018\/12\/nicola-zingaretti.jpg","datePublished":"2018-12-12T13:39:23+00:00","dateModified":"2018-12-12T18:00:17+00:00","description":"Una misura valida per contrastare la povert\u00e0 e offre un aiuto economico concreto a chi si trova in difficolt\u00e0 e in condizioni di disagio.","breadcrumb":{"@id":"https:\/\/www.tunews24.it\/ilcorrieredellaprovincia\/2018\/12\/12\/reddito-di-inclusione-la-giunta-zingaretti-stanzia-ventisettemilioni-di-euro\/#breadcrumb"},"inLanguage":"it-IT","potentialAction":[{"@type":"ReadAction","target":["https:\/\/www.tunews24.it\/ilcorrieredellaprovincia\/2018\/12\/12\/reddito-di-inclusione-la-giunta-zingaretti-stanzia-ventisettemilioni-di-euro\/"]}]},{"@type":"ImageObject","inLanguage":"it-IT","@id":"https:\/\/www.tunews24.it\/ilcorrieredellaprovincia\/2018\/12\/12\/reddito-di-inclusione-la-giunta-zingaretti-stanzia-ventisettemilioni-di-euro\/#primaryimage","url":"https:\/\/www.tunews24.it\/ilcorrieredellaprovincia\/wp-content\/uploads\/sites\/2\/2018\/12\/nicola-zingaretti.jpg","contentUrl":"https:\/\/www.tunews24.it\/ilcorrieredellaprovincia\/wp-content\/uploads\/sites\/2\/2018\/12\/nicola-zingaretti.jpg","width":1200,"height":803,"caption":"Zingaretti Regione reddito inclusione il corriere della provincia ciociaria"},{"@type":"BreadcrumbList","@id":"https:\/\/www.tunews24.it\/ilcorrieredellaprovincia\/2018\/12\/12\/reddito-di-inclusione-la-giunta-zingaretti-stanzia-ventisettemilioni-di-euro\/#breadcrumb","itemListElement":[{"@type":"ListItem","position":1,"name":"Home","item":"https:\/\/www.tunews24.it\/ilcorrieredellaprovincia\/"},{"@type":"ListItem","position":2,"name":"Reddito di inclusione, la giunta Zingaretti stanzia ventisettemilioni di euro"}]},{"@type":"WebSite","@id":"https:\/\/www.tunews24.it\/ilcorrieredellaprovincia\/#website","url":"https:\/\/www.tunews24.it\/ilcorrieredellaprovincia\/","name":"Il Corriere Delle Provincia","description":"IlCorriereDellaProvincia.it, quotidiano web di politica, cronaca, inchiesta, lavoro, scuola, turismo, cultura e spettacolo, economia e finanza, salute e benessere. Approfondimenti e notizie aggiornate con foto e video della provincia di Frosinone ma anche news nazionali, dell\u2019Italia e del Mondo.","publisher":{"@id":"https:\/\/www.tunews24.it\/ilcorrieredellaprovincia\/#organization"},"potentialAction":[{"@type":"SearchAction","target":{"@type":"EntryPoint","urlTemplate":"https:\/\/www.tunews24.it\/ilcorrieredellaprovincia\/?s={search_term_string}"},"query-input":{"@type":"PropertyValueSpecification","valueRequired":true,"valueName":"search_term_string"}}],"inLanguage":"it-IT"},{"@type":"Organization","@id":"https:\/\/www.tunews24.it\/ilcorrieredellaprovincia\/#organization","name":"Globalpress s.r.l.","url":"https:\/\/www.tunews24.it\/ilcorrieredellaprovincia\/","logo":{"@type":"ImageObject","inLanguage":"it-IT","@id":"https:\/\/www.tunews24.it\/ilcorrieredellaprovincia\/#\/schema\/logo\/image\/","url":"https:\/\/www.tunews24.it\/ilcorrieredellaprovincia\/wp-content\/uploads\/sites\/2\/2022\/11\/cropped-il-corriere-della-provincia-testata-web-scontornata.png","contentUrl":"https:\/\/www.tunews24.it\/ilcorrieredellaprovincia\/wp-content\/uploads\/sites\/2\/2022\/11\/cropped-il-corriere-della-provincia-testata-web-scontornata.png","width":2911,"height":717,"caption":"Globalpress s.r.l."},"image":{"@id":"https:\/\/www.tunews24.it\/ilcorrieredellaprovincia\/#\/schema\/logo\/image\/"}},{"@type":"Person","@id":"https:\/\/www.tunews24.it\/ilcorrieredellaprovincia\/#\/schema\/person\/61ad8468fc64fa3e36d950057c9c2cbd","name":"Gianluca Trento","image":{"@type":"ImageObject","inLanguage":"it-IT","@id":"https:\/\/www.tunews24.it\/ilcorrieredellaprovincia\/#\/schema\/person\/image\/","url":"https:\/\/secure.gravatar.com\/avatar\/0cad3dd98a3ac6b43d54e89ef52c64b3?s=96&d=mm&r=g","contentUrl":"https:\/\/secure.gravatar.com\/avatar\/0cad3dd98a3ac6b43d54e89ef52c64b3?s=96&d=mm&r=g","caption":"Gianluca Trento"},"description":"Giornalista dei quotidiani online \"LaProvinciaQuotidiano.it\" e \"TuNews24.it\" e del settimanale cartaceo \"Tu News\". In passato \u00e8 stato anche Direttore Editoriale de \"La Provincia\", Direttore Responsabile del quotidiano \"Ciociaria Oggi\", Condirettore de \"Il quotidiano della Ciociaria\", giornalista di \"Paese Sera\", del settimanale \"L\u2019Inchiesta\" e del quotidiano online \"Il Corriere della Provincia\".","sameAs":["https:\/\/www.tunews24.it","http:\/\/www.facebook.com\/TuNews24"],"url":"https:\/\/www.tunews24.it\/ilcorrieredellaprovincia\/author\/gianluca\/"}]}},"_links":{"self":[{"href":"https:\/\/www.tunews24.it\/ilcorrieredellaprovincia\/wp-json\/wp\/v2\/posts\/3067","targetHints":{"allow":["GET"]}}],"collection":[{"href":"https:\/\/www.tunews24.it\/ilcorrieredellaprovincia\/wp-json\/wp\/v2\/posts"}],"about":[{"href":"https:\/\/www.tunews24.it\/ilcorrieredellaprovincia\/wp-json\/wp\/v2\/types\/post"}],"author":[{"embeddable":true,"href":"https:\/\/www.tunews24.it\/ilcorrieredellaprovincia\/wp-json\/wp\/v2\/users\/3"}],"replies":[{"embeddable":true,"href":"https:\/\/www.tunews24.it\/ilcorrieredellaprovincia\/wp-json\/wp\/v2\/comments?post=3067"}],"version-history":[{"count":1,"href":"https:\/\/www.tunews24.it\/ilcorrieredellaprovincia\/wp-json\/wp\/v2\/posts\/3067\/revisions"}],"predecessor-version":[{"id":3077,"href":"https:\/\/www.tunews24.it\/ilcorrieredellaprovincia\/wp-json\/wp\/v2\/posts\/3067\/revisions\/3077"}],"wp:featuredmedia":[{"embeddable":true,"href":"https:\/\/www.tunews24.it\/ilcorrieredellaprovincia\/wp-json\/wp\/v2\/media\/3076"}],"wp:attachment":[{"href":"https:\/\/www.tunews24.it\/ilcorrieredellaprovincia\/wp-json\/wp\/v2\/media?parent=3067"}],"wp:term":[{"taxonomy":"category","embeddable":true,"href":"https:\/\/www.tunews24.it\/ilcorrieredellaprovincia\/wp-json\/wp\/v2\/categories?post=3067"},{"taxonomy":"post_tag","embeddable":true,"href":"https:\/\/www.tunews24.it\/ilcorrieredellaprovincia\/wp-json\/wp\/v2\/tags?post=3067"}],"curies":[{"name":"wp","href":"https:\/\/api.w.org\/{rel}","templated":true}]}}