{"id":28053,"date":"2020-02-10T14:31:33","date_gmt":"2020-02-10T13:31:33","guid":{"rendered":"https:\/\/www.tunews24.it\/ilcorrieredellaprovincia\/?p=28053"},"modified":"2020-02-10T15:12:26","modified_gmt":"2020-02-10T14:12:26","slug":"bandi-regione-lazioe-commerce-digitalizzazione","status":"publish","type":"post","link":"https:\/\/www.tunews24.it\/ilcorrieredellaprovincia\/2020\/02\/10\/bandi-regione-lazioe-commerce-digitalizzazione\/","title":{"rendered":"Digitalizzazione, e-commerce e bandi regionali. Gioved\u00ec 13 incontro sulle opportunit\u00e0"},"content":{"rendered":"<div class=\"entry-content\">\n<p><strong>Il percorso di digitalizzazione dell\u2019Italia sta procedendo spedito. E chi ha investito in tale settore, ha ottenuto importanti benefici.<\/strong>&nbsp; Di tutto ci\u00f2 se ne parler\u00e0 nel corso di un&#8217;iniziativa, aperta alle aziende del territorio, oganizzata da CB&amp;C-LAB, INTIT e PROFIMA, che si terr\u00e0 <strong>gioved\u00ec 13 febbraio, a partire dalle 16,30,&nbsp; a Terme Pompeo a Ferentino.&nbsp;<\/strong><\/p>\n<h2><\/h2>\n<h2>L&#8217;iniziativa<\/h2>\n<p>&#8220;Al giorno d\u2019oggi, infatti, per una piccola e media impresa &#8211; spiegano gli organizzatori &#8211;&nbsp; non basta pi\u00f9 essere presente in un unico canale di vendita. <strong>\u00c8, infatti, necessario intercettare tutti i punti in cui un cliente entra in contatto con l\u2019impresa,&nbsp;<\/strong> per poi poterne capire le intenzioni e offrire il prodotto o servizio pi\u00f9 rispondente ai suoi desideri. <span id=\"more-2649\"><\/span>Ci\u00f2 significa che per le Pmi \u00e8 fondamentale farsi trovare dai clienti a qualsiasi ora, come e da dove vogliono, senza necessariamente passare attraverso i percorsi tradizionali&#8221;.<\/p>\n<h2><\/h2>\n<h2>L&#8217;opportunit\u00e0<\/h2>\n<p>Nel corso dell&#8217;incontro verranno affrontati i temi della digitalizzazione, fondamentali per il controllo della propria azienda attraverso soluzioni innovative, ma anche le opportunit\u00e0 offerte dal bando della Regione Lazio, che prevede<strong> finanziamenti a fondo perduto per 10milioni di euro.<\/strong><\/p>\n<\/div>\n<p>&nbsp;<\/p>\n<p><img loading=\"lazy\" decoding=\"async\" class=\"aligncenter wp-image-28054\" src=\"https:\/\/www.tunews24.it\/ilcorrieredellaprovincia\/wp-content\/uploads\/sites\/2\/2020\/02\/digitalizzazione.png\" alt=\"digitalizzazione bandi regione lazio\" width=\"632\" height=\"742\" srcset=\"https:\/\/www.tunews24.it\/ilcorrieredellaprovincia\/wp-content\/uploads\/sites\/2\/2020\/02\/digitalizzazione.png 499w, https:\/\/www.tunews24.it\/ilcorrieredellaprovincia\/wp-content\/uploads\/sites\/2\/2020\/02\/digitalizzazione-255x300.png 255w\" sizes=\"auto, (max-width: 632px) 100vw, 632px\" \/><\/p>\n","protected":false},"excerpt":{"rendered":"<p>Il percorso di digitalizzazione dell\u2019Italia sta procedendo spedito. E chi ha investito in tale settore, ha ottenuto importanti benefici.&nbsp; Di<\/p>\n","protected":false},"author":18,"featured_media":28067,"comment_status":"open","ping_status":"open","sticky":false,"template":"","format":"standard","meta":{"footnotes":""},"categories":[4,5,1],"tags":[4470,8465,4030,2545,8464,8466,562],"class_list":["post-28053","post","type-post","status-publish","format-standard","has-post-thumbnail","hentry","category-primo-piano","category-economia","category-news","tag-bandi-regionali","tag-cbc-lab","tag-digitalizzazione","tag-e-commerce","tag-fondo-perduto","tag-intit-e-profima","tag-regione-lazio"],"yoast_head":"<!-- This site is optimized with the Yoast SEO plugin v23.9 - https:\/\/yoast.com\/wordpress\/plugins\/seo\/ -->\n<title>Digitalizzazione, e-commerce e bandi regionali. Gioved\u00ec 13 incontro sulle opportunit\u00e0 - IlCorriereDellaProvincia.it - News h24 e notizie di approfondimento<\/title>\n<meta name=\"description\" content=\"Di tutto ci\u00f2 se ne parler\u00e0 nel corso di un&#039;iniziativa, aperta alle aziende del territorio che si terr\u00e0 gioved\u00ec 13 febbraio a Ferentino\" \/>\n<meta name=\"robots\" content=\"index, follow, max-snippet:-1, max-image-preview:large, max-video-preview:-1\" \/>\n<link rel=\"canonical\" href=\"https:\/\/www.tunews24.it\/ilcorrieredellaprovincia\/2020\/02\/10\/bandi-regione-lazioe-commerce-digitalizzazione\/\" \/>\n<meta property=\"og:locale\" content=\"it_IT\" \/>\n<meta property=\"og:type\" content=\"article\" \/>\n<meta property=\"og:title\" content=\"Digitalizzazione, e-commerce e bandi regionali. Gioved\u00ec 13 incontro sulle opportunit\u00e0 - IlCorriereDellaProvincia.it - News h24 e notizie di approfondimento\" \/>\n<meta property=\"og:description\" content=\"Di tutto ci\u00f2 se ne parler\u00e0 nel corso di un&#039;iniziativa, aperta alle aziende del territorio che si terr\u00e0 gioved\u00ec 13 febbraio a Ferentino\" \/>\n<meta property=\"og:url\" content=\"https:\/\/www.tunews24.it\/ilcorrieredellaprovincia\/2020\/02\/10\/bandi-regione-lazioe-commerce-digitalizzazione\/\" \/>\n<meta property=\"og:site_name\" content=\"IlCorriereDellaProvincia.it - News h24 e notizie di approfondimento\" \/>\n<meta property=\"article:author\" content=\"www.facebook.com\/tunews24\" \/>\n<meta property=\"article:published_time\" content=\"2020-02-10T13:31:33+00:00\" \/>\n<meta property=\"article:modified_time\" content=\"2020-02-10T14:12:26+00:00\" \/>\n<meta property=\"og:image\" content=\"https:\/\/www.tunews24.it\/ilcorrieredellaprovincia\/wp-content\/uploads\/sites\/2\/2020\/02\/digit.png\" \/>\n\t<meta property=\"og:image:width\" content=\"714\" \/>\n\t<meta property=\"og:image:height\" content=\"389\" \/>\n\t<meta property=\"og:image:type\" content=\"image\/png\" \/>\n<meta name=\"author\" content=\"Redazione\" \/>\n<meta name=\"twitter:card\" content=\"summary_large_image\" \/>\n<meta name=\"twitter:label1\" content=\"Scritto da\" \/>\n\t<meta name=\"twitter:data1\" content=\"Redazione\" \/>\n\t<meta name=\"twitter:label2\" content=\"Tempo di lettura stimato\" \/>\n\t<meta name=\"twitter:data2\" content=\"1 minuto\" \/>\n<script type=\"application\/ld+json\" class=\"yoast-schema-graph\">{\"@context\":\"https:\/\/schema.org\",\"@graph\":[{\"@type\":\"Article\",\"@id\":\"https:\/\/www.tunews24.it\/ilcorrieredellaprovincia\/2020\/02\/10\/bandi-regione-lazioe-commerce-digitalizzazione\/#article\",\"isPartOf\":{\"@id\":\"https:\/\/www.tunews24.it\/ilcorrieredellaprovincia\/2020\/02\/10\/bandi-regione-lazioe-commerce-digitalizzazione\/\"},\"author\":{\"name\":\"Redazione\",\"@id\":\"https:\/\/www.tunews24.it\/ilcorrieredellaprovincia\/#\/schema\/person\/6d7f0a9120d0c03d0c552e9fdf49ed7d\"},\"headline\":\"Digitalizzazione, e-commerce e bandi regionali. Gioved\u00ec 13 incontro sulle opportunit\u00e0\",\"datePublished\":\"2020-02-10T13:31:33+00:00\",\"dateModified\":\"2020-02-10T14:12:26+00:00\",\"mainEntityOfPage\":{\"@id\":\"https:\/\/www.tunews24.it\/ilcorrieredellaprovincia\/2020\/02\/10\/bandi-regione-lazioe-commerce-digitalizzazione\/\"},\"wordCount\":202,\"commentCount\":0,\"publisher\":{\"@id\":\"https:\/\/www.tunews24.it\/ilcorrieredellaprovincia\/#organization\"},\"image\":{\"@id\":\"https:\/\/www.tunews24.it\/ilcorrieredellaprovincia\/2020\/02\/10\/bandi-regione-lazioe-commerce-digitalizzazione\/#primaryimage\"},\"thumbnailUrl\":\"https:\/\/www.tunews24.it\/ilcorrieredellaprovincia\/wp-content\/uploads\/sites\/2\/2020\/02\/digit.png\",\"keywords\":[\"bandi regionali\",\"CB&amp;C-LAB\",\"digitalizzazione\",\"e-commerce\",\"fondo perduto\",\"INTIT e Profima\",\"regione lazio\"],\"articleSection\":[\"*PRIMO PIANO*\",\"Economia e Finanza\",\"News\"],\"inLanguage\":\"it-IT\",\"potentialAction\":[{\"@type\":\"CommentAction\",\"name\":\"Comment\",\"target\":[\"https:\/\/www.tunews24.it\/ilcorrieredellaprovincia\/2020\/02\/10\/bandi-regione-lazioe-commerce-digitalizzazione\/#respond\"]}]},{\"@type\":\"WebPage\",\"@id\":\"https:\/\/www.tunews24.it\/ilcorrieredellaprovincia\/2020\/02\/10\/bandi-regione-lazioe-commerce-digitalizzazione\/\",\"url\":\"https:\/\/www.tunews24.it\/ilcorrieredellaprovincia\/2020\/02\/10\/bandi-regione-lazioe-commerce-digitalizzazione\/\",\"name\":\"Digitalizzazione, e-commerce e bandi regionali. Gioved\u00ec 13 incontro sulle opportunit\u00e0 - IlCorriereDellaProvincia.it - News h24 e notizie di approfondimento\",\"isPartOf\":{\"@id\":\"https:\/\/www.tunews24.it\/ilcorrieredellaprovincia\/#website\"},\"primaryImageOfPage\":{\"@id\":\"https:\/\/www.tunews24.it\/ilcorrieredellaprovincia\/2020\/02\/10\/bandi-regione-lazioe-commerce-digitalizzazione\/#primaryimage\"},\"image\":{\"@id\":\"https:\/\/www.tunews24.it\/ilcorrieredellaprovincia\/2020\/02\/10\/bandi-regione-lazioe-commerce-digitalizzazione\/#primaryimage\"},\"thumbnailUrl\":\"https:\/\/www.tunews24.it\/ilcorrieredellaprovincia\/wp-content\/uploads\/sites\/2\/2020\/02\/digit.png\",\"datePublished\":\"2020-02-10T13:31:33+00:00\",\"dateModified\":\"2020-02-10T14:12:26+00:00\",\"description\":\"Di tutto ci\u00f2 se ne parler\u00e0 nel corso di un'iniziativa, aperta alle aziende del territorio che si terr\u00e0 gioved\u00ec 13 febbraio a Ferentino\",\"breadcrumb\":{\"@id\":\"https:\/\/www.tunews24.it\/ilcorrieredellaprovincia\/2020\/02\/10\/bandi-regione-lazioe-commerce-digitalizzazione\/#breadcrumb\"},\"inLanguage\":\"it-IT\",\"potentialAction\":[{\"@type\":\"ReadAction\",\"target\":[\"https:\/\/www.tunews24.it\/ilcorrieredellaprovincia\/2020\/02\/10\/bandi-regione-lazioe-commerce-digitalizzazione\/\"]}]},{\"@type\":\"ImageObject\",\"inLanguage\":\"it-IT\",\"@id\":\"https:\/\/www.tunews24.it\/ilcorrieredellaprovincia\/2020\/02\/10\/bandi-regione-lazioe-commerce-digitalizzazione\/#primaryimage\",\"url\":\"https:\/\/www.tunews24.it\/ilcorrieredellaprovincia\/wp-content\/uploads\/sites\/2\/2020\/02\/digit.png\",\"contentUrl\":\"https:\/\/www.tunews24.it\/ilcorrieredellaprovincia\/wp-content\/uploads\/sites\/2\/2020\/02\/digit.png\",\"width\":714,\"height\":389,\"caption\":\"bando digitalizzazione lazio fondo perduto\"},{\"@type\":\"BreadcrumbList\",\"@id\":\"https:\/\/www.tunews24.it\/ilcorrieredellaprovincia\/2020\/02\/10\/bandi-regione-lazioe-commerce-digitalizzazione\/#breadcrumb\",\"itemListElement\":[{\"@type\":\"ListItem\",\"position\":1,\"name\":\"Home\",\"item\":\"https:\/\/www.tunews24.it\/ilcorrieredellaprovincia\/\"},{\"@type\":\"ListItem\",\"position\":2,\"name\":\"Digitalizzazione, e-commerce e bandi regionali. Gioved\u00ec 13 incontro sulle opportunit\u00e0\"}]},{\"@type\":\"WebSite\",\"@id\":\"https:\/\/www.tunews24.it\/ilcorrieredellaprovincia\/#website\",\"url\":\"https:\/\/www.tunews24.it\/ilcorrieredellaprovincia\/\",\"name\":\"Il Corriere Delle Provincia\",\"description\":\"IlCorriereDellaProvincia.it, quotidiano web di politica, cronaca, inchiesta, lavoro, scuola, turismo, cultura e spettacolo, economia e finanza, salute e benessere. Approfondimenti e notizie aggiornate con foto e video della provincia di Frosinone ma anche news nazionali, dell\u2019Italia e del Mondo.\",\"publisher\":{\"@id\":\"https:\/\/www.tunews24.it\/ilcorrieredellaprovincia\/#organization\"},\"potentialAction\":[{\"@type\":\"SearchAction\",\"target\":{\"@type\":\"EntryPoint\",\"urlTemplate\":\"https:\/\/www.tunews24.it\/ilcorrieredellaprovincia\/?s={search_term_string}\"},\"query-input\":{\"@type\":\"PropertyValueSpecification\",\"valueRequired\":true,\"valueName\":\"search_term_string\"}}],\"inLanguage\":\"it-IT\"},{\"@type\":\"Organization\",\"@id\":\"https:\/\/www.tunews24.it\/ilcorrieredellaprovincia\/#organization\",\"name\":\"Globalpress s.r.l.\",\"url\":\"https:\/\/www.tunews24.it\/ilcorrieredellaprovincia\/\",\"logo\":{\"@type\":\"ImageObject\",\"inLanguage\":\"it-IT\",\"@id\":\"https:\/\/www.tunews24.it\/ilcorrieredellaprovincia\/#\/schema\/logo\/image\/\",\"url\":\"https:\/\/www.tunews24.it\/ilcorrieredellaprovincia\/wp-content\/uploads\/sites\/2\/2022\/11\/cropped-il-corriere-della-provincia-testata-web-scontornata.png\",\"contentUrl\":\"https:\/\/www.tunews24.it\/ilcorrieredellaprovincia\/wp-content\/uploads\/sites\/2\/2022\/11\/cropped-il-corriere-della-provincia-testata-web-scontornata.png\",\"width\":2911,\"height\":717,\"caption\":\"Globalpress s.r.l.\"},\"image\":{\"@id\":\"https:\/\/www.tunews24.it\/ilcorrieredellaprovincia\/#\/schema\/logo\/image\/\"}},{\"@type\":\"Person\",\"@id\":\"https:\/\/www.tunews24.it\/ilcorrieredellaprovincia\/#\/schema\/person\/6d7f0a9120d0c03d0c552e9fdf49ed7d\",\"name\":\"Redazione\",\"image\":{\"@type\":\"ImageObject\",\"inLanguage\":\"it-IT\",\"@id\":\"https:\/\/www.tunews24.it\/ilcorrieredellaprovincia\/#\/schema\/person\/image\/\",\"url\":\"https:\/\/secure.gravatar.com\/avatar\/b20622a119cb3fa611b12e3ef009da26?s=96&d=mm&r=g\",\"contentUrl\":\"https:\/\/secure.gravatar.com\/avatar\/b20622a119cb3fa611b12e3ef009da26?s=96&d=mm&r=g\",\"caption\":\"Redazione\"},\"description\":\"SEGUICI ANCHE SUI SOCIAL Facebook: TuNews24 e TuSport24 Instagram: TuNews24 e TuSport24 Youtube: TuNews24 Telegram: TuNews24 Puoi leggerci anche in formato cartaceo: il settimanale viene pubblicato e distribuito gratuitamente ogni venerd\u00ec in edicole, bar, centri commerciali e svariati esercizi. Ma \u00e8 possibile anche sfogliarlo comodamente online, cliccando su TU NEWS sfogliabile TU NEWS, PASSIONE PER L\u2019INFORMAZIONE\",\"sameAs\":[\"http:\/\/www.tunews24.it\",\"www.facebook.com\/tunews24\"],\"url\":\"https:\/\/www.tunews24.it\/ilcorrieredellaprovincia\/author\/senzafirma\/\"}]}<\/script>\n<!-- \/ Yoast SEO plugin. -->","yoast_head_json":{"title":"Digitalizzazione, e-commerce e bandi regionali. Gioved\u00ec 13 incontro sulle opportunit\u00e0 - IlCorriereDellaProvincia.it - News h24 e notizie di approfondimento","description":"Di tutto ci\u00f2 se ne parler\u00e0 nel corso di un'iniziativa, aperta alle aziende del territorio che si terr\u00e0 gioved\u00ec 13 febbraio a Ferentino","robots":{"index":"index","follow":"follow","max-snippet":"max-snippet:-1","max-image-preview":"max-image-preview:large","max-video-preview":"max-video-preview:-1"},"canonical":"https:\/\/www.tunews24.it\/ilcorrieredellaprovincia\/2020\/02\/10\/bandi-regione-lazioe-commerce-digitalizzazione\/","og_locale":"it_IT","og_type":"article","og_title":"Digitalizzazione, e-commerce e bandi regionali. Gioved\u00ec 13 incontro sulle opportunit\u00e0 - IlCorriereDellaProvincia.it - News h24 e notizie di approfondimento","og_description":"Di tutto ci\u00f2 se ne parler\u00e0 nel corso di un'iniziativa, aperta alle aziende del territorio che si terr\u00e0 gioved\u00ec 13 febbraio a Ferentino","og_url":"https:\/\/www.tunews24.it\/ilcorrieredellaprovincia\/2020\/02\/10\/bandi-regione-lazioe-commerce-digitalizzazione\/","og_site_name":"IlCorriereDellaProvincia.it - News h24 e notizie di approfondimento","article_author":"www.facebook.com\/tunews24","article_published_time":"2020-02-10T13:31:33+00:00","article_modified_time":"2020-02-10T14:12:26+00:00","og_image":[{"width":714,"height":389,"url":"https:\/\/www.tunews24.it\/ilcorrieredellaprovincia\/wp-content\/uploads\/sites\/2\/2020\/02\/digit.png","type":"image\/png"}],"author":"Redazione","twitter_card":"summary_large_image","twitter_misc":{"Scritto da":"Redazione","Tempo di lettura stimato":"1 minuto"},"schema":{"@context":"https:\/\/schema.org","@graph":[{"@type":"Article","@id":"https:\/\/www.tunews24.it\/ilcorrieredellaprovincia\/2020\/02\/10\/bandi-regione-lazioe-commerce-digitalizzazione\/#article","isPartOf":{"@id":"https:\/\/www.tunews24.it\/ilcorrieredellaprovincia\/2020\/02\/10\/bandi-regione-lazioe-commerce-digitalizzazione\/"},"author":{"name":"Redazione","@id":"https:\/\/www.tunews24.it\/ilcorrieredellaprovincia\/#\/schema\/person\/6d7f0a9120d0c03d0c552e9fdf49ed7d"},"headline":"Digitalizzazione, e-commerce e bandi regionali. Gioved\u00ec 13 incontro sulle opportunit\u00e0","datePublished":"2020-02-10T13:31:33+00:00","dateModified":"2020-02-10T14:12:26+00:00","mainEntityOfPage":{"@id":"https:\/\/www.tunews24.it\/ilcorrieredellaprovincia\/2020\/02\/10\/bandi-regione-lazioe-commerce-digitalizzazione\/"},"wordCount":202,"commentCount":0,"publisher":{"@id":"https:\/\/www.tunews24.it\/ilcorrieredellaprovincia\/#organization"},"image":{"@id":"https:\/\/www.tunews24.it\/ilcorrieredellaprovincia\/2020\/02\/10\/bandi-regione-lazioe-commerce-digitalizzazione\/#primaryimage"},"thumbnailUrl":"https:\/\/www.tunews24.it\/ilcorrieredellaprovincia\/wp-content\/uploads\/sites\/2\/2020\/02\/digit.png","keywords":["bandi regionali","CB&amp;C-LAB","digitalizzazione","e-commerce","fondo perduto","INTIT e Profima","regione lazio"],"articleSection":["*PRIMO PIANO*","Economia e Finanza","News"],"inLanguage":"it-IT","potentialAction":[{"@type":"CommentAction","name":"Comment","target":["https:\/\/www.tunews24.it\/ilcorrieredellaprovincia\/2020\/02\/10\/bandi-regione-lazioe-commerce-digitalizzazione\/#respond"]}]},{"@type":"WebPage","@id":"https:\/\/www.tunews24.it\/ilcorrieredellaprovincia\/2020\/02\/10\/bandi-regione-lazioe-commerce-digitalizzazione\/","url":"https:\/\/www.tunews24.it\/ilcorrieredellaprovincia\/2020\/02\/10\/bandi-regione-lazioe-commerce-digitalizzazione\/","name":"Digitalizzazione, e-commerce e bandi regionali. Gioved\u00ec 13 incontro sulle opportunit\u00e0 - IlCorriereDellaProvincia.it - News h24 e notizie di approfondimento","isPartOf":{"@id":"https:\/\/www.tunews24.it\/ilcorrieredellaprovincia\/#website"},"primaryImageOfPage":{"@id":"https:\/\/www.tunews24.it\/ilcorrieredellaprovincia\/2020\/02\/10\/bandi-regione-lazioe-commerce-digitalizzazione\/#primaryimage"},"image":{"@id":"https:\/\/www.tunews24.it\/ilcorrieredellaprovincia\/2020\/02\/10\/bandi-regione-lazioe-commerce-digitalizzazione\/#primaryimage"},"thumbnailUrl":"https:\/\/www.tunews24.it\/ilcorrieredellaprovincia\/wp-content\/uploads\/sites\/2\/2020\/02\/digit.png","datePublished":"2020-02-10T13:31:33+00:00","dateModified":"2020-02-10T14:12:26+00:00","description":"Di tutto ci\u00f2 se ne parler\u00e0 nel corso di un'iniziativa, aperta alle aziende del territorio che si terr\u00e0 gioved\u00ec 13 febbraio a Ferentino","breadcrumb":{"@id":"https:\/\/www.tunews24.it\/ilcorrieredellaprovincia\/2020\/02\/10\/bandi-regione-lazioe-commerce-digitalizzazione\/#breadcrumb"},"inLanguage":"it-IT","potentialAction":[{"@type":"ReadAction","target":["https:\/\/www.tunews24.it\/ilcorrieredellaprovincia\/2020\/02\/10\/bandi-regione-lazioe-commerce-digitalizzazione\/"]}]},{"@type":"ImageObject","inLanguage":"it-IT","@id":"https:\/\/www.tunews24.it\/ilcorrieredellaprovincia\/2020\/02\/10\/bandi-regione-lazioe-commerce-digitalizzazione\/#primaryimage","url":"https:\/\/www.tunews24.it\/ilcorrieredellaprovincia\/wp-content\/uploads\/sites\/2\/2020\/02\/digit.png","contentUrl":"https:\/\/www.tunews24.it\/ilcorrieredellaprovincia\/wp-content\/uploads\/sites\/2\/2020\/02\/digit.png","width":714,"height":389,"caption":"bando digitalizzazione lazio fondo perduto"},{"@type":"BreadcrumbList","@id":"https:\/\/www.tunews24.it\/ilcorrieredellaprovincia\/2020\/02\/10\/bandi-regione-lazioe-commerce-digitalizzazione\/#breadcrumb","itemListElement":[{"@type":"ListItem","position":1,"name":"Home","item":"https:\/\/www.tunews24.it\/ilcorrieredellaprovincia\/"},{"@type":"ListItem","position":2,"name":"Digitalizzazione, e-commerce e bandi regionali. Gioved\u00ec 13 incontro sulle opportunit\u00e0"}]},{"@type":"WebSite","@id":"https:\/\/www.tunews24.it\/ilcorrieredellaprovincia\/#website","url":"https:\/\/www.tunews24.it\/ilcorrieredellaprovincia\/","name":"Il Corriere Delle Provincia","description":"IlCorriereDellaProvincia.it, quotidiano web di politica, cronaca, inchiesta, lavoro, scuola, turismo, cultura e spettacolo, economia e finanza, salute e benessere. Approfondimenti e notizie aggiornate con foto e video della provincia di Frosinone ma anche news nazionali, dell\u2019Italia e del Mondo.","publisher":{"@id":"https:\/\/www.tunews24.it\/ilcorrieredellaprovincia\/#organization"},"potentialAction":[{"@type":"SearchAction","target":{"@type":"EntryPoint","urlTemplate":"https:\/\/www.tunews24.it\/ilcorrieredellaprovincia\/?s={search_term_string}"},"query-input":{"@type":"PropertyValueSpecification","valueRequired":true,"valueName":"search_term_string"}}],"inLanguage":"it-IT"},{"@type":"Organization","@id":"https:\/\/www.tunews24.it\/ilcorrieredellaprovincia\/#organization","name":"Globalpress s.r.l.","url":"https:\/\/www.tunews24.it\/ilcorrieredellaprovincia\/","logo":{"@type":"ImageObject","inLanguage":"it-IT","@id":"https:\/\/www.tunews24.it\/ilcorrieredellaprovincia\/#\/schema\/logo\/image\/","url":"https:\/\/www.tunews24.it\/ilcorrieredellaprovincia\/wp-content\/uploads\/sites\/2\/2022\/11\/cropped-il-corriere-della-provincia-testata-web-scontornata.png","contentUrl":"https:\/\/www.tunews24.it\/ilcorrieredellaprovincia\/wp-content\/uploads\/sites\/2\/2022\/11\/cropped-il-corriere-della-provincia-testata-web-scontornata.png","width":2911,"height":717,"caption":"Globalpress s.r.l."},"image":{"@id":"https:\/\/www.tunews24.it\/ilcorrieredellaprovincia\/#\/schema\/logo\/image\/"}},{"@type":"Person","@id":"https:\/\/www.tunews24.it\/ilcorrieredellaprovincia\/#\/schema\/person\/6d7f0a9120d0c03d0c552e9fdf49ed7d","name":"Redazione","image":{"@type":"ImageObject","inLanguage":"it-IT","@id":"https:\/\/www.tunews24.it\/ilcorrieredellaprovincia\/#\/schema\/person\/image\/","url":"https:\/\/secure.gravatar.com\/avatar\/b20622a119cb3fa611b12e3ef009da26?s=96&d=mm&r=g","contentUrl":"https:\/\/secure.gravatar.com\/avatar\/b20622a119cb3fa611b12e3ef009da26?s=96&d=mm&r=g","caption":"Redazione"},"description":"SEGUICI ANCHE SUI SOCIAL Facebook: TuNews24 e TuSport24 Instagram: TuNews24 e TuSport24 Youtube: TuNews24 Telegram: TuNews24 Puoi leggerci anche in formato cartaceo: il settimanale viene pubblicato e distribuito gratuitamente ogni venerd\u00ec in edicole, bar, centri commerciali e svariati esercizi. Ma \u00e8 possibile anche sfogliarlo comodamente online, cliccando su TU NEWS sfogliabile TU NEWS, PASSIONE PER L\u2019INFORMAZIONE","sameAs":["http:\/\/www.tunews24.it","www.facebook.com\/tunews24"],"url":"https:\/\/www.tunews24.it\/ilcorrieredellaprovincia\/author\/senzafirma\/"}]}},"_links":{"self":[{"href":"https:\/\/www.tunews24.it\/ilcorrieredellaprovincia\/wp-json\/wp\/v2\/posts\/28053","targetHints":{"allow":["GET"]}}],"collection":[{"href":"https:\/\/www.tunews24.it\/ilcorrieredellaprovincia\/wp-json\/wp\/v2\/posts"}],"about":[{"href":"https:\/\/www.tunews24.it\/ilcorrieredellaprovincia\/wp-json\/wp\/v2\/types\/post"}],"author":[{"embeddable":true,"href":"https:\/\/www.tunews24.it\/ilcorrieredellaprovincia\/wp-json\/wp\/v2\/users\/18"}],"replies":[{"embeddable":true,"href":"https:\/\/www.tunews24.it\/ilcorrieredellaprovincia\/wp-json\/wp\/v2\/comments?post=28053"}],"version-history":[{"count":7,"href":"https:\/\/www.tunews24.it\/ilcorrieredellaprovincia\/wp-json\/wp\/v2\/posts\/28053\/revisions"}],"predecessor-version":[{"id":28492,"href":"https:\/\/www.tunews24.it\/ilcorrieredellaprovincia\/wp-json\/wp\/v2\/posts\/28053\/revisions\/28492"}],"wp:featuredmedia":[{"embeddable":true,"href":"https:\/\/www.tunews24.it\/ilcorrieredellaprovincia\/wp-json\/wp\/v2\/media\/28067"}],"wp:attachment":[{"href":"https:\/\/www.tunews24.it\/ilcorrieredellaprovincia\/wp-json\/wp\/v2\/media?parent=28053"}],"wp:term":[{"taxonomy":"category","embeddable":true,"href":"https:\/\/www.tunews24.it\/ilcorrieredellaprovincia\/wp-json\/wp\/v2\/categories?post=28053"},{"taxonomy":"post_tag","embeddable":true,"href":"https:\/\/www.tunews24.it\/ilcorrieredellaprovincia\/wp-json\/wp\/v2\/tags?post=28053"}],"curies":[{"name":"wp","href":"https:\/\/api.w.org\/{rel}","templated":true}]}}