{"id":2803,"date":"2018-12-06T15:41:38","date_gmt":"2018-12-06T14:41:38","guid":{"rendered":"http:\/\/www.tunews24.it\/ilcorrieredellaprovincia\/?p=2803"},"modified":"2018-12-06T16:31:06","modified_gmt":"2018-12-06T15:31:06","slug":"una-politica-a-tempo-determinato-quadrini-attacca-rea","status":"publish","type":"post","link":"https:\/\/www.tunews24.it\/ilcorrieredellaprovincia\/2018\/12\/06\/una-politica-a-tempo-determinato-quadrini-attacca-rea\/","title":{"rendered":"Politica a tempo \u2026determinato. Quadrini attacca Rea"},"content":{"rendered":"<p>\u201cAd Arpino si pratica un modo di fare Politica a tempo determinato.\u201d Cos<strong>\u00ec Gianluca Quadrini<\/strong> consigliere di minoranza attacca il sindaco della citt\u00e0 Renato Rea, al quale ribadisce la necessit\u00e0 imminente di occuparsi dei problemi reali del paese. \u201cIn questi mesi, abbiamo cercato \u2013 dichiara\u00a0 \u2013 di stimolare con diverse proposte per la crescita e la visibilit\u00e0 della citt\u00e0, ma siamo qui ad esprimere e condividere un malessere purtroppo diffuso. Ci\u00f2 che viene all\u2019occhio \u00e8 un\u2019amministrazione priva di una strategia di governo e un programma in grado di rispondere alle necessit\u00e0 concrete della popolazione. Occorre una riflessione sui problemi irrisolti della citt\u00e0 che non vengono neanche affrontati&#8221;.<\/p>\n<p><img loading=\"lazy\" decoding=\"async\" class=\"aligncenter wp-image-2808 size-full\" src=\"http:\/\/www.tunews24.it\/ilcorrieredellaprovincia\/wp-content\/uploads\/sites\/2\/2018\/12\/Arpino.jpg\" alt=\"il corriere della provincia\" width=\"660\" height=\"375\" srcset=\"https:\/\/www.tunews24.it\/ilcorrieredellaprovincia\/wp-content\/uploads\/sites\/2\/2018\/12\/Arpino.jpg 660w, https:\/\/www.tunews24.it\/ilcorrieredellaprovincia\/wp-content\/uploads\/sites\/2\/2018\/12\/Arpino-300x170.jpg 300w, https:\/\/www.tunews24.it\/ilcorrieredellaprovincia\/wp-content\/uploads\/sites\/2\/2018\/12\/Arpino-500x284.jpg 500w\" sizes=\"auto, (max-width: 660px) 100vw, 660px\" \/><\/p>\n<p>&#8220;E\u2019 persino difficile fare opposizione &#8211; aggiuge Quadrini &#8211; perch\u00e9 non si fa niente e non ci si pu\u00f2 confrontare sul nulla. Per ultimo la scelta dell\u2019avvicendamento dei consiglieri. Una sorta di estremizzazione del principio dell&#8217; &#8216;<strong>uno vale uno&#8217;<\/strong> dove non conta pi\u00f9 se un &#8216;portavoce&#8217; ha ottenuto un numero maggiore di voti ed \u00e8 quindi pi\u00f9 rappresentativo dell\u2019elettorato. Qualcuno mi spieghi quale vantaggio avr\u00e0 la comunit\u00e0 per questo avvicendamento? Pur stimando tutte le persone che si impegnano per il bene comune, come cittadino e come consigliere non approvo questi vecchi giochi di potere. Il sindaco Rea &#8211; conclude il consigliere &#8211; dovrebbe avere pi\u00f9 a cuore le sorti del paese anzich\u00e9 giocare a fare i soliti contentini del momento, prendendosi beffa della citt\u00e0 e dei cittadini.&#8221;<\/p>\n","protected":false},"excerpt":{"rendered":"<p>\u201cAd Arpino si pratica un modo di fare Politica a tempo determinato.\u201d Cos\u00ec Gianluca Quadrini consigliere di minoranza attacca il<\/p>\n","protected":false},"author":18,"featured_media":2805,"comment_status":"open","ping_status":"open","sticky":false,"template":"","format":"standard","meta":{"footnotes":""},"categories":[28],"tags":[254,370,257],"class_list":["post-2803","post","type-post","status-publish","format-standard","has-post-thumbnail","hentry","category-politica","tag-arpino","tag-quadrini","tag-rea"],"yoast_head":"<!-- This site is optimized with the Yoast SEO plugin v23.9 - https:\/\/yoast.com\/wordpress\/plugins\/seo\/ -->\n<title>Politica a tempo \u2026determinato. Quadrini attacca Rea - IlCorriereDellaProvincia.it - News h24 e notizie di approfondimento<\/title>\n<meta name=\"description\" content=\"Gianluca Quadrini consigliere di minoranza attacca il sindaco Rea, al quale ribadisce la necessit\u00e0 imminente di occuparsi dei problemi reali del paese.\" \/>\n<meta name=\"robots\" content=\"index, follow, max-snippet:-1, max-image-preview:large, max-video-preview:-1\" \/>\n<link rel=\"canonical\" href=\"https:\/\/www.tunews24.it\/ilcorrieredellaprovincia\/2018\/12\/06\/una-politica-a-tempo-determinato-quadrini-attacca-rea\/\" \/>\n<meta property=\"og:locale\" content=\"it_IT\" \/>\n<meta property=\"og:type\" content=\"article\" \/>\n<meta property=\"og:title\" content=\"Politica a tempo \u2026determinato. Quadrini attacca Rea - IlCorriereDellaProvincia.it - News h24 e notizie di approfondimento\" \/>\n<meta property=\"og:description\" content=\"Gianluca Quadrini consigliere di minoranza attacca il sindaco Rea, al quale ribadisce la necessit\u00e0 imminente di occuparsi dei problemi reali del paese.\" \/>\n<meta property=\"og:url\" content=\"https:\/\/www.tunews24.it\/ilcorrieredellaprovincia\/2018\/12\/06\/una-politica-a-tempo-determinato-quadrini-attacca-rea\/\" \/>\n<meta property=\"og:site_name\" content=\"IlCorriereDellaProvincia.it - News h24 e notizie di approfondimento\" \/>\n<meta property=\"article:author\" content=\"www.facebook.com\/tunews24\" \/>\n<meta property=\"article:published_time\" content=\"2018-12-06T14:41:38+00:00\" \/>\n<meta property=\"article:modified_time\" content=\"2018-12-06T15:31:06+00:00\" \/>\n<meta property=\"og:image\" content=\"https:\/\/www.tunews24.it\/ilcorrieredellaprovincia\/wp-content\/uploads\/sites\/2\/2018\/12\/Quadrini-Gianluca-Arpino.jpg\" \/>\n\t<meta property=\"og:image:width\" content=\"600\" \/>\n\t<meta property=\"og:image:height\" content=\"398\" \/>\n\t<meta property=\"og:image:type\" content=\"image\/jpeg\" \/>\n<meta name=\"author\" content=\"Redazione\" \/>\n<meta name=\"twitter:card\" content=\"summary_large_image\" \/>\n<meta name=\"twitter:label1\" content=\"Scritto da\" \/>\n\t<meta name=\"twitter:data1\" content=\"Redazione\" \/>\n\t<meta name=\"twitter:label2\" content=\"Tempo di lettura stimato\" \/>\n\t<meta name=\"twitter:data2\" content=\"1 minuto\" \/>\n<script type=\"application\/ld+json\" class=\"yoast-schema-graph\">{\"@context\":\"https:\/\/schema.org\",\"@graph\":[{\"@type\":\"Article\",\"@id\":\"https:\/\/www.tunews24.it\/ilcorrieredellaprovincia\/2018\/12\/06\/una-politica-a-tempo-determinato-quadrini-attacca-rea\/#article\",\"isPartOf\":{\"@id\":\"https:\/\/www.tunews24.it\/ilcorrieredellaprovincia\/2018\/12\/06\/una-politica-a-tempo-determinato-quadrini-attacca-rea\/\"},\"author\":{\"name\":\"Redazione\",\"@id\":\"https:\/\/www.tunews24.it\/ilcorrieredellaprovincia\/#\/schema\/person\/6d7f0a9120d0c03d0c552e9fdf49ed7d\"},\"headline\":\"Politica a tempo \u2026determinato. Quadrini attacca Rea\",\"datePublished\":\"2018-12-06T14:41:38+00:00\",\"dateModified\":\"2018-12-06T15:31:06+00:00\",\"mainEntityOfPage\":{\"@id\":\"https:\/\/www.tunews24.it\/ilcorrieredellaprovincia\/2018\/12\/06\/una-politica-a-tempo-determinato-quadrini-attacca-rea\/\"},\"wordCount\":241,\"commentCount\":0,\"publisher\":{\"@id\":\"https:\/\/www.tunews24.it\/ilcorrieredellaprovincia\/#organization\"},\"image\":{\"@id\":\"https:\/\/www.tunews24.it\/ilcorrieredellaprovincia\/2018\/12\/06\/una-politica-a-tempo-determinato-quadrini-attacca-rea\/#primaryimage\"},\"thumbnailUrl\":\"https:\/\/www.tunews24.it\/ilcorrieredellaprovincia\/wp-content\/uploads\/sites\/2\/2018\/12\/Quadrini-Gianluca-Arpino.jpg\",\"keywords\":[\"arpino\",\"Quadrini\",\"rea\"],\"articleSection\":[\"Evidenza\"],\"inLanguage\":\"it-IT\",\"potentialAction\":[{\"@type\":\"CommentAction\",\"name\":\"Comment\",\"target\":[\"https:\/\/www.tunews24.it\/ilcorrieredellaprovincia\/2018\/12\/06\/una-politica-a-tempo-determinato-quadrini-attacca-rea\/#respond\"]}]},{\"@type\":\"WebPage\",\"@id\":\"https:\/\/www.tunews24.it\/ilcorrieredellaprovincia\/2018\/12\/06\/una-politica-a-tempo-determinato-quadrini-attacca-rea\/\",\"url\":\"https:\/\/www.tunews24.it\/ilcorrieredellaprovincia\/2018\/12\/06\/una-politica-a-tempo-determinato-quadrini-attacca-rea\/\",\"name\":\"Politica a tempo \u2026determinato. Quadrini attacca Rea - IlCorriereDellaProvincia.it - News h24 e notizie di approfondimento\",\"isPartOf\":{\"@id\":\"https:\/\/www.tunews24.it\/ilcorrieredellaprovincia\/#website\"},\"primaryImageOfPage\":{\"@id\":\"https:\/\/www.tunews24.it\/ilcorrieredellaprovincia\/2018\/12\/06\/una-politica-a-tempo-determinato-quadrini-attacca-rea\/#primaryimage\"},\"image\":{\"@id\":\"https:\/\/www.tunews24.it\/ilcorrieredellaprovincia\/2018\/12\/06\/una-politica-a-tempo-determinato-quadrini-attacca-rea\/#primaryimage\"},\"thumbnailUrl\":\"https:\/\/www.tunews24.it\/ilcorrieredellaprovincia\/wp-content\/uploads\/sites\/2\/2018\/12\/Quadrini-Gianluca-Arpino.jpg\",\"datePublished\":\"2018-12-06T14:41:38+00:00\",\"dateModified\":\"2018-12-06T15:31:06+00:00\",\"description\":\"Gianluca Quadrini consigliere di minoranza attacca il sindaco Rea, al quale ribadisce la necessit\u00e0 imminente di occuparsi dei problemi reali del paese.\",\"breadcrumb\":{\"@id\":\"https:\/\/www.tunews24.it\/ilcorrieredellaprovincia\/2018\/12\/06\/una-politica-a-tempo-determinato-quadrini-attacca-rea\/#breadcrumb\"},\"inLanguage\":\"it-IT\",\"potentialAction\":[{\"@type\":\"ReadAction\",\"target\":[\"https:\/\/www.tunews24.it\/ilcorrieredellaprovincia\/2018\/12\/06\/una-politica-a-tempo-determinato-quadrini-attacca-rea\/\"]}]},{\"@type\":\"ImageObject\",\"inLanguage\":\"it-IT\",\"@id\":\"https:\/\/www.tunews24.it\/ilcorrieredellaprovincia\/2018\/12\/06\/una-politica-a-tempo-determinato-quadrini-attacca-rea\/#primaryimage\",\"url\":\"https:\/\/www.tunews24.it\/ilcorrieredellaprovincia\/wp-content\/uploads\/sites\/2\/2018\/12\/Quadrini-Gianluca-Arpino.jpg\",\"contentUrl\":\"https:\/\/www.tunews24.it\/ilcorrieredellaprovincia\/wp-content\/uploads\/sites\/2\/2018\/12\/Quadrini-Gianluca-Arpino.jpg\",\"width\":600,\"height\":398,\"caption\":\"Il vicecoordinatore regionale azzurro Gianluca Quadrini\"},{\"@type\":\"BreadcrumbList\",\"@id\":\"https:\/\/www.tunews24.it\/ilcorrieredellaprovincia\/2018\/12\/06\/una-politica-a-tempo-determinato-quadrini-attacca-rea\/#breadcrumb\",\"itemListElement\":[{\"@type\":\"ListItem\",\"position\":1,\"name\":\"Home\",\"item\":\"https:\/\/www.tunews24.it\/ilcorrieredellaprovincia\/\"},{\"@type\":\"ListItem\",\"position\":2,\"name\":\"Politica a tempo \u2026determinato. Quadrini attacca Rea\"}]},{\"@type\":\"WebSite\",\"@id\":\"https:\/\/www.tunews24.it\/ilcorrieredellaprovincia\/#website\",\"url\":\"https:\/\/www.tunews24.it\/ilcorrieredellaprovincia\/\",\"name\":\"Il Corriere Delle Provincia\",\"description\":\"IlCorriereDellaProvincia.it, quotidiano web di politica, cronaca, inchiesta, lavoro, scuola, turismo, cultura e spettacolo, economia e finanza, salute e benessere. Approfondimenti e notizie aggiornate con foto e video della provincia di Frosinone ma anche news nazionali, dell\u2019Italia e del Mondo.\",\"publisher\":{\"@id\":\"https:\/\/www.tunews24.it\/ilcorrieredellaprovincia\/#organization\"},\"potentialAction\":[{\"@type\":\"SearchAction\",\"target\":{\"@type\":\"EntryPoint\",\"urlTemplate\":\"https:\/\/www.tunews24.it\/ilcorrieredellaprovincia\/?s={search_term_string}\"},\"query-input\":{\"@type\":\"PropertyValueSpecification\",\"valueRequired\":true,\"valueName\":\"search_term_string\"}}],\"inLanguage\":\"it-IT\"},{\"@type\":\"Organization\",\"@id\":\"https:\/\/www.tunews24.it\/ilcorrieredellaprovincia\/#organization\",\"name\":\"Globalpress s.r.l.\",\"url\":\"https:\/\/www.tunews24.it\/ilcorrieredellaprovincia\/\",\"logo\":{\"@type\":\"ImageObject\",\"inLanguage\":\"it-IT\",\"@id\":\"https:\/\/www.tunews24.it\/ilcorrieredellaprovincia\/#\/schema\/logo\/image\/\",\"url\":\"https:\/\/www.tunews24.it\/ilcorrieredellaprovincia\/wp-content\/uploads\/sites\/2\/2022\/11\/cropped-il-corriere-della-provincia-testata-web-scontornata.png\",\"contentUrl\":\"https:\/\/www.tunews24.it\/ilcorrieredellaprovincia\/wp-content\/uploads\/sites\/2\/2022\/11\/cropped-il-corriere-della-provincia-testata-web-scontornata.png\",\"width\":2911,\"height\":717,\"caption\":\"Globalpress s.r.l.\"},\"image\":{\"@id\":\"https:\/\/www.tunews24.it\/ilcorrieredellaprovincia\/#\/schema\/logo\/image\/\"}},{\"@type\":\"Person\",\"@id\":\"https:\/\/www.tunews24.it\/ilcorrieredellaprovincia\/#\/schema\/person\/6d7f0a9120d0c03d0c552e9fdf49ed7d\",\"name\":\"Redazione\",\"image\":{\"@type\":\"ImageObject\",\"inLanguage\":\"it-IT\",\"@id\":\"https:\/\/www.tunews24.it\/ilcorrieredellaprovincia\/#\/schema\/person\/image\/\",\"url\":\"https:\/\/secure.gravatar.com\/avatar\/b20622a119cb3fa611b12e3ef009da26?s=96&d=mm&r=g\",\"contentUrl\":\"https:\/\/secure.gravatar.com\/avatar\/b20622a119cb3fa611b12e3ef009da26?s=96&d=mm&r=g\",\"caption\":\"Redazione\"},\"description\":\"SEGUICI ANCHE SUI SOCIAL Facebook: TuNews24 e TuSport24 Instagram: TuNews24 e TuSport24 Youtube: TuNews24 Telegram: TuNews24 Puoi leggerci anche in formato cartaceo: il settimanale viene pubblicato e distribuito gratuitamente ogni venerd\u00ec in edicole, bar, centri commerciali e svariati esercizi. Ma \u00e8 possibile anche sfogliarlo comodamente online, cliccando su TU NEWS sfogliabile TU NEWS, PASSIONE PER L\u2019INFORMAZIONE\",\"sameAs\":[\"http:\/\/www.tunews24.it\",\"www.facebook.com\/tunews24\"],\"url\":\"https:\/\/www.tunews24.it\/ilcorrieredellaprovincia\/author\/senzafirma\/\"}]}<\/script>\n<!-- \/ Yoast SEO plugin. -->","yoast_head_json":{"title":"Politica a tempo \u2026determinato. Quadrini attacca Rea - IlCorriereDellaProvincia.it - News h24 e notizie di approfondimento","description":"Gianluca Quadrini consigliere di minoranza attacca il sindaco Rea, al quale ribadisce la necessit\u00e0 imminente di occuparsi dei problemi reali del paese.","robots":{"index":"index","follow":"follow","max-snippet":"max-snippet:-1","max-image-preview":"max-image-preview:large","max-video-preview":"max-video-preview:-1"},"canonical":"https:\/\/www.tunews24.it\/ilcorrieredellaprovincia\/2018\/12\/06\/una-politica-a-tempo-determinato-quadrini-attacca-rea\/","og_locale":"it_IT","og_type":"article","og_title":"Politica a tempo \u2026determinato. Quadrini attacca Rea - IlCorriereDellaProvincia.it - News h24 e notizie di approfondimento","og_description":"Gianluca Quadrini consigliere di minoranza attacca il sindaco Rea, al quale ribadisce la necessit\u00e0 imminente di occuparsi dei problemi reali del paese.","og_url":"https:\/\/www.tunews24.it\/ilcorrieredellaprovincia\/2018\/12\/06\/una-politica-a-tempo-determinato-quadrini-attacca-rea\/","og_site_name":"IlCorriereDellaProvincia.it - News h24 e notizie di approfondimento","article_author":"www.facebook.com\/tunews24","article_published_time":"2018-12-06T14:41:38+00:00","article_modified_time":"2018-12-06T15:31:06+00:00","og_image":[{"width":600,"height":398,"url":"https:\/\/www.tunews24.it\/ilcorrieredellaprovincia\/wp-content\/uploads\/sites\/2\/2018\/12\/Quadrini-Gianluca-Arpino.jpg","type":"image\/jpeg"}],"author":"Redazione","twitter_card":"summary_large_image","twitter_misc":{"Scritto da":"Redazione","Tempo di lettura stimato":"1 minuto"},"schema":{"@context":"https:\/\/schema.org","@graph":[{"@type":"Article","@id":"https:\/\/www.tunews24.it\/ilcorrieredellaprovincia\/2018\/12\/06\/una-politica-a-tempo-determinato-quadrini-attacca-rea\/#article","isPartOf":{"@id":"https:\/\/www.tunews24.it\/ilcorrieredellaprovincia\/2018\/12\/06\/una-politica-a-tempo-determinato-quadrini-attacca-rea\/"},"author":{"name":"Redazione","@id":"https:\/\/www.tunews24.it\/ilcorrieredellaprovincia\/#\/schema\/person\/6d7f0a9120d0c03d0c552e9fdf49ed7d"},"headline":"Politica a tempo \u2026determinato. Quadrini attacca Rea","datePublished":"2018-12-06T14:41:38+00:00","dateModified":"2018-12-06T15:31:06+00:00","mainEntityOfPage":{"@id":"https:\/\/www.tunews24.it\/ilcorrieredellaprovincia\/2018\/12\/06\/una-politica-a-tempo-determinato-quadrini-attacca-rea\/"},"wordCount":241,"commentCount":0,"publisher":{"@id":"https:\/\/www.tunews24.it\/ilcorrieredellaprovincia\/#organization"},"image":{"@id":"https:\/\/www.tunews24.it\/ilcorrieredellaprovincia\/2018\/12\/06\/una-politica-a-tempo-determinato-quadrini-attacca-rea\/#primaryimage"},"thumbnailUrl":"https:\/\/www.tunews24.it\/ilcorrieredellaprovincia\/wp-content\/uploads\/sites\/2\/2018\/12\/Quadrini-Gianluca-Arpino.jpg","keywords":["arpino","Quadrini","rea"],"articleSection":["Evidenza"],"inLanguage":"it-IT","potentialAction":[{"@type":"CommentAction","name":"Comment","target":["https:\/\/www.tunews24.it\/ilcorrieredellaprovincia\/2018\/12\/06\/una-politica-a-tempo-determinato-quadrini-attacca-rea\/#respond"]}]},{"@type":"WebPage","@id":"https:\/\/www.tunews24.it\/ilcorrieredellaprovincia\/2018\/12\/06\/una-politica-a-tempo-determinato-quadrini-attacca-rea\/","url":"https:\/\/www.tunews24.it\/ilcorrieredellaprovincia\/2018\/12\/06\/una-politica-a-tempo-determinato-quadrini-attacca-rea\/","name":"Politica a tempo \u2026determinato. Quadrini attacca Rea - IlCorriereDellaProvincia.it - News h24 e notizie di approfondimento","isPartOf":{"@id":"https:\/\/www.tunews24.it\/ilcorrieredellaprovincia\/#website"},"primaryImageOfPage":{"@id":"https:\/\/www.tunews24.it\/ilcorrieredellaprovincia\/2018\/12\/06\/una-politica-a-tempo-determinato-quadrini-attacca-rea\/#primaryimage"},"image":{"@id":"https:\/\/www.tunews24.it\/ilcorrieredellaprovincia\/2018\/12\/06\/una-politica-a-tempo-determinato-quadrini-attacca-rea\/#primaryimage"},"thumbnailUrl":"https:\/\/www.tunews24.it\/ilcorrieredellaprovincia\/wp-content\/uploads\/sites\/2\/2018\/12\/Quadrini-Gianluca-Arpino.jpg","datePublished":"2018-12-06T14:41:38+00:00","dateModified":"2018-12-06T15:31:06+00:00","description":"Gianluca Quadrini consigliere di minoranza attacca il sindaco Rea, al quale ribadisce la necessit\u00e0 imminente di occuparsi dei problemi reali del paese.","breadcrumb":{"@id":"https:\/\/www.tunews24.it\/ilcorrieredellaprovincia\/2018\/12\/06\/una-politica-a-tempo-determinato-quadrini-attacca-rea\/#breadcrumb"},"inLanguage":"it-IT","potentialAction":[{"@type":"ReadAction","target":["https:\/\/www.tunews24.it\/ilcorrieredellaprovincia\/2018\/12\/06\/una-politica-a-tempo-determinato-quadrini-attacca-rea\/"]}]},{"@type":"ImageObject","inLanguage":"it-IT","@id":"https:\/\/www.tunews24.it\/ilcorrieredellaprovincia\/2018\/12\/06\/una-politica-a-tempo-determinato-quadrini-attacca-rea\/#primaryimage","url":"https:\/\/www.tunews24.it\/ilcorrieredellaprovincia\/wp-content\/uploads\/sites\/2\/2018\/12\/Quadrini-Gianluca-Arpino.jpg","contentUrl":"https:\/\/www.tunews24.it\/ilcorrieredellaprovincia\/wp-content\/uploads\/sites\/2\/2018\/12\/Quadrini-Gianluca-Arpino.jpg","width":600,"height":398,"caption":"Il vicecoordinatore regionale azzurro Gianluca Quadrini"},{"@type":"BreadcrumbList","@id":"https:\/\/www.tunews24.it\/ilcorrieredellaprovincia\/2018\/12\/06\/una-politica-a-tempo-determinato-quadrini-attacca-rea\/#breadcrumb","itemListElement":[{"@type":"ListItem","position":1,"name":"Home","item":"https:\/\/www.tunews24.it\/ilcorrieredellaprovincia\/"},{"@type":"ListItem","position":2,"name":"Politica a tempo \u2026determinato. Quadrini attacca Rea"}]},{"@type":"WebSite","@id":"https:\/\/www.tunews24.it\/ilcorrieredellaprovincia\/#website","url":"https:\/\/www.tunews24.it\/ilcorrieredellaprovincia\/","name":"Il Corriere Delle Provincia","description":"IlCorriereDellaProvincia.it, quotidiano web di politica, cronaca, inchiesta, lavoro, scuola, turismo, cultura e spettacolo, economia e finanza, salute e benessere. Approfondimenti e notizie aggiornate con foto e video della provincia di Frosinone ma anche news nazionali, dell\u2019Italia e del Mondo.","publisher":{"@id":"https:\/\/www.tunews24.it\/ilcorrieredellaprovincia\/#organization"},"potentialAction":[{"@type":"SearchAction","target":{"@type":"EntryPoint","urlTemplate":"https:\/\/www.tunews24.it\/ilcorrieredellaprovincia\/?s={search_term_string}"},"query-input":{"@type":"PropertyValueSpecification","valueRequired":true,"valueName":"search_term_string"}}],"inLanguage":"it-IT"},{"@type":"Organization","@id":"https:\/\/www.tunews24.it\/ilcorrieredellaprovincia\/#organization","name":"Globalpress s.r.l.","url":"https:\/\/www.tunews24.it\/ilcorrieredellaprovincia\/","logo":{"@type":"ImageObject","inLanguage":"it-IT","@id":"https:\/\/www.tunews24.it\/ilcorrieredellaprovincia\/#\/schema\/logo\/image\/","url":"https:\/\/www.tunews24.it\/ilcorrieredellaprovincia\/wp-content\/uploads\/sites\/2\/2022\/11\/cropped-il-corriere-della-provincia-testata-web-scontornata.png","contentUrl":"https:\/\/www.tunews24.it\/ilcorrieredellaprovincia\/wp-content\/uploads\/sites\/2\/2022\/11\/cropped-il-corriere-della-provincia-testata-web-scontornata.png","width":2911,"height":717,"caption":"Globalpress s.r.l."},"image":{"@id":"https:\/\/www.tunews24.it\/ilcorrieredellaprovincia\/#\/schema\/logo\/image\/"}},{"@type":"Person","@id":"https:\/\/www.tunews24.it\/ilcorrieredellaprovincia\/#\/schema\/person\/6d7f0a9120d0c03d0c552e9fdf49ed7d","name":"Redazione","image":{"@type":"ImageObject","inLanguage":"it-IT","@id":"https:\/\/www.tunews24.it\/ilcorrieredellaprovincia\/#\/schema\/person\/image\/","url":"https:\/\/secure.gravatar.com\/avatar\/b20622a119cb3fa611b12e3ef009da26?s=96&d=mm&r=g","contentUrl":"https:\/\/secure.gravatar.com\/avatar\/b20622a119cb3fa611b12e3ef009da26?s=96&d=mm&r=g","caption":"Redazione"},"description":"SEGUICI ANCHE SUI SOCIAL Facebook: TuNews24 e TuSport24 Instagram: TuNews24 e TuSport24 Youtube: TuNews24 Telegram: TuNews24 Puoi leggerci anche in formato cartaceo: il settimanale viene pubblicato e distribuito gratuitamente ogni venerd\u00ec in edicole, bar, centri commerciali e svariati esercizi. Ma \u00e8 possibile anche sfogliarlo comodamente online, cliccando su TU NEWS sfogliabile TU NEWS, PASSIONE PER L\u2019INFORMAZIONE","sameAs":["http:\/\/www.tunews24.it","www.facebook.com\/tunews24"],"url":"https:\/\/www.tunews24.it\/ilcorrieredellaprovincia\/author\/senzafirma\/"}]}},"_links":{"self":[{"href":"https:\/\/www.tunews24.it\/ilcorrieredellaprovincia\/wp-json\/wp\/v2\/posts\/2803","targetHints":{"allow":["GET"]}}],"collection":[{"href":"https:\/\/www.tunews24.it\/ilcorrieredellaprovincia\/wp-json\/wp\/v2\/posts"}],"about":[{"href":"https:\/\/www.tunews24.it\/ilcorrieredellaprovincia\/wp-json\/wp\/v2\/types\/post"}],"author":[{"embeddable":true,"href":"https:\/\/www.tunews24.it\/ilcorrieredellaprovincia\/wp-json\/wp\/v2\/users\/18"}],"replies":[{"embeddable":true,"href":"https:\/\/www.tunews24.it\/ilcorrieredellaprovincia\/wp-json\/wp\/v2\/comments?post=2803"}],"version-history":[{"count":8,"href":"https:\/\/www.tunews24.it\/ilcorrieredellaprovincia\/wp-json\/wp\/v2\/posts\/2803\/revisions"}],"predecessor-version":[{"id":2817,"href":"https:\/\/www.tunews24.it\/ilcorrieredellaprovincia\/wp-json\/wp\/v2\/posts\/2803\/revisions\/2817"}],"wp:featuredmedia":[{"embeddable":true,"href":"https:\/\/www.tunews24.it\/ilcorrieredellaprovincia\/wp-json\/wp\/v2\/media\/2805"}],"wp:attachment":[{"href":"https:\/\/www.tunews24.it\/ilcorrieredellaprovincia\/wp-json\/wp\/v2\/media?parent=2803"}],"wp:term":[{"taxonomy":"category","embeddable":true,"href":"https:\/\/www.tunews24.it\/ilcorrieredellaprovincia\/wp-json\/wp\/v2\/categories?post=2803"},{"taxonomy":"post_tag","embeddable":true,"href":"https:\/\/www.tunews24.it\/ilcorrieredellaprovincia\/wp-json\/wp\/v2\/tags?post=2803"}],"curies":[{"name":"wp","href":"https:\/\/api.w.org\/{rel}","templated":true}]}}