{"id":20705,"date":"2019-10-23T14:48:25","date_gmt":"2019-10-23T12:48:25","guid":{"rendered":"https:\/\/www.tunews24.it\/ilcorrieredellaprovincia\/?p=20705"},"modified":"2019-10-23T14:49:14","modified_gmt":"2019-10-23T12:49:14","slug":"paliano-finanziamento-da-6-milioni-di-euro-per-costruire-la-nuova-scuola","status":"publish","type":"post","link":"https:\/\/www.tunews24.it\/ilcorrieredellaprovincia\/2019\/10\/23\/paliano-finanziamento-da-6-milioni-di-euro-per-costruire-la-nuova-scuola\/","title":{"rendered":"Paliano, finanziamento da 6 milioni di euro per costruire la nuova scuola"},"content":{"rendered":"<p dir=\"ltr\">Sei milioni di euro per la costruzione di una nuova scuola a Paliano, <strong>che possa sostituire il vecchio plesso di Via Fratelli Beguinot<\/strong> e ospitare in una struttura moderna, adeguata ed efficiente, gli alunni della scuola primaria e secondaria di primo grado della citt\u00e0.<\/p>\n<p dir=\"ltr\">Un nuovo finanziamento per l\u2019edilizia scolastica di Paliano, dunque, ottenuto grazie all\u2019accesso in graduatoria al decreto &#8216;Sisma 120&#8217; del Ministero dell&#8217;istruzione, dell&#8217;universit\u00e0 e della ricerca e annunciato dal sindaco Domenico Alfieri durante la sessione dedicata alle comunicazione nel consiglio comunale tenutosi ieri, 22 ottobre, presso il Teatro comunale Esperia.<\/p>\n<h2><\/h2>\n<h2>La soddisfazione del sindaco Alfieri<\/h2>\n<p dir=\"ltr\">&#8220;Grazie a questi nuovi, ingenti fondi \u2013 ha dichiarato il sindaco Domenico Alfieri \u2013 frutto dell\u2019impegno dell&#8217;amministrazione e dei tecnici comunali, garantiremo ai nostri figli una grande opera pubblica, pienamente fruibile e in regola con le pi\u00f9 stringenti norme antisismiche, ideata per costruire un solido futuro ai palianesi di domani, fondato sul valore imprescindibile dell&#8217;istruzione. Finalmente una nuova scuola&#8221;.<\/p>\n<h2>Le parole di Federico Fiore<\/h2>\n<p dir=\"ltr\">\u00abIn un momento in cui gli investimenti pubblici nelle strutture scolastiche risultano carenti, qui a Paliano riusciamo a porci in controtendenza, riuscendo a trovare nuove risorse grazie al lavoro quotidiano dei nostri uffici. La nuova scuola di Paliano sar\u00e0 un\u2019opera destinata a segnare uno spartiacque tra passato e futuro, e offrir\u00e0 ai nostri ragazzi un luogo all\u2019avanguardia dove crescere e apprendere in piena sicurezza\u00bb. Queste le parole <strong>dell\u2019assessore alle Opere pubbliche<\/strong>, Federico Fiore.<\/p>\n<h2><\/h2>\n<h2>L&#8217;intervento di Eleonora Campoli<\/h2>\n<div id=\"m_-546470322614784685mail-app-auto-signature\">\n<p dir=\"ltr\">\u00abLa costruzione di un nuovo plesso scolastico \u2013 <strong>\u00e8 stato il commento dell\u2019assessore alle Politiche scolastiche,<\/strong> Eleonora Campoli \u2013 oltre che una grande opportunit\u00e0 di crescita per tutta la nostra comunit\u00e0, rappresenta il segno tangibile di una volont\u00e0 amministrativa che mira a risolvere nel concreto le problematiche pi\u00f9 importanti per le famiglie, come assicurare luoghi protetti e sicuri per i nostri figli\u00bb<\/p>\n<\/div>\n","protected":false},"excerpt":{"rendered":"<p>Sei milioni di euro per la costruzione di una nuova scuola a Paliano, che possa sostituire il vecchio plesso di<\/p>\n","protected":false},"author":18,"featured_media":10942,"comment_status":"open","ping_status":"open","sticky":false,"template":"","format":"standard","meta":{"footnotes":""},"categories":[4,38],"tags":[1280,3346,1798,1585,93,102,605,367],"class_list":["post-20705","post","type-post","status-publish","format-standard","has-post-thumbnail","hentry","category-primo-piano","category-scuola","tag-domenico-alfieri","tag-edilizia-scolastica","tag-eleonora-campoli","tag-federico-fiore","tag-frosinone","tag-lazio","tag-paliano","tag-scuola"],"yoast_head":"<!-- This site is optimized with the Yoast SEO plugin v23.9 - https:\/\/yoast.com\/wordpress\/plugins\/seo\/ -->\n<title>Paliano, finanziamento da 6 milioni di euro per costruire la nuova scuola - IlCorriereDellaProvincia.it - News h24 e notizie di approfondimento<\/title>\n<meta name=\"description\" content=\"Un nuovo finanziamento per l\u2019edilizia scolastica di Paliano, dunque, ottenuto grazie all\u2019accesso in graduatoria al decreto &#039;Sisma 120&#039;\" \/>\n<meta name=\"robots\" content=\"index, follow, max-snippet:-1, max-image-preview:large, max-video-preview:-1\" \/>\n<link rel=\"canonical\" href=\"https:\/\/www.tunews24.it\/ilcorrieredellaprovincia\/2019\/10\/23\/paliano-finanziamento-da-6-milioni-di-euro-per-costruire-la-nuova-scuola\/\" \/>\n<meta property=\"og:locale\" content=\"it_IT\" \/>\n<meta property=\"og:type\" content=\"article\" \/>\n<meta property=\"og:title\" content=\"Paliano, finanziamento da 6 milioni di euro per costruire la nuova scuola - IlCorriereDellaProvincia.it - News h24 e notizie di approfondimento\" \/>\n<meta property=\"og:description\" content=\"Un nuovo finanziamento per l\u2019edilizia scolastica di Paliano, dunque, ottenuto grazie all\u2019accesso in graduatoria al decreto &#039;Sisma 120&#039;\" \/>\n<meta property=\"og:url\" content=\"https:\/\/www.tunews24.it\/ilcorrieredellaprovincia\/2019\/10\/23\/paliano-finanziamento-da-6-milioni-di-euro-per-costruire-la-nuova-scuola\/\" \/>\n<meta property=\"og:site_name\" content=\"IlCorriereDellaProvincia.it - News h24 e notizie di approfondimento\" \/>\n<meta property=\"article:author\" content=\"www.facebook.com\/tunews24\" \/>\n<meta property=\"article:published_time\" content=\"2019-10-23T12:48:25+00:00\" \/>\n<meta property=\"article:modified_time\" content=\"2019-10-23T12:49:14+00:00\" \/>\n<meta property=\"og:image\" content=\"https:\/\/www.tunews24.it\/ilcorrieredellaprovincia\/wp-content\/uploads\/sites\/2\/2019\/05\/domenico-alfieri-paliano-e1556957505400.jpg\" \/>\n\t<meta property=\"og:image:width\" content=\"632\" \/>\n\t<meta property=\"og:image:height\" content=\"421\" \/>\n\t<meta property=\"og:image:type\" content=\"image\/jpeg\" \/>\n<meta name=\"author\" content=\"Redazione\" \/>\n<meta name=\"twitter:card\" content=\"summary_large_image\" \/>\n<meta name=\"twitter:label1\" content=\"Scritto da\" \/>\n\t<meta name=\"twitter:data1\" content=\"Redazione\" \/>\n\t<meta name=\"twitter:label2\" content=\"Tempo di lettura stimato\" \/>\n\t<meta name=\"twitter:data2\" content=\"2 minuti\" \/>\n<script type=\"application\/ld+json\" class=\"yoast-schema-graph\">{\"@context\":\"https:\/\/schema.org\",\"@graph\":[{\"@type\":\"Article\",\"@id\":\"https:\/\/www.tunews24.it\/ilcorrieredellaprovincia\/2019\/10\/23\/paliano-finanziamento-da-6-milioni-di-euro-per-costruire-la-nuova-scuola\/#article\",\"isPartOf\":{\"@id\":\"https:\/\/www.tunews24.it\/ilcorrieredellaprovincia\/2019\/10\/23\/paliano-finanziamento-da-6-milioni-di-euro-per-costruire-la-nuova-scuola\/\"},\"author\":{\"name\":\"Redazione\",\"@id\":\"https:\/\/www.tunews24.it\/ilcorrieredellaprovincia\/#\/schema\/person\/6d7f0a9120d0c03d0c552e9fdf49ed7d\"},\"headline\":\"Paliano, finanziamento da 6 milioni di euro per costruire la nuova scuola\",\"datePublished\":\"2019-10-23T12:48:25+00:00\",\"dateModified\":\"2019-10-23T12:49:14+00:00\",\"mainEntityOfPage\":{\"@id\":\"https:\/\/www.tunews24.it\/ilcorrieredellaprovincia\/2019\/10\/23\/paliano-finanziamento-da-6-milioni-di-euro-per-costruire-la-nuova-scuola\/\"},\"wordCount\":317,\"commentCount\":0,\"publisher\":{\"@id\":\"https:\/\/www.tunews24.it\/ilcorrieredellaprovincia\/#organization\"},\"image\":{\"@id\":\"https:\/\/www.tunews24.it\/ilcorrieredellaprovincia\/2019\/10\/23\/paliano-finanziamento-da-6-milioni-di-euro-per-costruire-la-nuova-scuola\/#primaryimage\"},\"thumbnailUrl\":\"https:\/\/www.tunews24.it\/ilcorrieredellaprovincia\/wp-content\/uploads\/sites\/2\/2019\/05\/domenico-alfieri-paliano-e1556957505400.jpg\",\"keywords\":[\"domenico alfieri\",\"edilizia scolastica\",\"eleonora campoli\",\"federico fiore\",\"Frosinone\",\"Lazio\",\"Paliano\",\"scuola\"],\"articleSection\":[\"*PRIMO PIANO*\",\"Scuola\"],\"inLanguage\":\"it-IT\",\"potentialAction\":[{\"@type\":\"CommentAction\",\"name\":\"Comment\",\"target\":[\"https:\/\/www.tunews24.it\/ilcorrieredellaprovincia\/2019\/10\/23\/paliano-finanziamento-da-6-milioni-di-euro-per-costruire-la-nuova-scuola\/#respond\"]}]},{\"@type\":\"WebPage\",\"@id\":\"https:\/\/www.tunews24.it\/ilcorrieredellaprovincia\/2019\/10\/23\/paliano-finanziamento-da-6-milioni-di-euro-per-costruire-la-nuova-scuola\/\",\"url\":\"https:\/\/www.tunews24.it\/ilcorrieredellaprovincia\/2019\/10\/23\/paliano-finanziamento-da-6-milioni-di-euro-per-costruire-la-nuova-scuola\/\",\"name\":\"Paliano, finanziamento da 6 milioni di euro per costruire la nuova scuola - IlCorriereDellaProvincia.it - News h24 e notizie di approfondimento\",\"isPartOf\":{\"@id\":\"https:\/\/www.tunews24.it\/ilcorrieredellaprovincia\/#website\"},\"primaryImageOfPage\":{\"@id\":\"https:\/\/www.tunews24.it\/ilcorrieredellaprovincia\/2019\/10\/23\/paliano-finanziamento-da-6-milioni-di-euro-per-costruire-la-nuova-scuola\/#primaryimage\"},\"image\":{\"@id\":\"https:\/\/www.tunews24.it\/ilcorrieredellaprovincia\/2019\/10\/23\/paliano-finanziamento-da-6-milioni-di-euro-per-costruire-la-nuova-scuola\/#primaryimage\"},\"thumbnailUrl\":\"https:\/\/www.tunews24.it\/ilcorrieredellaprovincia\/wp-content\/uploads\/sites\/2\/2019\/05\/domenico-alfieri-paliano-e1556957505400.jpg\",\"datePublished\":\"2019-10-23T12:48:25+00:00\",\"dateModified\":\"2019-10-23T12:49:14+00:00\",\"description\":\"Un nuovo finanziamento per l\u2019edilizia scolastica di Paliano, dunque, ottenuto grazie all\u2019accesso in graduatoria al decreto 'Sisma 120'\",\"breadcrumb\":{\"@id\":\"https:\/\/www.tunews24.it\/ilcorrieredellaprovincia\/2019\/10\/23\/paliano-finanziamento-da-6-milioni-di-euro-per-costruire-la-nuova-scuola\/#breadcrumb\"},\"inLanguage\":\"it-IT\",\"potentialAction\":[{\"@type\":\"ReadAction\",\"target\":[\"https:\/\/www.tunews24.it\/ilcorrieredellaprovincia\/2019\/10\/23\/paliano-finanziamento-da-6-milioni-di-euro-per-costruire-la-nuova-scuola\/\"]}]},{\"@type\":\"ImageObject\",\"inLanguage\":\"it-IT\",\"@id\":\"https:\/\/www.tunews24.it\/ilcorrieredellaprovincia\/2019\/10\/23\/paliano-finanziamento-da-6-milioni-di-euro-per-costruire-la-nuova-scuola\/#primaryimage\",\"url\":\"https:\/\/www.tunews24.it\/ilcorrieredellaprovincia\/wp-content\/uploads\/sites\/2\/2019\/05\/domenico-alfieri-paliano-e1556957505400.jpg\",\"contentUrl\":\"https:\/\/www.tunews24.it\/ilcorrieredellaprovincia\/wp-content\/uploads\/sites\/2\/2019\/05\/domenico-alfieri-paliano-e1556957505400.jpg\",\"width\":632,\"height\":421,\"caption\":\"Il sindaco di Paliano Domenico Alfieri\"},{\"@type\":\"BreadcrumbList\",\"@id\":\"https:\/\/www.tunews24.it\/ilcorrieredellaprovincia\/2019\/10\/23\/paliano-finanziamento-da-6-milioni-di-euro-per-costruire-la-nuova-scuola\/#breadcrumb\",\"itemListElement\":[{\"@type\":\"ListItem\",\"position\":1,\"name\":\"Home\",\"item\":\"https:\/\/www.tunews24.it\/ilcorrieredellaprovincia\/\"},{\"@type\":\"ListItem\",\"position\":2,\"name\":\"Paliano, finanziamento da 6 milioni di euro per costruire la nuova scuola\"}]},{\"@type\":\"WebSite\",\"@id\":\"https:\/\/www.tunews24.it\/ilcorrieredellaprovincia\/#website\",\"url\":\"https:\/\/www.tunews24.it\/ilcorrieredellaprovincia\/\",\"name\":\"Il Corriere Delle Provincia\",\"description\":\"IlCorriereDellaProvincia.it, quotidiano web di politica, cronaca, inchiesta, lavoro, scuola, turismo, cultura e spettacolo, economia e finanza, salute e benessere. Approfondimenti e notizie aggiornate con foto e video della provincia di Frosinone ma anche news nazionali, dell\u2019Italia e del Mondo.\",\"publisher\":{\"@id\":\"https:\/\/www.tunews24.it\/ilcorrieredellaprovincia\/#organization\"},\"potentialAction\":[{\"@type\":\"SearchAction\",\"target\":{\"@type\":\"EntryPoint\",\"urlTemplate\":\"https:\/\/www.tunews24.it\/ilcorrieredellaprovincia\/?s={search_term_string}\"},\"query-input\":{\"@type\":\"PropertyValueSpecification\",\"valueRequired\":true,\"valueName\":\"search_term_string\"}}],\"inLanguage\":\"it-IT\"},{\"@type\":\"Organization\",\"@id\":\"https:\/\/www.tunews24.it\/ilcorrieredellaprovincia\/#organization\",\"name\":\"Globalpress s.r.l.\",\"url\":\"https:\/\/www.tunews24.it\/ilcorrieredellaprovincia\/\",\"logo\":{\"@type\":\"ImageObject\",\"inLanguage\":\"it-IT\",\"@id\":\"https:\/\/www.tunews24.it\/ilcorrieredellaprovincia\/#\/schema\/logo\/image\/\",\"url\":\"https:\/\/www.tunews24.it\/ilcorrieredellaprovincia\/wp-content\/uploads\/sites\/2\/2022\/11\/cropped-il-corriere-della-provincia-testata-web-scontornata.png\",\"contentUrl\":\"https:\/\/www.tunews24.it\/ilcorrieredellaprovincia\/wp-content\/uploads\/sites\/2\/2022\/11\/cropped-il-corriere-della-provincia-testata-web-scontornata.png\",\"width\":2911,\"height\":717,\"caption\":\"Globalpress s.r.l.\"},\"image\":{\"@id\":\"https:\/\/www.tunews24.it\/ilcorrieredellaprovincia\/#\/schema\/logo\/image\/\"}},{\"@type\":\"Person\",\"@id\":\"https:\/\/www.tunews24.it\/ilcorrieredellaprovincia\/#\/schema\/person\/6d7f0a9120d0c03d0c552e9fdf49ed7d\",\"name\":\"Redazione\",\"image\":{\"@type\":\"ImageObject\",\"inLanguage\":\"it-IT\",\"@id\":\"https:\/\/www.tunews24.it\/ilcorrieredellaprovincia\/#\/schema\/person\/image\/\",\"url\":\"https:\/\/secure.gravatar.com\/avatar\/b20622a119cb3fa611b12e3ef009da26?s=96&d=mm&r=g\",\"contentUrl\":\"https:\/\/secure.gravatar.com\/avatar\/b20622a119cb3fa611b12e3ef009da26?s=96&d=mm&r=g\",\"caption\":\"Redazione\"},\"description\":\"SEGUICI ANCHE SUI SOCIAL Facebook: TuNews24 e TuSport24 Instagram: TuNews24 e TuSport24 Youtube: TuNews24 Telegram: TuNews24 Puoi leggerci anche in formato cartaceo: il settimanale viene pubblicato e distribuito gratuitamente ogni venerd\u00ec in edicole, bar, centri commerciali e svariati esercizi. Ma \u00e8 possibile anche sfogliarlo comodamente online, cliccando su TU NEWS sfogliabile TU NEWS, PASSIONE PER L\u2019INFORMAZIONE\",\"sameAs\":[\"http:\/\/www.tunews24.it\",\"www.facebook.com\/tunews24\"],\"url\":\"https:\/\/www.tunews24.it\/ilcorrieredellaprovincia\/author\/senzafirma\/\"}]}<\/script>\n<!-- \/ Yoast SEO plugin. -->","yoast_head_json":{"title":"Paliano, finanziamento da 6 milioni di euro per costruire la nuova scuola - IlCorriereDellaProvincia.it - News h24 e notizie di approfondimento","description":"Un nuovo finanziamento per l\u2019edilizia scolastica di Paliano, dunque, ottenuto grazie all\u2019accesso in graduatoria al decreto 'Sisma 120'","robots":{"index":"index","follow":"follow","max-snippet":"max-snippet:-1","max-image-preview":"max-image-preview:large","max-video-preview":"max-video-preview:-1"},"canonical":"https:\/\/www.tunews24.it\/ilcorrieredellaprovincia\/2019\/10\/23\/paliano-finanziamento-da-6-milioni-di-euro-per-costruire-la-nuova-scuola\/","og_locale":"it_IT","og_type":"article","og_title":"Paliano, finanziamento da 6 milioni di euro per costruire la nuova scuola - IlCorriereDellaProvincia.it - News h24 e notizie di approfondimento","og_description":"Un nuovo finanziamento per l\u2019edilizia scolastica di Paliano, dunque, ottenuto grazie all\u2019accesso in graduatoria al decreto 'Sisma 120'","og_url":"https:\/\/www.tunews24.it\/ilcorrieredellaprovincia\/2019\/10\/23\/paliano-finanziamento-da-6-milioni-di-euro-per-costruire-la-nuova-scuola\/","og_site_name":"IlCorriereDellaProvincia.it - News h24 e notizie di approfondimento","article_author":"www.facebook.com\/tunews24","article_published_time":"2019-10-23T12:48:25+00:00","article_modified_time":"2019-10-23T12:49:14+00:00","og_image":[{"width":632,"height":421,"url":"https:\/\/www.tunews24.it\/ilcorrieredellaprovincia\/wp-content\/uploads\/sites\/2\/2019\/05\/domenico-alfieri-paliano-e1556957505400.jpg","type":"image\/jpeg"}],"author":"Redazione","twitter_card":"summary_large_image","twitter_misc":{"Scritto da":"Redazione","Tempo di lettura stimato":"2 minuti"},"schema":{"@context":"https:\/\/schema.org","@graph":[{"@type":"Article","@id":"https:\/\/www.tunews24.it\/ilcorrieredellaprovincia\/2019\/10\/23\/paliano-finanziamento-da-6-milioni-di-euro-per-costruire-la-nuova-scuola\/#article","isPartOf":{"@id":"https:\/\/www.tunews24.it\/ilcorrieredellaprovincia\/2019\/10\/23\/paliano-finanziamento-da-6-milioni-di-euro-per-costruire-la-nuova-scuola\/"},"author":{"name":"Redazione","@id":"https:\/\/www.tunews24.it\/ilcorrieredellaprovincia\/#\/schema\/person\/6d7f0a9120d0c03d0c552e9fdf49ed7d"},"headline":"Paliano, finanziamento da 6 milioni di euro per costruire la nuova scuola","datePublished":"2019-10-23T12:48:25+00:00","dateModified":"2019-10-23T12:49:14+00:00","mainEntityOfPage":{"@id":"https:\/\/www.tunews24.it\/ilcorrieredellaprovincia\/2019\/10\/23\/paliano-finanziamento-da-6-milioni-di-euro-per-costruire-la-nuova-scuola\/"},"wordCount":317,"commentCount":0,"publisher":{"@id":"https:\/\/www.tunews24.it\/ilcorrieredellaprovincia\/#organization"},"image":{"@id":"https:\/\/www.tunews24.it\/ilcorrieredellaprovincia\/2019\/10\/23\/paliano-finanziamento-da-6-milioni-di-euro-per-costruire-la-nuova-scuola\/#primaryimage"},"thumbnailUrl":"https:\/\/www.tunews24.it\/ilcorrieredellaprovincia\/wp-content\/uploads\/sites\/2\/2019\/05\/domenico-alfieri-paliano-e1556957505400.jpg","keywords":["domenico alfieri","edilizia scolastica","eleonora campoli","federico fiore","Frosinone","Lazio","Paliano","scuola"],"articleSection":["*PRIMO PIANO*","Scuola"],"inLanguage":"it-IT","potentialAction":[{"@type":"CommentAction","name":"Comment","target":["https:\/\/www.tunews24.it\/ilcorrieredellaprovincia\/2019\/10\/23\/paliano-finanziamento-da-6-milioni-di-euro-per-costruire-la-nuova-scuola\/#respond"]}]},{"@type":"WebPage","@id":"https:\/\/www.tunews24.it\/ilcorrieredellaprovincia\/2019\/10\/23\/paliano-finanziamento-da-6-milioni-di-euro-per-costruire-la-nuova-scuola\/","url":"https:\/\/www.tunews24.it\/ilcorrieredellaprovincia\/2019\/10\/23\/paliano-finanziamento-da-6-milioni-di-euro-per-costruire-la-nuova-scuola\/","name":"Paliano, finanziamento da 6 milioni di euro per costruire la nuova scuola - IlCorriereDellaProvincia.it - News h24 e notizie di approfondimento","isPartOf":{"@id":"https:\/\/www.tunews24.it\/ilcorrieredellaprovincia\/#website"},"primaryImageOfPage":{"@id":"https:\/\/www.tunews24.it\/ilcorrieredellaprovincia\/2019\/10\/23\/paliano-finanziamento-da-6-milioni-di-euro-per-costruire-la-nuova-scuola\/#primaryimage"},"image":{"@id":"https:\/\/www.tunews24.it\/ilcorrieredellaprovincia\/2019\/10\/23\/paliano-finanziamento-da-6-milioni-di-euro-per-costruire-la-nuova-scuola\/#primaryimage"},"thumbnailUrl":"https:\/\/www.tunews24.it\/ilcorrieredellaprovincia\/wp-content\/uploads\/sites\/2\/2019\/05\/domenico-alfieri-paliano-e1556957505400.jpg","datePublished":"2019-10-23T12:48:25+00:00","dateModified":"2019-10-23T12:49:14+00:00","description":"Un nuovo finanziamento per l\u2019edilizia scolastica di Paliano, dunque, ottenuto grazie all\u2019accesso in graduatoria al decreto 'Sisma 120'","breadcrumb":{"@id":"https:\/\/www.tunews24.it\/ilcorrieredellaprovincia\/2019\/10\/23\/paliano-finanziamento-da-6-milioni-di-euro-per-costruire-la-nuova-scuola\/#breadcrumb"},"inLanguage":"it-IT","potentialAction":[{"@type":"ReadAction","target":["https:\/\/www.tunews24.it\/ilcorrieredellaprovincia\/2019\/10\/23\/paliano-finanziamento-da-6-milioni-di-euro-per-costruire-la-nuova-scuola\/"]}]},{"@type":"ImageObject","inLanguage":"it-IT","@id":"https:\/\/www.tunews24.it\/ilcorrieredellaprovincia\/2019\/10\/23\/paliano-finanziamento-da-6-milioni-di-euro-per-costruire-la-nuova-scuola\/#primaryimage","url":"https:\/\/www.tunews24.it\/ilcorrieredellaprovincia\/wp-content\/uploads\/sites\/2\/2019\/05\/domenico-alfieri-paliano-e1556957505400.jpg","contentUrl":"https:\/\/www.tunews24.it\/ilcorrieredellaprovincia\/wp-content\/uploads\/sites\/2\/2019\/05\/domenico-alfieri-paliano-e1556957505400.jpg","width":632,"height":421,"caption":"Il sindaco di Paliano Domenico Alfieri"},{"@type":"BreadcrumbList","@id":"https:\/\/www.tunews24.it\/ilcorrieredellaprovincia\/2019\/10\/23\/paliano-finanziamento-da-6-milioni-di-euro-per-costruire-la-nuova-scuola\/#breadcrumb","itemListElement":[{"@type":"ListItem","position":1,"name":"Home","item":"https:\/\/www.tunews24.it\/ilcorrieredellaprovincia\/"},{"@type":"ListItem","position":2,"name":"Paliano, finanziamento da 6 milioni di euro per costruire la nuova scuola"}]},{"@type":"WebSite","@id":"https:\/\/www.tunews24.it\/ilcorrieredellaprovincia\/#website","url":"https:\/\/www.tunews24.it\/ilcorrieredellaprovincia\/","name":"Il Corriere Delle Provincia","description":"IlCorriereDellaProvincia.it, quotidiano web di politica, cronaca, inchiesta, lavoro, scuola, turismo, cultura e spettacolo, economia e finanza, salute e benessere. Approfondimenti e notizie aggiornate con foto e video della provincia di Frosinone ma anche news nazionali, dell\u2019Italia e del Mondo.","publisher":{"@id":"https:\/\/www.tunews24.it\/ilcorrieredellaprovincia\/#organization"},"potentialAction":[{"@type":"SearchAction","target":{"@type":"EntryPoint","urlTemplate":"https:\/\/www.tunews24.it\/ilcorrieredellaprovincia\/?s={search_term_string}"},"query-input":{"@type":"PropertyValueSpecification","valueRequired":true,"valueName":"search_term_string"}}],"inLanguage":"it-IT"},{"@type":"Organization","@id":"https:\/\/www.tunews24.it\/ilcorrieredellaprovincia\/#organization","name":"Globalpress s.r.l.","url":"https:\/\/www.tunews24.it\/ilcorrieredellaprovincia\/","logo":{"@type":"ImageObject","inLanguage":"it-IT","@id":"https:\/\/www.tunews24.it\/ilcorrieredellaprovincia\/#\/schema\/logo\/image\/","url":"https:\/\/www.tunews24.it\/ilcorrieredellaprovincia\/wp-content\/uploads\/sites\/2\/2022\/11\/cropped-il-corriere-della-provincia-testata-web-scontornata.png","contentUrl":"https:\/\/www.tunews24.it\/ilcorrieredellaprovincia\/wp-content\/uploads\/sites\/2\/2022\/11\/cropped-il-corriere-della-provincia-testata-web-scontornata.png","width":2911,"height":717,"caption":"Globalpress s.r.l."},"image":{"@id":"https:\/\/www.tunews24.it\/ilcorrieredellaprovincia\/#\/schema\/logo\/image\/"}},{"@type":"Person","@id":"https:\/\/www.tunews24.it\/ilcorrieredellaprovincia\/#\/schema\/person\/6d7f0a9120d0c03d0c552e9fdf49ed7d","name":"Redazione","image":{"@type":"ImageObject","inLanguage":"it-IT","@id":"https:\/\/www.tunews24.it\/ilcorrieredellaprovincia\/#\/schema\/person\/image\/","url":"https:\/\/secure.gravatar.com\/avatar\/b20622a119cb3fa611b12e3ef009da26?s=96&d=mm&r=g","contentUrl":"https:\/\/secure.gravatar.com\/avatar\/b20622a119cb3fa611b12e3ef009da26?s=96&d=mm&r=g","caption":"Redazione"},"description":"SEGUICI ANCHE SUI SOCIAL Facebook: TuNews24 e TuSport24 Instagram: TuNews24 e TuSport24 Youtube: TuNews24 Telegram: TuNews24 Puoi leggerci anche in formato cartaceo: il settimanale viene pubblicato e distribuito gratuitamente ogni venerd\u00ec in edicole, bar, centri commerciali e svariati esercizi. Ma \u00e8 possibile anche sfogliarlo comodamente online, cliccando su TU NEWS sfogliabile TU NEWS, PASSIONE PER L\u2019INFORMAZIONE","sameAs":["http:\/\/www.tunews24.it","www.facebook.com\/tunews24"],"url":"https:\/\/www.tunews24.it\/ilcorrieredellaprovincia\/author\/senzafirma\/"}]}},"_links":{"self":[{"href":"https:\/\/www.tunews24.it\/ilcorrieredellaprovincia\/wp-json\/wp\/v2\/posts\/20705","targetHints":{"allow":["GET"]}}],"collection":[{"href":"https:\/\/www.tunews24.it\/ilcorrieredellaprovincia\/wp-json\/wp\/v2\/posts"}],"about":[{"href":"https:\/\/www.tunews24.it\/ilcorrieredellaprovincia\/wp-json\/wp\/v2\/types\/post"}],"author":[{"embeddable":true,"href":"https:\/\/www.tunews24.it\/ilcorrieredellaprovincia\/wp-json\/wp\/v2\/users\/18"}],"replies":[{"embeddable":true,"href":"https:\/\/www.tunews24.it\/ilcorrieredellaprovincia\/wp-json\/wp\/v2\/comments?post=20705"}],"version-history":[{"count":2,"href":"https:\/\/www.tunews24.it\/ilcorrieredellaprovincia\/wp-json\/wp\/v2\/posts\/20705\/revisions"}],"predecessor-version":[{"id":20707,"href":"https:\/\/www.tunews24.it\/ilcorrieredellaprovincia\/wp-json\/wp\/v2\/posts\/20705\/revisions\/20707"}],"wp:featuredmedia":[{"embeddable":true,"href":"https:\/\/www.tunews24.it\/ilcorrieredellaprovincia\/wp-json\/wp\/v2\/media\/10942"}],"wp:attachment":[{"href":"https:\/\/www.tunews24.it\/ilcorrieredellaprovincia\/wp-json\/wp\/v2\/media?parent=20705"}],"wp:term":[{"taxonomy":"category","embeddable":true,"href":"https:\/\/www.tunews24.it\/ilcorrieredellaprovincia\/wp-json\/wp\/v2\/categories?post=20705"},{"taxonomy":"post_tag","embeddable":true,"href":"https:\/\/www.tunews24.it\/ilcorrieredellaprovincia\/wp-json\/wp\/v2\/tags?post=20705"}],"curies":[{"name":"wp","href":"https:\/\/api.w.org\/{rel}","templated":true}]}}