{"id":14287,"date":"2019-07-04T13:21:32","date_gmt":"2019-07-04T11:21:32","guid":{"rendered":"https:\/\/www.tunews24.it\/ilcorrieredellaprovincia\/?p=14287"},"modified":"2019-07-05T14:01:22","modified_gmt":"2019-07-05T12:01:22","slug":"minacce-violenze-e-incendi-fermati-due-cassinati","status":"publish","type":"post","link":"https:\/\/www.tunews24.it\/ilcorrieredellaprovincia\/2019\/07\/04\/minacce-violenze-e-incendi-fermati-due-cassinati\/","title":{"rendered":"Minacce, violenze e incendi: fermati due cassinati"},"content":{"rendered":"<p>Per farsi saldare un debito <strong>sono arrivati a minacciare e picchiare due persone fino a incendiare la porta d&#8217;ingresso dell&#8217;appartamento<\/strong>, a danneggiare l&#8217;auto <strong>fino a lanciare sul balcone di casa una bottiglia incendiaria<\/strong>. Stamattina sono stati rintracciati e fermati.<\/p>\n<p><strong>Il fermo di indiziato di delitto nei confronti di M.D.S. di 18 anni e F.D.S. Di 47<\/strong>, entrambi gi\u00e0 censiti, nati e residenti nel comune di Cassino, \u00e8 stato emesso lo scorso 27 giugno dalla procura della Repubblica della citt\u00e0 martire, sulla base delle indagini condotte dal Norm della Compagnia carabinieri di Cassino.<\/p>\n<p>&nbsp;<\/p>\n<p><img loading=\"lazy\" decoding=\"async\" class=\"aligncenter wp-image-14288 size-full\" src=\"https:\/\/www.tunews24.it\/ilcorrieredellaprovincia\/wp-content\/uploads\/sites\/2\/2019\/07\/procura-cassino.jpg\" alt=\"procura cassino il corriere della provincia\" width=\"620\" height=\"340\" srcset=\"https:\/\/www.tunews24.it\/ilcorrieredellaprovincia\/wp-content\/uploads\/sites\/2\/2019\/07\/procura-cassino.jpg 620w, https:\/\/www.tunews24.it\/ilcorrieredellaprovincia\/wp-content\/uploads\/sites\/2\/2019\/07\/procura-cassino-300x165.jpg 300w, https:\/\/www.tunews24.it\/ilcorrieredellaprovincia\/wp-content\/uploads\/sites\/2\/2019\/07\/procura-cassino-500x274.jpg 500w\" sizes=\"auto, (max-width: 620px) 100vw, 620px\" \/><\/p>\n<p>&nbsp;<\/p>\n<h2>Le accuse<\/h2>\n<p>In particolare, il diciottenne \u00e8 ritenuto responsabile di <strong>spaccio di stupefacenti<\/strong> in concorso, <strong>estorsione aggravata<\/strong> in concorso, <strong>danneggiamento a seguito di incendio<\/strong>, aggravato e in concorso, danneggiamento aggravato in concorso,<strong> incendio aggravato<\/strong> in concorso e <strong>detenzione e porto in luogo pubblico di bottiglia incendiaria<\/strong> mentre per il 47enne le accuse sono di estorsione aggravata in concorso e lesioni personali aggravate.<\/p>\n<p>Il pi\u00f9 giovane dei due, infine, \u00e8 ritenuto responsabile dell\u2019aggressione fisica commessa ai danni di una persona, e della <strong>minaccia aggravata commessa mediante l\u2019esplosione di colpi di arma da fuoco<\/strong>.<\/p>\n<h2>Una lunga sequenza di violenze e minacce<\/h2>\n<p>I due, con pi\u00f9 azioni esecutive, <strong>avrebbero costretto due vittime a consegnare loro la somma di 200 euro a fronte di un debito di 420 euro<\/strong>, con violenze e minacce consistite nell\u2019incendiare la porta d\u2019ingresso dell\u2019appartamento, nel danneggiamento dell&#8217;autovettura nonch\u00e9 nel lancio, sul balcone dell\u2019abitazione, di una bottiglia incendiaria.<\/p>\n<p>Non solo: avrebbero anche predisposto, vicino alla porta d&#8217;ingresso, un cumulo di volantini al fine di appiccare il fuoco. Inoltre, entrambi sono ritenuti responsabili di minacce gravi: <strong>in un&#8217;occasione, infatti, intimarono ai debitori di consegnare loro i soldi dovuti altrimenti avrebbero bruciato loro la casa<\/strong>. Nello stesso frangente, una delle due vittime sarebbe stata anche colpita con un pugno al volto, riportando lesioni.<\/p>\n<p>I due, attivamente ricercati dal momento che dopo queste azioni si erano resi irreperibili, sono stati rintracciati nella tarda mattinata di oggi, dopo diversi giorni di ricerche.<\/p>\n","protected":false},"excerpt":{"rendered":"<p>Per farsi saldare un debito sono arrivati a minacciare e picchiare due persone fino a incendiare la porta d&#8217;ingresso dell&#8217;appartamento,<\/p>\n","protected":false},"author":18,"featured_media":7233,"comment_status":"open","ping_status":"open","sticky":false,"template":"","format":"standard","meta":{"footnotes":""},"categories":[41,2],"tags":[5115,5114,90,216,5031,2005,5117,1050,298,1647,198,5116,598],"class_list":["post-14287","post","type-post","status-publish","format-standard","has-post-thumbnail","hentry","category-slide","category-cronaca","tag-arma-da-fuoco","tag-bottiglia-incendiaria","tag-carabinieri","tag-cassino","tag-danneggiamento","tag-estorsione","tag-fermo-di-indiziato-di-delitto","tag-incendio","tag-lesioni","tag-minacce","tag-procura","tag-ricercati","tag-violenza"],"yoast_head":"<!-- This site is optimized with the Yoast SEO plugin v23.9 - https:\/\/yoast.com\/wordpress\/plugins\/seo\/ -->\n<title>Minacce, violenze e incendi: fermati due cassinati - IlCorriereDellaProvincia.it - News h24 e notizie di approfondimento<\/title>\n<meta name=\"description\" content=\"Una lunga scia di minacce, violenze, danneggiamenti e incendi dolosi per farsi saldare un debito. Dopo giorni di ricerche sono stati fermati due cassinati\" \/>\n<meta name=\"robots\" content=\"index, follow, max-snippet:-1, max-image-preview:large, max-video-preview:-1\" \/>\n<link rel=\"canonical\" href=\"https:\/\/www.tunews24.it\/ilcorrieredellaprovincia\/2019\/07\/04\/minacce-violenze-e-incendi-fermati-due-cassinati\/\" \/>\n<meta property=\"og:locale\" content=\"it_IT\" \/>\n<meta property=\"og:type\" content=\"article\" \/>\n<meta property=\"og:title\" content=\"Minacce, violenze e incendi: fermati due cassinati - IlCorriereDellaProvincia.it - News h24 e notizie di approfondimento\" \/>\n<meta property=\"og:description\" content=\"Una lunga scia di minacce, violenze, danneggiamenti e incendi dolosi per farsi saldare un debito. Dopo giorni di ricerche sono stati fermati due cassinati\" \/>\n<meta property=\"og:url\" content=\"https:\/\/www.tunews24.it\/ilcorrieredellaprovincia\/2019\/07\/04\/minacce-violenze-e-incendi-fermati-due-cassinati\/\" \/>\n<meta property=\"og:site_name\" content=\"IlCorriereDellaProvincia.it - News h24 e notizie di approfondimento\" \/>\n<meta property=\"article:author\" content=\"www.facebook.com\/tunews24\" \/>\n<meta property=\"article:published_time\" content=\"2019-07-04T11:21:32+00:00\" \/>\n<meta property=\"article:modified_time\" content=\"2019-07-05T12:01:22+00:00\" \/>\n<meta property=\"og:image\" content=\"https:\/\/www.tunews24.it\/ilcorrieredellaprovincia\/wp-content\/uploads\/sites\/2\/2019\/02\/sede-carabinieri-cassino-e1551112548635.jpg\" \/>\n\t<meta property=\"og:image:width\" content=\"632\" \/>\n\t<meta property=\"og:image:height\" content=\"356\" \/>\n\t<meta property=\"og:image:type\" content=\"image\/jpeg\" \/>\n<meta name=\"author\" content=\"Redazione\" \/>\n<meta name=\"twitter:card\" content=\"summary_large_image\" \/>\n<meta name=\"twitter:label1\" content=\"Scritto da\" \/>\n\t<meta name=\"twitter:data1\" content=\"Redazione\" \/>\n\t<meta name=\"twitter:label2\" content=\"Tempo di lettura stimato\" \/>\n\t<meta name=\"twitter:data2\" content=\"2 minuti\" \/>\n<script type=\"application\/ld+json\" class=\"yoast-schema-graph\">{\"@context\":\"https:\/\/schema.org\",\"@graph\":[{\"@type\":\"Article\",\"@id\":\"https:\/\/www.tunews24.it\/ilcorrieredellaprovincia\/2019\/07\/04\/minacce-violenze-e-incendi-fermati-due-cassinati\/#article\",\"isPartOf\":{\"@id\":\"https:\/\/www.tunews24.it\/ilcorrieredellaprovincia\/2019\/07\/04\/minacce-violenze-e-incendi-fermati-due-cassinati\/\"},\"author\":{\"name\":\"Redazione\",\"@id\":\"https:\/\/www.tunews24.it\/ilcorrieredellaprovincia\/#\/schema\/person\/6d7f0a9120d0c03d0c552e9fdf49ed7d\"},\"headline\":\"Minacce, violenze e incendi: fermati due cassinati\",\"datePublished\":\"2019-07-04T11:21:32+00:00\",\"dateModified\":\"2019-07-05T12:01:22+00:00\",\"mainEntityOfPage\":{\"@id\":\"https:\/\/www.tunews24.it\/ilcorrieredellaprovincia\/2019\/07\/04\/minacce-violenze-e-incendi-fermati-due-cassinati\/\"},\"wordCount\":347,\"commentCount\":0,\"publisher\":{\"@id\":\"https:\/\/www.tunews24.it\/ilcorrieredellaprovincia\/#organization\"},\"image\":{\"@id\":\"https:\/\/www.tunews24.it\/ilcorrieredellaprovincia\/2019\/07\/04\/minacce-violenze-e-incendi-fermati-due-cassinati\/#primaryimage\"},\"thumbnailUrl\":\"https:\/\/www.tunews24.it\/ilcorrieredellaprovincia\/wp-content\/uploads\/sites\/2\/2019\/02\/sede-carabinieri-cassino-e1551112548635.jpg\",\"keywords\":[\"arma da fuoco\",\"bottiglia incendiaria\",\"carabinieri\",\"Cassino\",\"danneggiamento\",\"estorsione\",\"fermo di indiziato di delitto\",\"incendio\",\"lesioni\",\"minacce\",\"procura\",\"ricercati\",\"violenza\"],\"articleSection\":[\"*SLIDE*\",\"Cronaca\"],\"inLanguage\":\"it-IT\",\"potentialAction\":[{\"@type\":\"CommentAction\",\"name\":\"Comment\",\"target\":[\"https:\/\/www.tunews24.it\/ilcorrieredellaprovincia\/2019\/07\/04\/minacce-violenze-e-incendi-fermati-due-cassinati\/#respond\"]}]},{\"@type\":\"WebPage\",\"@id\":\"https:\/\/www.tunews24.it\/ilcorrieredellaprovincia\/2019\/07\/04\/minacce-violenze-e-incendi-fermati-due-cassinati\/\",\"url\":\"https:\/\/www.tunews24.it\/ilcorrieredellaprovincia\/2019\/07\/04\/minacce-violenze-e-incendi-fermati-due-cassinati\/\",\"name\":\"Minacce, violenze e incendi: fermati due cassinati - IlCorriereDellaProvincia.it - News h24 e notizie di approfondimento\",\"isPartOf\":{\"@id\":\"https:\/\/www.tunews24.it\/ilcorrieredellaprovincia\/#website\"},\"primaryImageOfPage\":{\"@id\":\"https:\/\/www.tunews24.it\/ilcorrieredellaprovincia\/2019\/07\/04\/minacce-violenze-e-incendi-fermati-due-cassinati\/#primaryimage\"},\"image\":{\"@id\":\"https:\/\/www.tunews24.it\/ilcorrieredellaprovincia\/2019\/07\/04\/minacce-violenze-e-incendi-fermati-due-cassinati\/#primaryimage\"},\"thumbnailUrl\":\"https:\/\/www.tunews24.it\/ilcorrieredellaprovincia\/wp-content\/uploads\/sites\/2\/2019\/02\/sede-carabinieri-cassino-e1551112548635.jpg\",\"datePublished\":\"2019-07-04T11:21:32+00:00\",\"dateModified\":\"2019-07-05T12:01:22+00:00\",\"description\":\"Una lunga scia di minacce, violenze, danneggiamenti e incendi dolosi per farsi saldare un debito. Dopo giorni di ricerche sono stati fermati due cassinati\",\"breadcrumb\":{\"@id\":\"https:\/\/www.tunews24.it\/ilcorrieredellaprovincia\/2019\/07\/04\/minacce-violenze-e-incendi-fermati-due-cassinati\/#breadcrumb\"},\"inLanguage\":\"it-IT\",\"potentialAction\":[{\"@type\":\"ReadAction\",\"target\":[\"https:\/\/www.tunews24.it\/ilcorrieredellaprovincia\/2019\/07\/04\/minacce-violenze-e-incendi-fermati-due-cassinati\/\"]}]},{\"@type\":\"ImageObject\",\"inLanguage\":\"it-IT\",\"@id\":\"https:\/\/www.tunews24.it\/ilcorrieredellaprovincia\/2019\/07\/04\/minacce-violenze-e-incendi-fermati-due-cassinati\/#primaryimage\",\"url\":\"https:\/\/www.tunews24.it\/ilcorrieredellaprovincia\/wp-content\/uploads\/sites\/2\/2019\/02\/sede-carabinieri-cassino-e1551112548635.jpg\",\"contentUrl\":\"https:\/\/www.tunews24.it\/ilcorrieredellaprovincia\/wp-content\/uploads\/sites\/2\/2019\/02\/sede-carabinieri-cassino-e1551112548635.jpg\",\"width\":632,\"height\":356,\"caption\":\"La sede della Compagnia Carabinieri di Cassino in via Guglielmo Marconi 45\"},{\"@type\":\"BreadcrumbList\",\"@id\":\"https:\/\/www.tunews24.it\/ilcorrieredellaprovincia\/2019\/07\/04\/minacce-violenze-e-incendi-fermati-due-cassinati\/#breadcrumb\",\"itemListElement\":[{\"@type\":\"ListItem\",\"position\":1,\"name\":\"Home\",\"item\":\"https:\/\/www.tunews24.it\/ilcorrieredellaprovincia\/\"},{\"@type\":\"ListItem\",\"position\":2,\"name\":\"Minacce, violenze e incendi: fermati due cassinati\"}]},{\"@type\":\"WebSite\",\"@id\":\"https:\/\/www.tunews24.it\/ilcorrieredellaprovincia\/#website\",\"url\":\"https:\/\/www.tunews24.it\/ilcorrieredellaprovincia\/\",\"name\":\"Il Corriere Delle Provincia\",\"description\":\"IlCorriereDellaProvincia.it, quotidiano web di politica, cronaca, inchiesta, lavoro, scuola, turismo, cultura e spettacolo, economia e finanza, salute e benessere. Approfondimenti e notizie aggiornate con foto e video della provincia di Frosinone ma anche news nazionali, dell\u2019Italia e del Mondo.\",\"publisher\":{\"@id\":\"https:\/\/www.tunews24.it\/ilcorrieredellaprovincia\/#organization\"},\"potentialAction\":[{\"@type\":\"SearchAction\",\"target\":{\"@type\":\"EntryPoint\",\"urlTemplate\":\"https:\/\/www.tunews24.it\/ilcorrieredellaprovincia\/?s={search_term_string}\"},\"query-input\":{\"@type\":\"PropertyValueSpecification\",\"valueRequired\":true,\"valueName\":\"search_term_string\"}}],\"inLanguage\":\"it-IT\"},{\"@type\":\"Organization\",\"@id\":\"https:\/\/www.tunews24.it\/ilcorrieredellaprovincia\/#organization\",\"name\":\"Globalpress s.r.l.\",\"url\":\"https:\/\/www.tunews24.it\/ilcorrieredellaprovincia\/\",\"logo\":{\"@type\":\"ImageObject\",\"inLanguage\":\"it-IT\",\"@id\":\"https:\/\/www.tunews24.it\/ilcorrieredellaprovincia\/#\/schema\/logo\/image\/\",\"url\":\"https:\/\/www.tunews24.it\/ilcorrieredellaprovincia\/wp-content\/uploads\/sites\/2\/2022\/11\/cropped-il-corriere-della-provincia-testata-web-scontornata.png\",\"contentUrl\":\"https:\/\/www.tunews24.it\/ilcorrieredellaprovincia\/wp-content\/uploads\/sites\/2\/2022\/11\/cropped-il-corriere-della-provincia-testata-web-scontornata.png\",\"width\":2911,\"height\":717,\"caption\":\"Globalpress s.r.l.\"},\"image\":{\"@id\":\"https:\/\/www.tunews24.it\/ilcorrieredellaprovincia\/#\/schema\/logo\/image\/\"}},{\"@type\":\"Person\",\"@id\":\"https:\/\/www.tunews24.it\/ilcorrieredellaprovincia\/#\/schema\/person\/6d7f0a9120d0c03d0c552e9fdf49ed7d\",\"name\":\"Redazione\",\"image\":{\"@type\":\"ImageObject\",\"inLanguage\":\"it-IT\",\"@id\":\"https:\/\/www.tunews24.it\/ilcorrieredellaprovincia\/#\/schema\/person\/image\/\",\"url\":\"https:\/\/secure.gravatar.com\/avatar\/b20622a119cb3fa611b12e3ef009da26?s=96&d=mm&r=g\",\"contentUrl\":\"https:\/\/secure.gravatar.com\/avatar\/b20622a119cb3fa611b12e3ef009da26?s=96&d=mm&r=g\",\"caption\":\"Redazione\"},\"description\":\"SEGUICI ANCHE SUI SOCIAL Facebook: TuNews24 e TuSport24 Instagram: TuNews24 e TuSport24 Youtube: TuNews24 Telegram: TuNews24 Puoi leggerci anche in formato cartaceo: il settimanale viene pubblicato e distribuito gratuitamente ogni venerd\u00ec in edicole, bar, centri commerciali e svariati esercizi. Ma \u00e8 possibile anche sfogliarlo comodamente online, cliccando su TU NEWS sfogliabile TU NEWS, PASSIONE PER L\u2019INFORMAZIONE\",\"sameAs\":[\"http:\/\/www.tunews24.it\",\"www.facebook.com\/tunews24\"],\"url\":\"https:\/\/www.tunews24.it\/ilcorrieredellaprovincia\/author\/senzafirma\/\"}]}<\/script>\n<!-- \/ Yoast SEO plugin. -->","yoast_head_json":{"title":"Minacce, violenze e incendi: fermati due cassinati - IlCorriereDellaProvincia.it - News h24 e notizie di approfondimento","description":"Una lunga scia di minacce, violenze, danneggiamenti e incendi dolosi per farsi saldare un debito. Dopo giorni di ricerche sono stati fermati due cassinati","robots":{"index":"index","follow":"follow","max-snippet":"max-snippet:-1","max-image-preview":"max-image-preview:large","max-video-preview":"max-video-preview:-1"},"canonical":"https:\/\/www.tunews24.it\/ilcorrieredellaprovincia\/2019\/07\/04\/minacce-violenze-e-incendi-fermati-due-cassinati\/","og_locale":"it_IT","og_type":"article","og_title":"Minacce, violenze e incendi: fermati due cassinati - IlCorriereDellaProvincia.it - News h24 e notizie di approfondimento","og_description":"Una lunga scia di minacce, violenze, danneggiamenti e incendi dolosi per farsi saldare un debito. Dopo giorni di ricerche sono stati fermati due cassinati","og_url":"https:\/\/www.tunews24.it\/ilcorrieredellaprovincia\/2019\/07\/04\/minacce-violenze-e-incendi-fermati-due-cassinati\/","og_site_name":"IlCorriereDellaProvincia.it - News h24 e notizie di approfondimento","article_author":"www.facebook.com\/tunews24","article_published_time":"2019-07-04T11:21:32+00:00","article_modified_time":"2019-07-05T12:01:22+00:00","og_image":[{"width":632,"height":356,"url":"https:\/\/www.tunews24.it\/ilcorrieredellaprovincia\/wp-content\/uploads\/sites\/2\/2019\/02\/sede-carabinieri-cassino-e1551112548635.jpg","type":"image\/jpeg"}],"author":"Redazione","twitter_card":"summary_large_image","twitter_misc":{"Scritto da":"Redazione","Tempo di lettura stimato":"2 minuti"},"schema":{"@context":"https:\/\/schema.org","@graph":[{"@type":"Article","@id":"https:\/\/www.tunews24.it\/ilcorrieredellaprovincia\/2019\/07\/04\/minacce-violenze-e-incendi-fermati-due-cassinati\/#article","isPartOf":{"@id":"https:\/\/www.tunews24.it\/ilcorrieredellaprovincia\/2019\/07\/04\/minacce-violenze-e-incendi-fermati-due-cassinati\/"},"author":{"name":"Redazione","@id":"https:\/\/www.tunews24.it\/ilcorrieredellaprovincia\/#\/schema\/person\/6d7f0a9120d0c03d0c552e9fdf49ed7d"},"headline":"Minacce, violenze e incendi: fermati due cassinati","datePublished":"2019-07-04T11:21:32+00:00","dateModified":"2019-07-05T12:01:22+00:00","mainEntityOfPage":{"@id":"https:\/\/www.tunews24.it\/ilcorrieredellaprovincia\/2019\/07\/04\/minacce-violenze-e-incendi-fermati-due-cassinati\/"},"wordCount":347,"commentCount":0,"publisher":{"@id":"https:\/\/www.tunews24.it\/ilcorrieredellaprovincia\/#organization"},"image":{"@id":"https:\/\/www.tunews24.it\/ilcorrieredellaprovincia\/2019\/07\/04\/minacce-violenze-e-incendi-fermati-due-cassinati\/#primaryimage"},"thumbnailUrl":"https:\/\/www.tunews24.it\/ilcorrieredellaprovincia\/wp-content\/uploads\/sites\/2\/2019\/02\/sede-carabinieri-cassino-e1551112548635.jpg","keywords":["arma da fuoco","bottiglia incendiaria","carabinieri","Cassino","danneggiamento","estorsione","fermo di indiziato di delitto","incendio","lesioni","minacce","procura","ricercati","violenza"],"articleSection":["*SLIDE*","Cronaca"],"inLanguage":"it-IT","potentialAction":[{"@type":"CommentAction","name":"Comment","target":["https:\/\/www.tunews24.it\/ilcorrieredellaprovincia\/2019\/07\/04\/minacce-violenze-e-incendi-fermati-due-cassinati\/#respond"]}]},{"@type":"WebPage","@id":"https:\/\/www.tunews24.it\/ilcorrieredellaprovincia\/2019\/07\/04\/minacce-violenze-e-incendi-fermati-due-cassinati\/","url":"https:\/\/www.tunews24.it\/ilcorrieredellaprovincia\/2019\/07\/04\/minacce-violenze-e-incendi-fermati-due-cassinati\/","name":"Minacce, violenze e incendi: fermati due cassinati - IlCorriereDellaProvincia.it - News h24 e notizie di approfondimento","isPartOf":{"@id":"https:\/\/www.tunews24.it\/ilcorrieredellaprovincia\/#website"},"primaryImageOfPage":{"@id":"https:\/\/www.tunews24.it\/ilcorrieredellaprovincia\/2019\/07\/04\/minacce-violenze-e-incendi-fermati-due-cassinati\/#primaryimage"},"image":{"@id":"https:\/\/www.tunews24.it\/ilcorrieredellaprovincia\/2019\/07\/04\/minacce-violenze-e-incendi-fermati-due-cassinati\/#primaryimage"},"thumbnailUrl":"https:\/\/www.tunews24.it\/ilcorrieredellaprovincia\/wp-content\/uploads\/sites\/2\/2019\/02\/sede-carabinieri-cassino-e1551112548635.jpg","datePublished":"2019-07-04T11:21:32+00:00","dateModified":"2019-07-05T12:01:22+00:00","description":"Una lunga scia di minacce, violenze, danneggiamenti e incendi dolosi per farsi saldare un debito. Dopo giorni di ricerche sono stati fermati due cassinati","breadcrumb":{"@id":"https:\/\/www.tunews24.it\/ilcorrieredellaprovincia\/2019\/07\/04\/minacce-violenze-e-incendi-fermati-due-cassinati\/#breadcrumb"},"inLanguage":"it-IT","potentialAction":[{"@type":"ReadAction","target":["https:\/\/www.tunews24.it\/ilcorrieredellaprovincia\/2019\/07\/04\/minacce-violenze-e-incendi-fermati-due-cassinati\/"]}]},{"@type":"ImageObject","inLanguage":"it-IT","@id":"https:\/\/www.tunews24.it\/ilcorrieredellaprovincia\/2019\/07\/04\/minacce-violenze-e-incendi-fermati-due-cassinati\/#primaryimage","url":"https:\/\/www.tunews24.it\/ilcorrieredellaprovincia\/wp-content\/uploads\/sites\/2\/2019\/02\/sede-carabinieri-cassino-e1551112548635.jpg","contentUrl":"https:\/\/www.tunews24.it\/ilcorrieredellaprovincia\/wp-content\/uploads\/sites\/2\/2019\/02\/sede-carabinieri-cassino-e1551112548635.jpg","width":632,"height":356,"caption":"La sede della Compagnia Carabinieri di Cassino in via Guglielmo Marconi 45"},{"@type":"BreadcrumbList","@id":"https:\/\/www.tunews24.it\/ilcorrieredellaprovincia\/2019\/07\/04\/minacce-violenze-e-incendi-fermati-due-cassinati\/#breadcrumb","itemListElement":[{"@type":"ListItem","position":1,"name":"Home","item":"https:\/\/www.tunews24.it\/ilcorrieredellaprovincia\/"},{"@type":"ListItem","position":2,"name":"Minacce, violenze e incendi: fermati due cassinati"}]},{"@type":"WebSite","@id":"https:\/\/www.tunews24.it\/ilcorrieredellaprovincia\/#website","url":"https:\/\/www.tunews24.it\/ilcorrieredellaprovincia\/","name":"Il Corriere Delle Provincia","description":"IlCorriereDellaProvincia.it, quotidiano web di politica, cronaca, inchiesta, lavoro, scuola, turismo, cultura e spettacolo, economia e finanza, salute e benessere. Approfondimenti e notizie aggiornate con foto e video della provincia di Frosinone ma anche news nazionali, dell\u2019Italia e del Mondo.","publisher":{"@id":"https:\/\/www.tunews24.it\/ilcorrieredellaprovincia\/#organization"},"potentialAction":[{"@type":"SearchAction","target":{"@type":"EntryPoint","urlTemplate":"https:\/\/www.tunews24.it\/ilcorrieredellaprovincia\/?s={search_term_string}"},"query-input":{"@type":"PropertyValueSpecification","valueRequired":true,"valueName":"search_term_string"}}],"inLanguage":"it-IT"},{"@type":"Organization","@id":"https:\/\/www.tunews24.it\/ilcorrieredellaprovincia\/#organization","name":"Globalpress s.r.l.","url":"https:\/\/www.tunews24.it\/ilcorrieredellaprovincia\/","logo":{"@type":"ImageObject","inLanguage":"it-IT","@id":"https:\/\/www.tunews24.it\/ilcorrieredellaprovincia\/#\/schema\/logo\/image\/","url":"https:\/\/www.tunews24.it\/ilcorrieredellaprovincia\/wp-content\/uploads\/sites\/2\/2022\/11\/cropped-il-corriere-della-provincia-testata-web-scontornata.png","contentUrl":"https:\/\/www.tunews24.it\/ilcorrieredellaprovincia\/wp-content\/uploads\/sites\/2\/2022\/11\/cropped-il-corriere-della-provincia-testata-web-scontornata.png","width":2911,"height":717,"caption":"Globalpress s.r.l."},"image":{"@id":"https:\/\/www.tunews24.it\/ilcorrieredellaprovincia\/#\/schema\/logo\/image\/"}},{"@type":"Person","@id":"https:\/\/www.tunews24.it\/ilcorrieredellaprovincia\/#\/schema\/person\/6d7f0a9120d0c03d0c552e9fdf49ed7d","name":"Redazione","image":{"@type":"ImageObject","inLanguage":"it-IT","@id":"https:\/\/www.tunews24.it\/ilcorrieredellaprovincia\/#\/schema\/person\/image\/","url":"https:\/\/secure.gravatar.com\/avatar\/b20622a119cb3fa611b12e3ef009da26?s=96&d=mm&r=g","contentUrl":"https:\/\/secure.gravatar.com\/avatar\/b20622a119cb3fa611b12e3ef009da26?s=96&d=mm&r=g","caption":"Redazione"},"description":"SEGUICI ANCHE SUI SOCIAL Facebook: TuNews24 e TuSport24 Instagram: TuNews24 e TuSport24 Youtube: TuNews24 Telegram: TuNews24 Puoi leggerci anche in formato cartaceo: il settimanale viene pubblicato e distribuito gratuitamente ogni venerd\u00ec in edicole, bar, centri commerciali e svariati esercizi. Ma \u00e8 possibile anche sfogliarlo comodamente online, cliccando su TU NEWS sfogliabile TU NEWS, PASSIONE PER L\u2019INFORMAZIONE","sameAs":["http:\/\/www.tunews24.it","www.facebook.com\/tunews24"],"url":"https:\/\/www.tunews24.it\/ilcorrieredellaprovincia\/author\/senzafirma\/"}]}},"_links":{"self":[{"href":"https:\/\/www.tunews24.it\/ilcorrieredellaprovincia\/wp-json\/wp\/v2\/posts\/14287","targetHints":{"allow":["GET"]}}],"collection":[{"href":"https:\/\/www.tunews24.it\/ilcorrieredellaprovincia\/wp-json\/wp\/v2\/posts"}],"about":[{"href":"https:\/\/www.tunews24.it\/ilcorrieredellaprovincia\/wp-json\/wp\/v2\/types\/post"}],"author":[{"embeddable":true,"href":"https:\/\/www.tunews24.it\/ilcorrieredellaprovincia\/wp-json\/wp\/v2\/users\/18"}],"replies":[{"embeddable":true,"href":"https:\/\/www.tunews24.it\/ilcorrieredellaprovincia\/wp-json\/wp\/v2\/comments?post=14287"}],"version-history":[{"count":1,"href":"https:\/\/www.tunews24.it\/ilcorrieredellaprovincia\/wp-json\/wp\/v2\/posts\/14287\/revisions"}],"predecessor-version":[{"id":14289,"href":"https:\/\/www.tunews24.it\/ilcorrieredellaprovincia\/wp-json\/wp\/v2\/posts\/14287\/revisions\/14289"}],"wp:featuredmedia":[{"embeddable":true,"href":"https:\/\/www.tunews24.it\/ilcorrieredellaprovincia\/wp-json\/wp\/v2\/media\/7233"}],"wp:attachment":[{"href":"https:\/\/www.tunews24.it\/ilcorrieredellaprovincia\/wp-json\/wp\/v2\/media?parent=14287"}],"wp:term":[{"taxonomy":"category","embeddable":true,"href":"https:\/\/www.tunews24.it\/ilcorrieredellaprovincia\/wp-json\/wp\/v2\/categories?post=14287"},{"taxonomy":"post_tag","embeddable":true,"href":"https:\/\/www.tunews24.it\/ilcorrieredellaprovincia\/wp-json\/wp\/v2\/tags?post=14287"}],"curies":[{"name":"wp","href":"https:\/\/api.w.org\/{rel}","templated":true}]}}